{"id":9815,"date":"2015-08-25T10:48:39","date_gmt":"2015-08-25T13:48:39","guid":{"rendered":"http:\/\/jornalcontato.com.br\/home\/?p=9815"},"modified":"2015-10-10T09:45:34","modified_gmt":"2015-10-10T12:45:34","slug":"taubate-folclorica-se-nao-fosse-tragica","status":"publish","type":"post","link":"https:\/\/www.jornalcontato.com.br\/home\/index.php\/taubate-folclorica-se-nao-fosse-tragica\/","title":{"rendered":"Taubat\u00e9 folcl\u00f3rica, se n\u00e3o fosse tr\u00e1gica"},"content":{"rendered":"<p>No Mercado Municipal, no domingo, 23, pela manh\u00e3, um trabalhador teve seu peruzinho apreendido por fiscais da Prefeitura com ajuda de policiais militares porque transportava uma por\u00e7\u00e3o de&#8230; JABOTICABA. <!--more-->Isso mesmo, acomodada no fundo daquele carrinho manual com apenas uma roda, o peruzinho. O trabalhador foi amea\u00e7ado e seu instrumento de trabalho apreendido. Veja o v\u00eddeo <a href=\"https:\/\/www.facebook.com\/alexandre.henrique.7393\/videos\/824304641018227\" target=\"_blank\">AQUI<\/a>.<\/p>\n<p>Hoje, ter\u00e7a-feira, 25, por volta das 10h:00, na avenida Professora Escol\u00e1stica Maria de Jesus, que liga o Mercatau \u00e0 rodovia Oswaldo Cruz, um caminh\u00e3o com uma enorme carreta com seis eixos manobrava para entrar em uma oficina, invadindo as duas pistas da avenida, destruindo o canteiro central, sem ser importunado por ningu\u00e9m.<br \/>\nIsto \u00e9 Taubat\u00e9!<\/p>\n<p>&nbsp;<\/p>\n<p><a href=\"http:\/\/jornalcontato.com.br\/home\/wp-content\/uploads\/2015\/08\/DSC_16392.jpg\"><img loading=\"lazy\" decoding=\"async\" class=\"size-full wp-image-9818 aligncenter\" title=\"\" src=\"http:\/\/jornalcontato.com.br\/home\/wp-content\/uploads\/2015\/08\/DSC_16392.jpg\" alt=\"\" width=\"650\" height=\"432\" srcset=\"https:\/\/jornalcontato.com.br\/home\/wp-content\/uploads\/2015\/08\/DSC_16392.jpg 650w, https:\/\/jornalcontato.com.br\/home\/wp-content\/uploads\/2015\/08\/DSC_16392-300x199.jpg 300w\" sizes=\"auto, (max-width: 650px) 100vw, 650px\" \/><\/a><\/p>\n<p><a href=\"http:\/\/jornalcontato.com.br\/home\/wp-content\/uploads\/2015\/08\/DSC_16422.jpg\"><img loading=\"lazy\" decoding=\"async\" class=\"size-full wp-image-9819 aligncenter\" title=\"DSC_16422\" src=\"http:\/\/jornalcontato.com.br\/home\/wp-content\/uploads\/2015\/08\/DSC_16422.jpg\" alt=\"\" width=\"650\" height=\"432\" srcset=\"https:\/\/jornalcontato.com.br\/home\/wp-content\/uploads\/2015\/08\/DSC_16422.jpg 650w, https:\/\/jornalcontato.com.br\/home\/wp-content\/uploads\/2015\/08\/DSC_16422-300x199.jpg 300w\" sizes=\"auto, (max-width: 650px) 100vw, 650px\" \/><\/a><\/p>\n<p><a href=\"http:\/\/jornalcontato.com.br\/home\/wp-content\/uploads\/2015\/08\/apreensao01.jpg\"><img loading=\"lazy\" decoding=\"async\" class=\"size-full wp-image-9820 aligncenter\" title=\"\" src=\"http:\/\/jornalcontato.com.br\/home\/wp-content\/uploads\/2015\/08\/apreensao01.jpg\" alt=\"\" width=\"650\" height=\"304\" srcset=\"https:\/\/jornalcontato.com.br\/home\/wp-content\/uploads\/2015\/08\/apreensao01.jpg 650w, https:\/\/jornalcontato.com.br\/home\/wp-content\/uploads\/2015\/08\/apreensao01-300x140.jpg 300w\" sizes=\"auto, (max-width: 650px) 100vw, 650px\" \/><\/a><\/p>\n<p><a href=\"http:\/\/jornalcontato.com.br\/home\/wp-content\/uploads\/2015\/08\/apreensao02.jpg\"><img loading=\"lazy\" decoding=\"async\" class=\"size-full wp-image-9821 aligncenter\" title=\"\" src=\"http:\/\/jornalcontato.com.br\/home\/wp-content\/uploads\/2015\/08\/apreensao02.jpg\" alt=\"\" width=\"650\" height=\"304\" srcset=\"https:\/\/jornalcontato.com.br\/home\/wp-content\/uploads\/2015\/08\/apreensao02.jpg 650w, https:\/\/jornalcontato.com.br\/home\/wp-content\/uploads\/2015\/08\/apreensao02-300x140.jpg 300w\" sizes=\"auto, (max-width: 650px) 100vw, 650px\" \/><\/a><\/p>\n","protected":false},"excerpt":{"rendered":"<p>No Mercado Municipal, no domingo, 23, pela manh\u00e3, um trabalhador teve seu peruzinho apreendido por fiscais da Prefeitura com ajuda de policiais militares porque transportava &#8230;<\/p>\n","protected":false},"author":1,"featured_media":9816,"comment_status":"open","ping_status":"open","sticky":false,"template":"","format":"standard","meta":{"footnotes":""},"categories":[7],"tags":[],"class_list":["post-9815","post","type-post","status-publish","format-standard","has-post-thumbnail","hentry","category-reportagem"],"_links":{"self":[{"href":"https:\/\/www.jornalcontato.com.br\/home\/index.php\/wp-json\/wp\/v2\/posts\/9815","targetHints":{"allow":["GET"]}}],"collection":[{"href":"https:\/\/www.jornalcontato.com.br\/home\/index.php\/wp-json\/wp\/v2\/posts"}],"about":[{"href":"https:\/\/www.jornalcontato.com.br\/home\/index.php\/wp-json\/wp\/v2\/types\/post"}],"author":[{"embeddable":true,"href":"https:\/\/www.jornalcontato.com.br\/home\/index.php\/wp-json\/wp\/v2\/users\/1"}],"replies":[{"embeddable":true,"href":"https:\/\/www.jornalcontato.com.br\/home\/index.php\/wp-json\/wp\/v2\/comments?post=9815"}],"version-history":[{"count":5,"href":"https:\/\/www.jornalcontato.com.br\/home\/index.php\/wp-json\/wp\/v2\/posts\/9815\/revisions"}],"predecessor-version":[{"id":9823,"href":"https:\/\/www.jornalcontato.com.br\/home\/index.php\/wp-json\/wp\/v2\/posts\/9815\/revisions\/9823"}],"wp:featuredmedia":[{"embeddable":true,"href":"https:\/\/www.jornalcontato.com.br\/home\/index.php\/wp-json\/wp\/v2\/media\/9816"}],"wp:attachment":[{"href":"https:\/\/www.jornalcontato.com.br\/home\/index.php\/wp-json\/wp\/v2\/media?parent=9815"}],"wp:term":[{"taxonomy":"category","embeddable":true,"href":"https:\/\/www.jornalcontato.com.br\/home\/index.php\/wp-json\/wp\/v2\/categories?post=9815"},{"taxonomy":"post_tag","embeddable":true,"href":"https:\/\/www.jornalcontato.com.br\/home\/index.php\/wp-json\/wp\/v2\/tags?post=9815"}],"curies":[{"name":"wp","href":"https:\/\/api.w.org\/{rel}","templated":true}]}}