{"id":977,"date":"2012-03-05T14:22:26","date_gmt":"2012-03-05T17:22:26","guid":{"rendered":"http:\/\/jornalcontato.com.br\/home\/?p=977"},"modified":"2012-08-20T14:22:58","modified_gmt":"2012-08-20T17:22:58","slug":"pmdb-adair-ou-anthero","status":"publish","type":"post","link":"https:\/\/www.jornalcontato.com.br\/home\/index.php\/pmdb-adair-ou-anthero\/","title":{"rendered":"PMDB: Adair ou Anthero?"},"content":{"rendered":"<p>A dire\u00e7\u00e3o do PMDB encontra-se reunida para decidir quem ser\u00e1 ungido candidato a prefeito da sigla nas elei\u00e7\u00f5es de outubro. Nossa reportagem apurou que s\u00f3 hoje, segunda-feira, 5, o prefeito Roberto Peixoto informou a dire\u00e7\u00e3o do partido que o advogado e secret\u00e1rio de Assuntos Jur\u00eddicos, Anthero Mendes Pereira J\u00fanior, \u00e9 o seu candidato preferido. Ary Kara, coordenador regional do PMDB diz: &#8220;N\u00f3s vamos defender com for\u00e7a o nome de Adair Loredo&#8221;. Mas a solu\u00e7\u00e3o definitiva poder\u00e1 sair s\u00f3 na quarta ou quinta-feira.<\/p>\n","protected":false},"excerpt":{"rendered":"<p>A dire\u00e7\u00e3o do PMDB encontra-se reunida para decidir quem ser\u00e1 ungido candidato a prefeito da sigla nas elei\u00e7\u00f5es de outubro. Nossa reportagem apurou que s\u00f3 &#8230;<\/p>\n","protected":false},"author":1,"featured_media":0,"comment_status":"open","ping_status":"open","sticky":false,"template":"","format":"standard","meta":{"footnotes":""},"categories":[7],"tags":[],"class_list":["post-977","post","type-post","status-publish","format-standard","hentry","category-reportagem"],"_links":{"self":[{"href":"https:\/\/www.jornalcontato.com.br\/home\/index.php\/wp-json\/wp\/v2\/posts\/977","targetHints":{"allow":["GET"]}}],"collection":[{"href":"https:\/\/www.jornalcontato.com.br\/home\/index.php\/wp-json\/wp\/v2\/posts"}],"about":[{"href":"https:\/\/www.jornalcontato.com.br\/home\/index.php\/wp-json\/wp\/v2\/types\/post"}],"author":[{"embeddable":true,"href":"https:\/\/www.jornalcontato.com.br\/home\/index.php\/wp-json\/wp\/v2\/users\/1"}],"replies":[{"embeddable":true,"href":"https:\/\/www.jornalcontato.com.br\/home\/index.php\/wp-json\/wp\/v2\/comments?post=977"}],"version-history":[{"count":1,"href":"https:\/\/www.jornalcontato.com.br\/home\/index.php\/wp-json\/wp\/v2\/posts\/977\/revisions"}],"predecessor-version":[{"id":978,"href":"https:\/\/www.jornalcontato.com.br\/home\/index.php\/wp-json\/wp\/v2\/posts\/977\/revisions\/978"}],"wp:attachment":[{"href":"https:\/\/www.jornalcontato.com.br\/home\/index.php\/wp-json\/wp\/v2\/media?parent=977"}],"wp:term":[{"taxonomy":"category","embeddable":true,"href":"https:\/\/www.jornalcontato.com.br\/home\/index.php\/wp-json\/wp\/v2\/categories?post=977"},{"taxonomy":"post_tag","embeddable":true,"href":"https:\/\/www.jornalcontato.com.br\/home\/index.php\/wp-json\/wp\/v2\/tags?post=977"}],"curies":[{"name":"wp","href":"https:\/\/api.w.org\/{rel}","templated":true}]}}