{"id":965,"date":"2012-02-28T14:15:22","date_gmt":"2012-02-28T17:15:22","guid":{"rendered":"http:\/\/jornalcontato.com.br\/home\/?p=965"},"modified":"2012-08-20T14:15:46","modified_gmt":"2012-08-20T17:15:46","slug":"o-combalido-social-em-taubate","status":"publish","type":"post","link":"https:\/\/www.jornalcontato.com.br\/home\/index.php\/o-combalido-social-em-taubate\/","title":{"rendered":"O combalido social em Taubat\u00e9"},"content":{"rendered":"<p> A Defensoria P\u00fablica ajuizou uma A\u00e7\u00e3o Civil P\u00fablica para a implementa\u00e7\u00e3o na terra de Lobato de um sistema de assist\u00eancia e promo\u00e7\u00e3o social em conson\u00e2ncia com as normas federais do SUAS (Sistema \u00danico de Assist\u00eancia Social). Ou seja, a assist\u00eancia social deve ser estruturada atrav\u00e9s de CRAS (Centro de Refer\u00eancia de Assist\u00eancia Social) e do CREAS (Centro de Refer\u00eancia Especializada em Assist\u00eancia Social).<br \/>\nA falta de obedi\u00eancia a esses par\u00e2metros j\u00e1 fez com que Taubat\u00e9 perdesse verbas estadual e federal para investir na combalida \u00e1rea social. A a\u00e7\u00e3o judicial obriga o munic\u00edpio a fornecer um plano de estrutura\u00e7\u00e3o da rede municipal de assist\u00eancia social de acordo com a lei dentro de 90 dias. Para o Defensor P\u00fablico Wagner Giron, autor da a\u00e7\u00e3o, a aus\u00eancia de um sistema de assist\u00eancia e promo\u00e7\u00e3o social adequado contribui para o \u00edndice de viol\u00eancia na cidade.<\/p>\n","protected":false},"excerpt":{"rendered":"<p>A Defensoria P\u00fablica ajuizou uma A\u00e7\u00e3o Civil P\u00fablica para a implementa\u00e7\u00e3o na terra de Lobato de um sistema de assist\u00eancia e promo\u00e7\u00e3o social em conson\u00e2ncia &#8230;<\/p>\n","protected":false},"author":1,"featured_media":0,"comment_status":"open","ping_status":"open","sticky":false,"template":"","format":"standard","meta":{"footnotes":""},"categories":[7],"tags":[],"class_list":["post-965","post","type-post","status-publish","format-standard","hentry","category-reportagem"],"_links":{"self":[{"href":"https:\/\/www.jornalcontato.com.br\/home\/index.php\/wp-json\/wp\/v2\/posts\/965","targetHints":{"allow":["GET"]}}],"collection":[{"href":"https:\/\/www.jornalcontato.com.br\/home\/index.php\/wp-json\/wp\/v2\/posts"}],"about":[{"href":"https:\/\/www.jornalcontato.com.br\/home\/index.php\/wp-json\/wp\/v2\/types\/post"}],"author":[{"embeddable":true,"href":"https:\/\/www.jornalcontato.com.br\/home\/index.php\/wp-json\/wp\/v2\/users\/1"}],"replies":[{"embeddable":true,"href":"https:\/\/www.jornalcontato.com.br\/home\/index.php\/wp-json\/wp\/v2\/comments?post=965"}],"version-history":[{"count":1,"href":"https:\/\/www.jornalcontato.com.br\/home\/index.php\/wp-json\/wp\/v2\/posts\/965\/revisions"}],"predecessor-version":[{"id":966,"href":"https:\/\/www.jornalcontato.com.br\/home\/index.php\/wp-json\/wp\/v2\/posts\/965\/revisions\/966"}],"wp:attachment":[{"href":"https:\/\/www.jornalcontato.com.br\/home\/index.php\/wp-json\/wp\/v2\/media?parent=965"}],"wp:term":[{"taxonomy":"category","embeddable":true,"href":"https:\/\/www.jornalcontato.com.br\/home\/index.php\/wp-json\/wp\/v2\/categories?post=965"},{"taxonomy":"post_tag","embeddable":true,"href":"https:\/\/www.jornalcontato.com.br\/home\/index.php\/wp-json\/wp\/v2\/tags?post=965"}],"curies":[{"name":"wp","href":"https:\/\/api.w.org\/{rel}","templated":true}]}}