{"id":9621,"date":"2015-06-03T18:38:36","date_gmt":"2015-06-03T21:38:36","guid":{"rendered":"http:\/\/jornalcontato.com.br\/home\/?p=9621"},"modified":"2015-07-25T22:53:28","modified_gmt":"2015-07-26T01:53:28","slug":"renatinho-pe-quente-teixeira-revela-bastidores-do-ec-taubate","status":"publish","type":"post","link":"https:\/\/www.jornalcontato.com.br\/home\/index.php\/renatinho-pe-quente-teixeira-revela-bastidores-do-ec-taubate\/","title":{"rendered":"Renatinho P\u00e9 Quente Teixeira revela bastidores do EC Taubat\u00e9"},"content":{"rendered":"<p align=\"center\"><strong><em><span style=\"color: #000000; font-size: medium;\">Renatinho P\u00e9 Quente Teixeira fez quest\u00e3o de assistir e torcer pela vit\u00f3ria do Burr\u00e3o, na manh\u00e3 chuvosa de domingo, 31 de maio.\u00a0<\/span><\/em><\/strong><\/p>\n<p><!--more--><\/p>\n<p align=\"center\"><strong><em><span style=\"color: #000000; font-size: medium;\">Embora j\u00e1 estivesse classificado para ascender 2\u00aa Divis\u00e3o, o esporte precisava vencer o Votuporanga por uma diferen\u00e7a de tr\u00eas gols para sagrar-se campe\u00e3oda 3\u00aa Divis\u00e3o. Aos 15 minutos de jogo o placar registrava 2 X 0 para o Taubat\u00e9. Quando o juiz apitou o final da partida o placar registrava 4 X 0. Todos sa\u00edram para o abra\u00e7o, apesar da chuva inclemente. <\/span><\/em><\/strong><strong><em><span style=\"color: #000000; font-size: medium;\">De olho no futuro, o artista revela algumas cenas dos bastidores e d\u00e1 a receita para vencer a segundona. Confira em seu artigo abaixo<\/span><\/em><\/strong><\/p>\n<p align=\"center\"><strong><span style=\"color: #000000;\">URGENTE<\/span><\/strong><\/p>\n<p><span style=\"color: #000000; font-size: medium;\">\u00a0<\/span><span style=\"color: #000000; font-size: medium;\">Ainda comemorando o her\u00f3ico titulo conquistado no \u00faltimo domingo, 31, naquela manh\u00e3 chuvosa, minha cabe\u00e7a n\u00e3o sossega: a \u201cterceirona\u201d se foi e, sinceramente, espero jamais encontr\u00e1-la outra vez pela frente. O que me preocupa e me motiva agora \u00e9 o pr\u00f3ximo passo: a \u201csegundona\u201d! <\/span><\/p>\n<p><span style=\"color: #000000; font-size: medium;\">Quando o ent\u00e3o presidente do Esporte Daniel Ambrogi me convidou para ajudar no que me era poss\u00edvel, tratei logo de chamar Roberto, meu irm\u00e3o, que al\u00e9m de torcedor \u00e9 uma pessoa apta a tratar desses assuntos. O time estava \u201cjogado num canto da sala\u201d. Nosso presidente, no limite psicol\u00f3gico. Sal\u00e1rios atrasados e o desinteresse da cidade criaram um caos deprimente. <a href=\"http:\/\/jornalcontato.com.br\/home\/wp-content\/uploads\/2015\/06\/Renato-entre-Daniel-e-Helinho-.jpg\"><img loading=\"lazy\" decoding=\"async\" class=\"aligncenter size-full wp-image-9624\" title=\"Renato entre Daniel e Helinho\" src=\"http:\/\/jornalcontato.com.br\/home\/wp-content\/uploads\/2015\/06\/Renato-entre-Daniel-e-Helinho-.jpg\" alt=\"\" width=\"576\" height=\"960\" srcset=\"https:\/\/jornalcontato.com.br\/home\/wp-content\/uploads\/2015\/06\/Renato-entre-Daniel-e-Helinho-.jpg 576w, https:\/\/jornalcontato.com.br\/home\/wp-content\/uploads\/2015\/06\/Renato-entre-Daniel-e-Helinho--180x300.jpg 180w\" sizes=\"auto, (max-width: 576px) 100vw, 576px\" \/><\/a><\/span><\/p>\n<p style=\"text-align: center;\">\u00a0Renatinho P\u00e9 Quente entre o ex-presidente do ECT\u00a0Daniel Ambrogi e\u00a0o atual, Helinho Marcondes Neto, em set 2014<\/p>\n<p><span style=\"color: #000000; font-size: medium;\">Eu, Hodges, Abrah\u00e3o, Roberto, Mariah, Maca\u00e9 e Daniel algumas vezes nos reunimos. Com Mariah, desenvolvemos a id\u00e9ia de convidarmos o Mauricio de Souza para desenhar o burrinho, nosso mascote. Esse burrinho vai virar personagem de uma revistinha para ser distribu\u00edda nas escolas municipais. Sua presen\u00e7a em algumas reuni\u00f5es na fun\u00e7\u00e3o de primeira-dama era uma garantia de que o prefeito tamb\u00e9m estava come\u00e7ando a botar f\u00e9. E o burrinho vai cuidar de formar e motivar nossos futuros torcedores. <\/span><\/p>\n<p><span style=\"color: #000000; font-size: medium;\">A primeira pessoa que precis\u00e1vamos trazer para nossos planos era o Junior, nosso prefeito. E ele veio. Seu trabalho no v\u00f4lei n\u00e3o deixava d\u00favidas: ele gosta de promover bons times. <\/span><\/p>\n<p><span style=\"color: #000000; font-size: medium;\">Eu e Roberto fomos visitar Reynaldo [Carneiro Bastos] que acabava de assumir a presid\u00eancia da FPF e \u00e9 tamb\u00e9m um torcedor mais engajado que todos n\u00f3s, por ter sido presidente do Esporte por duas vezes. <\/span><\/p>\n<p><span style=\"color: #000000; font-size: medium;\">Nas vezes em que foi presidente nosso time n\u00e3o esteve bem. Assim que entramos em sua sala percebi uma certa ansiedade nele que parecia dizer: <\/span><span style=\"color: #000000; font-size: medium;\">\u00a0<\/span><\/p>\n<p><span style=\"color: #000000; font-size: medium;\">\u201calguma coisa precisa ser feita pelo Esporte!\u201d Conversamos e falamos dos planos e ele gostou muito. Primeiramente, uma forte dose de motiva\u00e7\u00e3o para podermos come\u00e7ar a sonhar com um clube autossuficiente e que lidere como a equipe representante da nova regi\u00e3o metropolitana que abrange todo o Vale do Paraiba e Litoral Norte. Temos condi\u00e7\u00f5es e temos hist\u00f3ria para pleitearmos isso; e n\u00e3o vamos abrir m\u00e3o dessa prerrogativa. <\/span><\/p>\n<p><span style=\"color: #000000; font-size: medium;\">Haveria uma elei\u00e7\u00e3o logo em seguida \u00e0 reuni\u00e3o com o Reynaldo na Federa\u00e7\u00e3o. Qualquer um dos dois candidatos que vencesse daria o <\/span><em><span style=\"color: #000000; font-size: medium;\">start<\/span><\/em><span style=\"color: #000000; font-size: medium;\">. Come\u00e7ava a surgir um entendimento entre todos, pois ningu\u00e9m queria ver o time t\u00e3o humilhado como estava, principalmente no seu centen\u00e1rio. <\/span><span style=\"color: #000000; font-size: medium;\">\u00a0<\/span><\/p>\n<p><span style=\"color: #000000; font-size: medium;\">Ganhou o Helinho (H\u00e9lio Marcondes Neto) e, a partir da\u00ed, algumas provid\u00eancias come\u00e7aram a ser tomadas. <\/span><\/p>\n<p><span style=\"color: #000000; font-size: medium;\">Junior Ortiz, tamb\u00e9m torcedor celestino, se empolgou e a Prefeitura apoia o time. O Helinho, o Gilsinho nosso diretor de futebol, o Ito nosso t\u00e9cnico e outros companheiros cuidaram do time e o fizeram jogar o jogo dos campe\u00f5es. <\/span><\/p>\n<p><span style=\"color: #000000; font-size: medium;\">Aquela manh\u00e3 de domingo (31 de maio) para mim foi mais que uma manh\u00e3 de t\u00edtulos; ali come\u00e7ou um novo tempo. Para vencer na segunda divis\u00e3o do campeonato paulista, precisamos de um faturamento em torno de R$ 500.000,00 m\u00eas. Podemos conseguir. <\/span><\/p>\n<p><span style=\"color: #000000; font-size: medium;\">Precisamos pagar sal\u00e1rios em dia, fazer contrata\u00e7\u00f5es inteligentes, no tempo certo, e uma comiss\u00e3o t\u00e9cnica prestigiada. Gosto muito do Ito. N\u00e3o entendo sobre t\u00e9cnicas de jogo, mas me parece que nosso time tem um sistema, tem algo combinado e entendido entre eles. <\/span><span style=\"color: #000000; font-size: medium;\">\u00a0<\/span><\/p>\n<p><span style=\"color: #000000; font-size: medium;\">E tamb\u00e9m acho que uma boa parte do nosso elenco est\u00e1 capacitada a estar junto em qualquer empreitada. O time tem garra e demonstrou isso, provou. N\u00e3o vamos esquecer. <a href=\"http:\/\/jornalcontato.com.br\/home\/wp-content\/uploads\/2015\/06\/Renato-e-Lili-recortada.jpg\"><img loading=\"lazy\" decoding=\"async\" class=\"aligncenter size-full wp-image-9625\" title=\"Renato e Lili recortada\" src=\"http:\/\/jornalcontato.com.br\/home\/wp-content\/uploads\/2015\/06\/Renato-e-Lili-recortada.jpg\" alt=\"\" width=\"434\" height=\"511\" srcset=\"https:\/\/jornalcontato.com.br\/home\/wp-content\/uploads\/2015\/06\/Renato-e-Lili-recortada.jpg 434w, https:\/\/jornalcontato.com.br\/home\/wp-content\/uploads\/2015\/06\/Renato-e-Lili-recortada-254x300.jpg 254w\" sizes=\"auto, (max-width: 434px) 100vw, 434px\" \/><\/a>\u00a0<\/span><span style=\"color: #000000; font-size: medium;\">No \u00faltimo domingo, para me garantir, sentei-me ao lado do dr. Jos\u00e9 Rubens Siqueira (\u00e0 direita de malha vermelha) que, al\u00e9m de torcedor fan\u00e1tico do Esporte, tamb\u00e9m \u00e9 um excelente cardiologista!<\/span><\/p>\n","protected":false},"excerpt":{"rendered":"<p>Renatinho P\u00e9 Quente Teixeira fez quest\u00e3o de assistir e torcer pela vit\u00f3ria do Burr\u00e3o, na manh\u00e3 chuvosa de domingo, 31 de maio.\u00a0<\/p>\n","protected":false},"author":1,"featured_media":9622,"comment_status":"open","ping_status":"open","sticky":false,"template":"","format":"standard","meta":{"footnotes":""},"categories":[7],"tags":[],"class_list":["post-9621","post","type-post","status-publish","format-standard","has-post-thumbnail","hentry","category-reportagem"],"_links":{"self":[{"href":"https:\/\/www.jornalcontato.com.br\/home\/index.php\/wp-json\/wp\/v2\/posts\/9621","targetHints":{"allow":["GET"]}}],"collection":[{"href":"https:\/\/www.jornalcontato.com.br\/home\/index.php\/wp-json\/wp\/v2\/posts"}],"about":[{"href":"https:\/\/www.jornalcontato.com.br\/home\/index.php\/wp-json\/wp\/v2\/types\/post"}],"author":[{"embeddable":true,"href":"https:\/\/www.jornalcontato.com.br\/home\/index.php\/wp-json\/wp\/v2\/users\/1"}],"replies":[{"embeddable":true,"href":"https:\/\/www.jornalcontato.com.br\/home\/index.php\/wp-json\/wp\/v2\/comments?post=9621"}],"version-history":[{"count":7,"href":"https:\/\/www.jornalcontato.com.br\/home\/index.php\/wp-json\/wp\/v2\/posts\/9621\/revisions"}],"predecessor-version":[{"id":9750,"href":"https:\/\/www.jornalcontato.com.br\/home\/index.php\/wp-json\/wp\/v2\/posts\/9621\/revisions\/9750"}],"wp:featuredmedia":[{"embeddable":true,"href":"https:\/\/www.jornalcontato.com.br\/home\/index.php\/wp-json\/wp\/v2\/media\/9622"}],"wp:attachment":[{"href":"https:\/\/www.jornalcontato.com.br\/home\/index.php\/wp-json\/wp\/v2\/media?parent=9621"}],"wp:term":[{"taxonomy":"category","embeddable":true,"href":"https:\/\/www.jornalcontato.com.br\/home\/index.php\/wp-json\/wp\/v2\/categories?post=9621"},{"taxonomy":"post_tag","embeddable":true,"href":"https:\/\/www.jornalcontato.com.br\/home\/index.php\/wp-json\/wp\/v2\/tags?post=9621"}],"curies":[{"name":"wp","href":"https:\/\/api.w.org\/{rel}","templated":true}]}}