{"id":9524,"date":"2015-05-13T19:20:51","date_gmt":"2015-05-13T22:20:51","guid":{"rendered":"http:\/\/jornalcontato.com.br\/home\/?p=9524"},"modified":"2015-05-27T16:43:14","modified_gmt":"2015-05-27T19:43:14","slug":"autogolpe-tucano","status":"publish","type":"post","link":"https:\/\/www.jornalcontato.com.br\/home\/index.php\/autogolpe-tucano\/","title":{"rendered":"Autogolpe tucano"},"content":{"rendered":"<p>Bernardo Ortiz pai e Ortiz J\u00fanior d\u00e3o tiro no p\u00e9 ao tentar desalojar Dig\u00e3o da presid\u00eancia do PSDB.<!--more--><br \/>\nRodrigo Lu\u00eds Silva \u00e9 o nome do vereador Dig\u00e3o, presidente da C\u00e2mara Municipal e do seu partido PSDB. Insatisfeito com a condu\u00e7\u00e3o pol\u00edtica da Prefeitura, Dig\u00e3o n\u00e3o tem omitido suas cr\u00edticas ao governo tucano na terra de Lobato.<br \/>\nA independ\u00eancia pol\u00edtica de Dig\u00e3o h\u00e1 muito tempo incomoda os Ortiz, especialmente o atual prefeito. Em 2014, atrav\u00e9s de manobras pol\u00edticas, o vereador teve sua candidatura a deputado vetada pelos Ortiz. \u201cEles n\u00e3o admitem o surgimento e o crescimento de novas lideran\u00e7as\u201d, afirma uma conhecida vereadora.<br \/>\nMas os fatos dessa semana superaram todas as maldades t\u00e3o comuns na vida pol\u00edtica brasileira. Eis uma r\u00e1pida cronologia:<br \/>\n17 de abril de 2015, o jornal Voz do Vale veiculou um edital do PSDB convocando todos os seus filiados para sua Conven\u00e7\u00e3o Municipal no dia 09 de maio a partir da 08h:00 no Apart Hotel Olavo Bilac.<\/p>\n<p><a href=\"http:\/\/jornalcontato.com.br\/home\/wp-content\/uploads\/2015\/05\/Edital-17-abril1.jpg\"><img loading=\"lazy\" decoding=\"async\" class=\"aligncenter size-full wp-image-9532\" title=\"Edital 17 abril\" src=\"http:\/\/jornalcontato.com.br\/home\/wp-content\/uploads\/2015\/05\/Edital-17-abril1.jpg\" alt=\"\" width=\"540\" height=\"307\" srcset=\"https:\/\/jornalcontato.com.br\/home\/wp-content\/uploads\/2015\/05\/Edital-17-abril1.jpg 540w, https:\/\/jornalcontato.com.br\/home\/wp-content\/uploads\/2015\/05\/Edital-17-abril1-300x170.jpg 300w\" sizes=\"auto, (max-width: 540px) 100vw, 540px\" \/><\/a><br \/>\nO mesmo edital informa que no dia 24 de abril a Executiva Municipal tucana manter\u00e1 das 09h:00 \u00e0s 15h:00 um plant\u00e3o na \u201cavenida Carlos Pedroso da Silveira 128, para protocolar o requerimento para registro de chapa completa com todas as assinaturas e autoriza\u00e7\u00f5es\u201d.<br \/>\nNo dia 09 de maio 15 militantes tucanos compareceram ao local indicado no edital para eleger a nova Executiva Municipal e o novo presidente Edsson Quirino dos Santos J\u00fanior, chefe de Gabinete do prefeito Jos\u00e9 Bernardo Ortiz J\u00fanior.<br \/>\nNa segunda-feira 11, Dig\u00e3o tomou conhecimento do golpe perpetrado pelos inquilinos do Pal\u00e1cio do Bom Conselho.<br \/>\nNa quarta-feira, 13, Dig\u00e3o usa a tribuna do Legislativo para denunciar o golpe perpetrado por alguns tucanos contra dois vereadores, Dig\u00e3o e Bilili, que sequer foram avisados sobre a realiza\u00e7\u00e3o da conven\u00e7\u00e3o no \u00faltimo s\u00e1bado.<br \/>\nDa tribuna, Dig\u00e3o registra que, apesar de n\u00e3o haver nomes, no edital consta o endere\u00e7o dos prov\u00e1veis respons\u00e1veis pelo golpe: avenida Carlos Pedroso da Silveira 128. Por\u00e9m, uma r\u00e1pida pesquisa realizada pela reportagem do CONTATO mostrou que segundo o Minist\u00e9rio P\u00fablico do ESP ali residem Bernardo Ortiz e seu filho Ortiz J\u00fanior contra os quais move a\u00e7\u00e3o de responsabilidade civil por improbidade administrativa.<br \/>\nAinda da tribuna, Dig\u00e3o promete mover a\u00e7\u00e3o criminal contra os respons\u00e1veis pelo edital que teria sido assinado por ele, Dig\u00e3o.<br \/>\nAguarde muito mais informa\u00e7\u00f5es na nossa edi\u00e7\u00e3o impressa que circular\u00e1 a partir de sexta-feira, 15.<\/p>\n","protected":false},"excerpt":{"rendered":"<p>Bernardo Ortiz pai e Ortiz J\u00fanior d\u00e3o tiro no p\u00e9 ao tentar desalojar Dig\u00e3o da presid\u00eancia do PSDB.<\/p>\n","protected":false},"author":1,"featured_media":9527,"comment_status":"open","ping_status":"open","sticky":false,"template":"","format":"standard","meta":{"footnotes":""},"categories":[7],"tags":[],"class_list":["post-9524","post","type-post","status-publish","format-standard","has-post-thumbnail","hentry","category-reportagem"],"_links":{"self":[{"href":"https:\/\/www.jornalcontato.com.br\/home\/index.php\/wp-json\/wp\/v2\/posts\/9524","targetHints":{"allow":["GET"]}}],"collection":[{"href":"https:\/\/www.jornalcontato.com.br\/home\/index.php\/wp-json\/wp\/v2\/posts"}],"about":[{"href":"https:\/\/www.jornalcontato.com.br\/home\/index.php\/wp-json\/wp\/v2\/types\/post"}],"author":[{"embeddable":true,"href":"https:\/\/www.jornalcontato.com.br\/home\/index.php\/wp-json\/wp\/v2\/users\/1"}],"replies":[{"embeddable":true,"href":"https:\/\/www.jornalcontato.com.br\/home\/index.php\/wp-json\/wp\/v2\/comments?post=9524"}],"version-history":[{"count":10,"href":"https:\/\/www.jornalcontato.com.br\/home\/index.php\/wp-json\/wp\/v2\/posts\/9524\/revisions"}],"predecessor-version":[{"id":9599,"href":"https:\/\/www.jornalcontato.com.br\/home\/index.php\/wp-json\/wp\/v2\/posts\/9524\/revisions\/9599"}],"wp:featuredmedia":[{"embeddable":true,"href":"https:\/\/www.jornalcontato.com.br\/home\/index.php\/wp-json\/wp\/v2\/media\/9527"}],"wp:attachment":[{"href":"https:\/\/www.jornalcontato.com.br\/home\/index.php\/wp-json\/wp\/v2\/media?parent=9524"}],"wp:term":[{"taxonomy":"category","embeddable":true,"href":"https:\/\/www.jornalcontato.com.br\/home\/index.php\/wp-json\/wp\/v2\/categories?post=9524"},{"taxonomy":"post_tag","embeddable":true,"href":"https:\/\/www.jornalcontato.com.br\/home\/index.php\/wp-json\/wp\/v2\/tags?post=9524"}],"curies":[{"name":"wp","href":"https:\/\/api.w.org\/{rel}","templated":true}]}}