{"id":9517,"date":"2015-05-07T11:40:46","date_gmt":"2015-05-07T14:40:46","guid":{"rendered":"http:\/\/jornalcontato.com.br\/home\/?p=9517"},"modified":"2016-04-05T16:12:10","modified_gmt":"2016-04-05T19:12:10","slug":"lula-e-pt-fim-de-linha","status":"publish","type":"post","link":"https:\/\/www.jornalcontato.com.br\/home\/index.php\/lula-e-pt-fim-de-linha\/","title":{"rendered":"LULA E PT: FIM DE LINHA"},"content":{"rendered":"<p align=\"center\"><strong><em><span style=\"color: #000000;\">Quando os amigos mais chegados come\u00e7am a pular fora do barco \u00e9 sinal que a \u00e1gua j\u00e1 <\/span><span style=\"color: #000000;\">\u00a0<\/span><span style=\"color: #000000;\">bateu no lol\u00f3. <!--more-->\u00c9 o caso do jornalista Ricardo Kotcho que escreveu uma cr\u00f4nica brilhante, como \u00e9 de seu feitio, a respeito do amig\u00e3o Lu\u00eds In\u00e1cio Lula da Silva tendo como pano de fundo o com\u00edcio de 1\u00ba de maio (foto). Confira algumas p\u00e9rolas:<\/span><\/em><\/strong><\/p>\n<p><span style=\"color: #000000;\">\u00a0<\/span><\/p>\n<p><span style=\"color: #000000;\">\u00a0<\/span><span style=\"color: #000000;\">&#8211; Em toda a sua longa trajet\u00f3ria, do sindicato ao Pal\u00e1cio do Planalto, Lula nunca ficou t\u00e3o isolado num palanque;<\/span><\/p>\n<p><span style=\"color: #000000;\">\u00a0<\/span><span style=\"color: #000000;\">&#8211; A presidente Dilma avisou que n\u00e3o iria, mas desta vez nem o prefeito Fernando Haddad apareceu;<\/span><\/p>\n<p><span style=\"color: #000000;\">\u00a0<\/span><span style=\"color: #000000;\">&#8211; N\u00e3o me lembro de ter visto Lula falando para t\u00e3o pouca gente, e t\u00e3o desanimada, num Dia do Trabalhador.<\/span><\/p>\n<p><span style=\"color: #000000;\">\u00a0<\/span><span style=\"color: #000000;\">&#8211; O discurso de Lula tamb\u00e9m n\u00e3o tem mais novidades, n\u00e3o aponta para o futuro.<\/span><\/p>\n<p><span style=\"color: #000000;\">\u00a0<\/span><span style=\"color: #000000;\">&#8211; Ao v\u00ea-lo e ouvi-lo agora, tive a sensa\u00e7\u00e3o de estar assistindo ao ocaso de um ciclo m\u00e1gico, que levou o l\u00edder oper\u00e1rio ao poder.<\/span><\/p>\n<p><span style=\"color: #000000;\">\u00a0<\/span><span style=\"color: #000000;\">&#8211; Lula j\u00e1 n\u00e3o lidera as pesquisas para 2018, em v\u00e1rias regi\u00f5es do pa\u00eds.<\/span><\/p>\n<p><span style=\"color: #000000;\">\u00a0<\/span><span style=\"color: #000000;\">&#8211; Em algum lugar da estrada, perderam-se a velha confian\u00e7a e a capacidade de dar a volta por cima, sem que Lula consiga encontrar um novo discurso capaz de mobilizar os jovens eleitores e os velhos companheiros que ficaram pelo caminho.<\/span><\/p>\n<p><span style=\"color: #000000;\">\u00a0<\/span><span style=\"color: #000000;\">Leia a \u00edntegra em http:\/\/noticias.r7.com\/blogs\/ricardo-kotscho\/2015\/05\/04\/lula-esta-na-mira-isolado-no-palanque-e-sem-discurso\/#comments<\/span><\/p>\n","protected":false},"excerpt":{"rendered":"<p>Quando os amigos mais chegados come\u00e7am a pular fora do barco \u00e9 sinal que a \u00e1gua j\u00e1 \u00a0bateu no lol\u00f3.<\/p>\n","protected":false},"author":1,"featured_media":9518,"comment_status":"open","ping_status":"open","sticky":false,"template":"","format":"standard","meta":{"footnotes":""},"categories":[1,7],"tags":[],"class_list":["post-9517","post","type-post","status-publish","format-standard","has-post-thumbnail","hentry","category-nacional","category-reportagem"],"_links":{"self":[{"href":"https:\/\/www.jornalcontato.com.br\/home\/index.php\/wp-json\/wp\/v2\/posts\/9517","targetHints":{"allow":["GET"]}}],"collection":[{"href":"https:\/\/www.jornalcontato.com.br\/home\/index.php\/wp-json\/wp\/v2\/posts"}],"about":[{"href":"https:\/\/www.jornalcontato.com.br\/home\/index.php\/wp-json\/wp\/v2\/types\/post"}],"author":[{"embeddable":true,"href":"https:\/\/www.jornalcontato.com.br\/home\/index.php\/wp-json\/wp\/v2\/users\/1"}],"replies":[{"embeddable":true,"href":"https:\/\/www.jornalcontato.com.br\/home\/index.php\/wp-json\/wp\/v2\/comments?post=9517"}],"version-history":[{"count":5,"href":"https:\/\/www.jornalcontato.com.br\/home\/index.php\/wp-json\/wp\/v2\/posts\/9517\/revisions"}],"predecessor-version":[{"id":10926,"href":"https:\/\/www.jornalcontato.com.br\/home\/index.php\/wp-json\/wp\/v2\/posts\/9517\/revisions\/10926"}],"wp:featuredmedia":[{"embeddable":true,"href":"https:\/\/www.jornalcontato.com.br\/home\/index.php\/wp-json\/wp\/v2\/media\/9518"}],"wp:attachment":[{"href":"https:\/\/www.jornalcontato.com.br\/home\/index.php\/wp-json\/wp\/v2\/media?parent=9517"}],"wp:term":[{"taxonomy":"category","embeddable":true,"href":"https:\/\/www.jornalcontato.com.br\/home\/index.php\/wp-json\/wp\/v2\/categories?post=9517"},{"taxonomy":"post_tag","embeddable":true,"href":"https:\/\/www.jornalcontato.com.br\/home\/index.php\/wp-json\/wp\/v2\/tags?post=9517"}],"curies":[{"name":"wp","href":"https:\/\/api.w.org\/{rel}","templated":true}]}}