{"id":9492,"date":"2015-05-05T11:42:53","date_gmt":"2015-05-05T14:42:53","guid":{"rendered":"http:\/\/jornalcontato.com.br\/home\/?p=9492"},"modified":"2016-04-05T15:34:47","modified_gmt":"2016-04-05T18:34:47","slug":"a-cidade-que-a-prefeitura-nao-ve","status":"publish","type":"post","link":"https:\/\/www.jornalcontato.com.br\/home\/index.php\/a-cidade-que-a-prefeitura-nao-ve\/","title":{"rendered":"A cidade que a Prefeitura n\u00e3o v\u00ea"},"content":{"rendered":"<p align=\"center\"><strong><em>O que a presidente Dilma (PT) e o prefeito Ortiz Jr (PSDB) t\u00eam em comum? Tia Anast\u00e1cia responde: \u201cOs dois vivem a mesma fantasia de que est\u00e3o fazendo um governo politicamente maravilhoso e s\u00f3 o povo, um eterno cego, n\u00e3o v\u00ea\u201d<!--more--><\/em><\/strong><\/p>\n<p><strong>\u00a0<\/strong><\/p>\n<p>Dificilmente algu\u00e9m encontrar\u00e1 algum chefe do Executivo de qualquer esfera do poder com senso cr\u00edtico capaz de admitir que seu governo n\u00e3o vai bem. Nesse quesito, mais uma vez a terra de Lobato se iguala a Bras\u00edlia. CONTATO selecionou alguns exemplos para comprovar a cegueira e a inoper\u00e2ncia do Pal\u00e1cio do Bom Conselho (qualquer semelhan\u00e7a com o Pal\u00e1cio do Planalto n\u00e3o \u00e9 mera coincid\u00eancia) diante de situa\u00e7\u00f5es cujas solu\u00e7\u00f5es dependem \u00fanica e exclusivamente dos inquilinos palacianos<\/p>\n<p>&nbsp;<\/p>\n<p>[divider][\/divider]<\/p>\n<p align=\"center\"><strong>Pegadinha \u00e9 uma ind\u00fastria de multa<\/strong><\/p>\n<p align=\"center\"><strong><em>Diariamente dezenas de ve\u00edculos s\u00e3o multados, alguns at\u00e9 guinchados, na pra\u00e7a Monsenhor Silva Barros. Comerciantes e profissionais aut\u00f4nomos questionam a sinaliza\u00e7\u00e3o do local e tamb\u00e9m a atitude de agentes de tr\u00e2nsito.<\/em><\/strong><\/p>\n<p>Um empres\u00e1rio com escrit\u00f3rio na pra\u00e7a Monsenhor Silva Barros (Bosque ou pra\u00e7a da Eletro, depende da idade de cada um), cansado de reclamar, procurou nossa reportagem para relatar um problema que enfrenta diariamente.<\/p>\n<p>Quem procura aquela regi\u00e3o onde est\u00e1 localizada a ACIT \u2013 Associa\u00e7\u00e3o Comercial de Taubat\u00e9, cart\u00f3rios, consult\u00f3rios m\u00e9dicos, imobili\u00e1rias, entre outros, \u00e9 um forte candidato a entrar na estat\u00edstica das v\u00edtimas de uma pegadinha que pode ser uma verdadeira f\u00e1brica de multas.<\/p>\n<p>O motorista que contornar a pra\u00e7a, passando por tr\u00e1s do F\u00f3rum Criminal, ao entrar na rua Visconde do Rio Branco em busca de uma vaga para seu ve\u00edculo dificilmente ver\u00e1 uma placa mal localizada proibindo estacionar na faixa amarela praticamente invis\u00edvel por falta de pintura.<\/p>\n<p>Os agentes de tr\u00e2nsito n\u00e3o permanecem na pra\u00e7a e s\u00f3 comparecem a cada meia ou uma hora para lavrar os autos de infra\u00e7\u00e3o e checar se os ve\u00edculos multados j\u00e1 deram lugar para novas v\u00edtimas. Essa situa\u00e7\u00e3o ocorre diariamente j\u00e1 h\u00e1 muito tempo. Segundo o empres\u00e1rio j\u00e1 foram feitas reclama\u00e7\u00f5es aos agentes do Tr\u00e2nsito e para a Secretaria de Mobilidade Urbana e at\u00e9 agora nada foi feito.<\/p>\n<p>Na sexta-feira, 24, CONTATO registrou o guinchamento de um carro, cujo propriet\u00e1rio que n\u00e3o quis se identificar. Ele estava em um cart\u00f3rio e ao retornar para seguir viagem para S\u00e3o Paulo encontrou seu carro j\u00e1 sobre o guincho. O agente informou que para liberar o ve\u00edculo removido bastaria o propriet\u00e1rio comparecer na Secretaria de Mobilidade Urbana para apresentar os documentos e o recolhimento das taxas relativas ao servi\u00e7o de guincho e estadia no p\u00e1tio conveniado.<\/p>\n<p>Sobre outros ve\u00edculos estacionados pr\u00f3ximos ao que havia sido guinchado, o agente informou que embora a faixa de sinaliza\u00e7\u00e3o existisse naquele local o estacionamento \u00e9 permitido.<\/p>\n<p>&nbsp;<\/p>\n<p>[divider][\/divider]<\/p>\n<p align=\"center\"><strong>A nova Rodovi\u00e1ria Nova<\/strong><\/p>\n<p align=\"center\"><strong><\/strong><strong><em>Terminal de passageiros permanece interditado desde o in\u00edcio de fevereiro e dever\u00e1 continuar funcionando em uma tenda<\/em><\/strong><\/p>\n<p>&nbsp;<\/p>\n<div id=\"attachment_9497\" style=\"width: 650px\" class=\"wp-caption aligncenter\"><a href=\"http:\/\/jornalcontato.com.br\/home\/wp-content\/uploads\/2015\/05\/1.jpg\"><img loading=\"lazy\" decoding=\"async\" aria-describedby=\"caption-attachment-9497\" class=\"size-full wp-image-9497\" title=\"Conteineres onde funcionar\u00e3o os guich\u00eas\" src=\"http:\/\/jornalcontato.com.br\/home\/wp-content\/uploads\/2015\/05\/1.jpg\" alt=\"Conteineres onde funcionar\u00e3o os guich\u00eas\" width=\"650\" height=\"433\" srcset=\"https:\/\/jornalcontato.com.br\/home\/wp-content\/uploads\/2015\/05\/1.jpg 650w, https:\/\/jornalcontato.com.br\/home\/wp-content\/uploads\/2015\/05\/1-300x199.jpg 300w\" sizes=\"auto, (max-width: 650px) 100vw, 650px\" \/><\/a><p id=\"caption-attachment-9497\" class=\"wp-caption-text\">Cont\u00eaineres onde funcionar\u00e3o os guich\u00eas da Rodovi\u00e1ria Nova<\/p><\/div>\n<p>&nbsp;<\/p>\n<p>Continua a novela do terminal rodovi\u00e1rio interurbano de Taubat\u00e9, interditado desde 03 de fevereiro devido ao desabamento de uma telha prism\u00e1tica de concreto. Em mar\u00e7o, depois de muitas idas e vindas, o secret\u00e1rio de Servi\u00e7os P\u00fablicos, Alexandre Magno, informou que a empresa Falc\u00e3o Bauer Engenharia fora contratada para vistoriar o pr\u00e9dio e emitir um laudo conclusivo sobre a situa\u00e7\u00e3o do terminal rodovi\u00e1rio.<\/p>\n<p>No dia 08 de abril, a Prefeitura publicou um despacho do Prefeito revogando um processo de licita\u00e7\u00e3o cujo objetivo era a contrata\u00e7\u00e3o de empresa para loca\u00e7\u00e3o de cont\u00eaineres e de uma cobertura para o terminal rodovi\u00e1rio provis\u00f3rio.<\/p>\n<p>A assessoria do Gabinete informou ao CONTATO que o prefeito faria contrata\u00e7\u00e3o emergencial de uma empresa para executar os servi\u00e7os previstos no processo licitat\u00f3rio cancelado.<\/p>\n<p>Na quarta-feira, 27, a Prefeitura enviou uma \u201cNota Oficial sobre a Rodovi\u00e1ria Nova\u201d informando \u201cque no in\u00edcio de mar\u00e7o a empresa especializada, contratada pela administra\u00e7\u00e3o, realizou inspe\u00e7\u00e3o t\u00e9cnica preliminar na estrutura da cobertura do Terminal Rodovi\u00e1rio (&#8230;) constatou focos de corros\u00e3o e algumas fissuras nas telhas prism\u00e1ticas de concreto podendo oferecer risco, como exemplo a telha que desabou (&#8230;) Uma tenda foi instalada para proteger os usu\u00e1rios da chuva e do sol. Dois banheiros, com sete divis\u00f3rias cada, j\u00e1 se encontram em funcionamento (e) prev\u00ea a conclus\u00e3o da parte de log\u00edstica e de inform\u00e1tica at\u00e9 o final da pr\u00f3xima semana para que todas as empresas sejam definitivamente remanejadas, desocupando completamente o terminal\u201d.<\/p>\n<p>&nbsp;<\/p>\n<p>[divider][\/divider]<\/p>\n<p align=\"center\"><strong>O perigo mora nos pr\u00e9dios abandonados<\/strong><\/p>\n<p>Na edi\u00e7\u00e3o passada http:\/\/www.jornalcontato.com.br\/686\/JC686.pdf a reportagem \u201cCidade Abandonada e Sem Lei\u201d abordou o pr\u00e9dio destelhado, abandonado e sem nenhuma provid\u00eancia na rua Marqu\u00eas do Herval n\u00ba 544; al\u00e9m desse, existem outros, inclusive locais p\u00fablicos que representam riscos, haja visto os casos de dengue que\u00a0 j\u00e1 ultrapassam os mil casos em 2015.<\/p>\n<p>&nbsp;<\/p>\n<p><strong>Rodovi\u00e1ria Nova<\/strong>: O pr\u00e9dio interditado da Rodovi\u00e1ria Nova tem at\u00e9 mato crescendo no telhado e foi chamado de \u201cjardim suspenso de Taubat\u00e9\u201d pelo vereador Noilton Ramos (PSD). Ele est\u00e1 h\u00e1 quase tr\u00eas meses interditado pela Defesa Civil, mas continua sendo utilizado diariamente por pessoas que correm riscos apontados pela Defesa Civil.<\/p>\n<p>O respons\u00e1vel desse \u00f3rg\u00e3o, Marcus Ortiz Querido, informou \u00e0 nossa reportagem que, desde que foi vistoriado depois do desabamento de uma telha, o local encontra-se interditado e a responsabilidade pela continua\u00e7\u00e3o do seu uso cabe \u00e0 Secretaria de Servi\u00e7os P\u00fablicos.<\/p>\n<p>O pr\u00e9dio da Rodovi\u00e1ria Nova funcionava sem vistoria do Corpo de Bombeiros desde 2004, portanto, h\u00e1 mais de dez anos, conforme informou a reportagem do CONTATO \u201cNunca teve manuten\u00e7\u00e3o, que eu saiba\u201d\u00a0 http:\/\/www.jornalcontato.com.br\/678\/JC678.pdf<\/p>\n<p>&nbsp;<\/p>\n<div id=\"attachment_9498\" style=\"width: 650px\" class=\"wp-caption aligncenter\"><a href=\"http:\/\/jornalcontato.com.br\/home\/wp-content\/uploads\/2015\/05\/2.jpg\"><img loading=\"lazy\" decoding=\"async\" aria-describedby=\"caption-attachment-9498\" class=\"size-full wp-image-9498\" title=\"Calhet\u00e3o que desabou em 02 de fevereiro\" src=\"http:\/\/jornalcontato.com.br\/home\/wp-content\/uploads\/2015\/05\/2.jpg\" alt=\"Calhet\u00e3o que desabou em 02 de fevereiro\" width=\"650\" height=\"433\" srcset=\"https:\/\/jornalcontato.com.br\/home\/wp-content\/uploads\/2015\/05\/2.jpg 650w, https:\/\/jornalcontato.com.br\/home\/wp-content\/uploads\/2015\/05\/2-300x199.jpg 300w\" sizes=\"auto, (max-width: 650px) 100vw, 650px\" \/><\/a><p id=\"caption-attachment-9498\" class=\"wp-caption-text\">Calhet\u00e3o desabou em 02 de fevereiro na Rodovi\u00e1ria Nova<\/p><\/div>\n<p>&nbsp;<\/p>\n<p><strong>Pr\u00e9dio p\u00fablico na vila S\u00e3o Jos\u00e9<\/strong>: um pr\u00e9dio p\u00fablico onde funcionava uma creche foi interditado pela Defesa Civil em outubro de 2010 e permanece sem condi\u00e7\u00f5es de uso. Por\u00e9m, recentemente foi objeto de uma nova interdi\u00e7\u00e3o, desta vez por parte vez por parte do Minist\u00e9rio do Trabalho.<\/p>\n<p>O local ainda permanece na mesma situa\u00e7\u00e3o anterior, com lixo acumulado causando preocupa\u00e7\u00e3o a pessoas que transitam pelo local. Mais informa\u00e7\u00f5es na reportagem <a title=\"CONTATO 685\" href=\"http:\/\/www.jornalcontato.com.br\/685\/JC685.pdf\" target=\"_blank\">\u201cPrefeitura utiliza pr\u00e9dio interditado por falta de seguran\u00e7a\u201d<\/a>.<\/p>\n<p>&nbsp;<\/p>\n<div id=\"attachment_9499\" style=\"width: 685px\" class=\"wp-caption aligncenter\"><a href=\"http:\/\/jornalcontato.com.br\/home\/wp-content\/uploads\/2015\/05\/3.jpg\"><img loading=\"lazy\" decoding=\"async\" aria-describedby=\"caption-attachment-9499\" class=\"size-full wp-image-9499\" title=\"Creche foi interditada pela Defesa Civil em 2010 e, mesmo sem condi\u00e7\u00f5es estruturais para abrigar com seguran\u00e7a funcion\u00e1rios, foi transformada em departamento de Manuten\u00e7\u00e3o de Galerias \" src=\"http:\/\/jornalcontato.com.br\/home\/wp-content\/uploads\/2015\/05\/3.jpg\" alt=\"Creche foi interditada pela Defesa Civil em 2010 e, mesmo sem condi\u00e7\u00f5es estruturais para abrigar com seguran\u00e7a funcion\u00e1rios, foi transformada em departamento de Manuten\u00e7\u00e3o de Galerias \" width=\"685\" height=\"457\" srcset=\"https:\/\/jornalcontato.com.br\/home\/wp-content\/uploads\/2015\/05\/3.jpg 685w, https:\/\/jornalcontato.com.br\/home\/wp-content\/uploads\/2015\/05\/3-300x200.jpg 300w\" sizes=\"auto, (max-width: 685px) 100vw, 685px\" \/><\/a><p id=\"caption-attachment-9499\" class=\"wp-caption-text\">Creche foi interditada pela Defesa Civil em 2010 e, mesmo sem condi\u00e7\u00f5es estruturais para abrigar com seguran\u00e7a funcion\u00e1rios, foi transformada em departamento de Manuten\u00e7\u00e3o de Galerias<\/p><\/div>\n<p>&nbsp;<\/p>\n<div id=\"attachment_9500\" style=\"width: 685px\" class=\"wp-caption aligncenter\"><a href=\"http:\/\/jornalcontato.com.br\/home\/wp-content\/uploads\/2015\/05\/4.jpg\"><img loading=\"lazy\" decoding=\"async\" aria-describedby=\"caption-attachment-9500\" class=\"size-full wp-image-9500\" title=\"A lateral do pr\u00e9dio interditado est\u00e1 com ac\u00famulo de materiais que podem servir de criadouros da dengue\" src=\"http:\/\/jornalcontato.com.br\/home\/wp-content\/uploads\/2015\/05\/4.jpg\" alt=\"A lateral do pr\u00e9dio interditado est\u00e1 com ac\u00famulo de materiais que podem servir de criadouros da dengue\" width=\"685\" height=\"437\" srcset=\"https:\/\/jornalcontato.com.br\/home\/wp-content\/uploads\/2015\/05\/4.jpg 685w, https:\/\/jornalcontato.com.br\/home\/wp-content\/uploads\/2015\/05\/4-300x191.jpg 300w\" sizes=\"auto, (max-width: 685px) 100vw, 685px\" \/><\/a><p id=\"caption-attachment-9500\" class=\"wp-caption-text\">A lateral do pr\u00e9dio interditado est\u00e1 com ac\u00famulo de materiais que podem servir de criadouros da dengue<\/p><\/div>\n<p>&nbsp;<\/p>\n<p><strong>Pr\u00e9dio abandonado tamb\u00e9m na Vila S\u00e3o Jos\u00e9:<\/strong> nas proximidades de um complexo de unidades de ensino, uma obra por terminar permanece sem nenhuma placa que identifique o respons\u00e1vel pela obra. Segundo informa\u00e7\u00f5es de moradores da regi\u00e3o, trata-se de uma obra da Prefeitura Municipal que estaria h\u00e1 mais de um ano totalmente parada.<\/p>\n<p>No cadastro imobili\u00e1rio da Prefeitura consta que o terreno pertence \u00e0 municipalidade, mas n\u00e3o ningu\u00e9m soube informar sobre a obra no local. O pr\u00e9dio est\u00e1 localizado na continua\u00e7\u00e3o da rua Geraldo Bona, onde se localizam diversas unidades de ensino da regi\u00e3o. Em mar\u00e7o de 2015, ali foi inaugurada a Creche Municipal Maria Mirian de Almeida \u2013 Irm\u00e3 Bernadete. Desde essa data essa obra continua parada e abandonada.<\/p>\n<p>&nbsp;<\/p>\n<div id=\"attachment_9507\" style=\"width: 650px\" class=\"wp-caption aligncenter\"><a href=\"http:\/\/jornalcontato.com.br\/home\/wp-content\/uploads\/2015\/05\/DSC_9059.jpg\"><img loading=\"lazy\" decoding=\"async\" aria-describedby=\"caption-attachment-9507\" class=\"size-full wp-image-9507\" title=\"Obra em terreno p\u00fablico est\u00e1 h\u00e1 mais de um ano parada e sem identifica\u00e7\u00e3o dos respons\u00e1veis\" src=\"http:\/\/jornalcontato.com.br\/home\/wp-content\/uploads\/2015\/05\/DSC_9059.jpg\" alt=\"Obra em terreno p\u00fablico est\u00e1 h\u00e1 mais de um ano parada e sem identifica\u00e7\u00e3o dos respons\u00e1veis\" width=\"650\" height=\"433\" srcset=\"https:\/\/jornalcontato.com.br\/home\/wp-content\/uploads\/2015\/05\/DSC_9059.jpg 650w, https:\/\/jornalcontato.com.br\/home\/wp-content\/uploads\/2015\/05\/DSC_9059-300x199.jpg 300w\" sizes=\"auto, (max-width: 650px) 100vw, 650px\" \/><\/a><p id=\"caption-attachment-9507\" class=\"wp-caption-text\">Obra em terreno p\u00fablico est\u00e1 h\u00e1 mais de um ano parada e sem identifica\u00e7\u00e3o dos respons\u00e1veis<\/p><\/div>\n<p>&nbsp;<\/p>\n<p><strong>Mais um na Vila S\u00e3o Jos\u00e9<\/strong>: no final da rua Luiz Vaz de Toledo Piza s\/n\u00ba esquina com o Largo da Inconfid\u00eancia, atr\u00e1s da UBS \u2013 Vila S\u00e3o Jos\u00e9, um pr\u00e9dio com pelo menos quatro pavimentos j\u00e1 constru\u00eddos, h\u00e1 cerca de dez anos tem sido usado como ponto de encontro de usu\u00e1rios de drogas e foco de cria\u00e7\u00e3o de mosquitos.<\/p>\n<p>No seu entorno, todos os moradores j\u00e1 tiveram dengue nos \u00faltimos dois anos. H\u00e1 algum tempo um cavalo caiu e morreu em um buraco que seria o po\u00e7o do elevador. Depois disso, os moradores da regi\u00e3o teriam aterrado o fosso para evitar outros acidentes.<\/p>\n<p>Segundo informa\u00e7\u00f5es de Jos\u00e9 Roberto Justo, empres\u00e1rio da regi\u00e3o, o local pertence a Cooperativa Terceiro Mil\u00eanio, composta por militares do Ex\u00e9rcito Brasileiro e presidida por Marcos Dias de Souza. Esta cooperativa entrou em processo de fal\u00eancia em 2001 e desde ent\u00e3o a constru\u00e7\u00e3o est\u00e1 parada abandonada<\/p>\n<p>&nbsp;<\/p>\n<div id=\"attachment_9508\" style=\"width: 650px\" class=\"wp-caption aligncenter\"><a href=\"http:\/\/jornalcontato.com.br\/home\/wp-content\/uploads\/2015\/05\/DSC_9701.jpg\"><img loading=\"lazy\" decoding=\"async\" aria-describedby=\"caption-attachment-9508\" class=\"size-full wp-image-9508\" title=\"Pr\u00e9dio abandonado h\u00e1 cerca de dez anos virou ponto de encontro de usu\u00e1rios de drogas\" src=\"http:\/\/jornalcontato.com.br\/home\/wp-content\/uploads\/2015\/05\/DSC_9701.jpg\" alt=\"Pr\u00e9dio abandonado h\u00e1 cerca de dez anos virou ponto de encontro de usu\u00e1rios de drogas\" width=\"650\" height=\"433\" srcset=\"https:\/\/jornalcontato.com.br\/home\/wp-content\/uploads\/2015\/05\/DSC_9701.jpg 650w, https:\/\/jornalcontato.com.br\/home\/wp-content\/uploads\/2015\/05\/DSC_9701-300x199.jpg 300w\" sizes=\"auto, (max-width: 650px) 100vw, 650px\" \/><\/a><p id=\"caption-attachment-9508\" class=\"wp-caption-text\">Pr\u00e9dio abandonado h\u00e1 cerca de dez anos virou ponto de encontro de usu\u00e1rios de drogas<\/p><\/div>\n<p>&nbsp;<\/p>\n<div id=\"attachment_9513\" style=\"width: 650px\" class=\"wp-caption aligncenter\"><a href=\"http:\/\/jornalcontato.com.br\/home\/wp-content\/uploads\/2015\/05\/DSC_97051.jpg\"><img loading=\"lazy\" decoding=\"async\" aria-describedby=\"caption-attachment-9513\" class=\"size-full wp-image-9513\" title=\"Pixa\u00e7\u00f5es s\u00e3o o retrato do abandono\" src=\"http:\/\/jornalcontato.com.br\/home\/wp-content\/uploads\/2015\/05\/DSC_97051.jpg\" alt=\"Pixa\u00e7\u00f5es s\u00e3o o retrato do abandono\" width=\"650\" height=\"433\" srcset=\"https:\/\/jornalcontato.com.br\/home\/wp-content\/uploads\/2015\/05\/DSC_97051.jpg 650w, https:\/\/jornalcontato.com.br\/home\/wp-content\/uploads\/2015\/05\/DSC_97051-300x199.jpg 300w\" sizes=\"auto, (max-width: 650px) 100vw, 650px\" \/><\/a><p id=\"caption-attachment-9513\" class=\"wp-caption-text\">Pixa\u00e7\u00f5es s\u00e3o o retrato do abandono<\/p><\/div>\n<p>&nbsp;<\/p>\n<p><strong>Rua Marqu\u00eas do Herval n\u00ba 540<\/strong>, um casar\u00e3o abandonado, sem telhado, com paredes amea\u00e7ando ruir e acumulando lixo e todo tipo de sujeira foi objeto de nssa reportagem na edi\u00e7\u00e3o passada www.jornalcontato.com.br\/686\/JC686.pdf<\/p>\n<p>&nbsp;<\/p>\n<div id=\"attachment_9502\" style=\"width: 650px\" class=\"wp-caption aligncenter\"><a href=\"http:\/\/jornalcontato.com.br\/home\/wp-content\/uploads\/2015\/05\/DSC_9255.jpg\"><img loading=\"lazy\" decoding=\"async\" aria-describedby=\"caption-attachment-9502\" class=\"size-full wp-image-9502\" title=\"O que sobrou do casar\u00e3o abandonado da Rua Marqu\u00eas do Herval\" src=\"http:\/\/jornalcontato.com.br\/home\/wp-content\/uploads\/2015\/05\/DSC_9255.jpg\" alt=\"O que sobrou do casar\u00e3o abandonado da Rua Marqu\u00eas do Herval\" width=\"650\" height=\"433\" srcset=\"https:\/\/jornalcontato.com.br\/home\/wp-content\/uploads\/2015\/05\/DSC_9255.jpg 650w, https:\/\/jornalcontato.com.br\/home\/wp-content\/uploads\/2015\/05\/DSC_9255-300x199.jpg 300w\" sizes=\"auto, (max-width: 650px) 100vw, 650px\" \/><\/a><p id=\"caption-attachment-9502\" class=\"wp-caption-text\">O que sobrou do casar\u00e3o abandonado da Rua Marqu\u00eas do Herval<\/p><\/div>\n<p>&nbsp;<\/p>\n<div id=\"attachment_9503\" style=\"width: 650px\" class=\"wp-caption aligncenter\"><a href=\"http:\/\/jornalcontato.com.br\/home\/wp-content\/uploads\/2015\/05\/DSC_9638.jpg\"><img loading=\"lazy\" decoding=\"async\" aria-describedby=\"caption-attachment-9503\" class=\"size-full wp-image-9503\" title=\" O caras\u00e3o \u00e9 um dos muitos pr\u00e9dios que  acumulam entulhos e sujeiras durante a epidemia de dengue que toma a cidade\" src=\"http:\/\/jornalcontato.com.br\/home\/wp-content\/uploads\/2015\/05\/DSC_9638.jpg\" alt=\" O caras\u00e3o \u00e9 um dos muitos pr\u00e9dios que  acumulam entulhos e sujeiras durante a epidemia de dengue que toma a cidade\" width=\"650\" height=\"433\" srcset=\"https:\/\/jornalcontato.com.br\/home\/wp-content\/uploads\/2015\/05\/DSC_9638.jpg 650w, https:\/\/jornalcontato.com.br\/home\/wp-content\/uploads\/2015\/05\/DSC_9638-300x199.jpg 300w\" sizes=\"auto, (max-width: 650px) 100vw, 650px\" \/><\/a><p id=\"caption-attachment-9503\" class=\"wp-caption-text\">O caras\u00e3o \u00e9 um dos muitos pr\u00e9dios que acumulam entulhos e sujeiras durante a epidemia de dengue que toma a cidade<\/p><\/div>\n<p>&nbsp;<\/p>\n<p><strong>Vila Santo Aleixo<\/strong>: localizado na pra\u00e7a Santa Terezinha, esse \u00e9 outro que pode ser inclu\u00eddo nesta lista de pr\u00e9dios que se encontram em p\u00e9ssimas condi\u00e7\u00f5es e podem causar problemas para a vizinhan\u00e7a. \u00c9 uma clara demonstra\u00e7\u00e3o de como n\u00e3o funciona a administra\u00e7\u00e3o p\u00fablica da cidade e de sua falta de respeito e cuidado com o patrim\u00f4nio hist\u00f3rico. Na sua edi\u00e7\u00e3o 678, CONTATO publicou uma reportagem sobre a situa\u00e7\u00e3o da Vila Santo Aleixo.\u00a0 Confira em <a href=\"http:\/\/www.jornalcontato.com.br\/678\/JC678.pdf\">http:\/\/www.jornalcontato.com.br\/678\/JC678.pdf<\/a><\/p>\n<p>&nbsp;<\/p>\n<div id=\"attachment_9504\" style=\"width: 650px\" class=\"wp-caption aligncenter\"><a href=\"http:\/\/jornalcontato.com.br\/home\/wp-content\/uploads\/2015\/05\/6.jpg\"><img loading=\"lazy\" decoding=\"async\" aria-describedby=\"caption-attachment-9504\" class=\"size-full wp-image-9504\" title=\"Patrim\u00f4nio hist\u00f3rico cercado de incompetentes\" src=\"http:\/\/jornalcontato.com.br\/home\/wp-content\/uploads\/2015\/05\/6.jpg\" alt=\"Patrim\u00f4nio hist\u00f3rico cercado de incompetentes\" width=\"650\" height=\"433\" srcset=\"https:\/\/jornalcontato.com.br\/home\/wp-content\/uploads\/2015\/05\/6.jpg 650w, https:\/\/jornalcontato.com.br\/home\/wp-content\/uploads\/2015\/05\/6-300x199.jpg 300w\" sizes=\"auto, (max-width: 650px) 100vw, 650px\" \/><\/a><p id=\"caption-attachment-9504\" class=\"wp-caption-text\">Patrim\u00f4nio hist\u00f3rico cercado de incompetentes<\/p><\/div>\n<p>&nbsp;<\/p>\n<div id=\"attachment_9505\" style=\"width: 650px\" class=\"wp-caption aligncenter\"><a href=\"http:\/\/jornalcontato.com.br\/home\/wp-content\/uploads\/2015\/05\/7.jpg\"><img loading=\"lazy\" decoding=\"async\" aria-describedby=\"caption-attachment-9505\" class=\"size-full wp-image-9505\" title=\"Estado de conserva\u00e7\u00e3o do interior da Vila Santo Aleixo dispensa comet\u00e1rios\" src=\"http:\/\/jornalcontato.com.br\/home\/wp-content\/uploads\/2015\/05\/7.jpg\" alt=\"Estado de conserva\u00e7\u00e3o do interior da Vila Santo Aleixo dispensa comet\u00e1rios\" width=\"650\" height=\"433\" srcset=\"https:\/\/jornalcontato.com.br\/home\/wp-content\/uploads\/2015\/05\/7.jpg 650w, https:\/\/jornalcontato.com.br\/home\/wp-content\/uploads\/2015\/05\/7-300x199.jpg 300w\" sizes=\"auto, (max-width: 650px) 100vw, 650px\" \/><\/a><p id=\"caption-attachment-9505\" class=\"wp-caption-text\">Estado de conserva\u00e7\u00e3o do interior da Vila Santo Aleixo dispensa comet\u00e1rios<\/p><\/div>\n<p>&nbsp;<\/p>\n<p>N\u00e3o ser\u00e1 por falta de aviso que a Prefeitura poder\u00e1 usar como justificativa para n\u00e3o fazer nada.<\/p>\n","protected":false},"excerpt":{"rendered":"<p>O que a presidente Dilma (PT) e o prefeito Ortiz Jr (PSDB) t\u00eam em comum? Tia Anast\u00e1cia responde: \u201cOs dois vivem a mesma fantasia de &#8230;<\/p>\n","protected":false},"author":1,"featured_media":9506,"comment_status":"open","ping_status":"open","sticky":false,"template":"","format":"standard","meta":{"footnotes":""},"categories":[29,7],"tags":[],"class_list":["post-9492","post","type-post","status-publish","format-standard","has-post-thumbnail","hentry","category-regional","category-reportagem"],"_links":{"self":[{"href":"https:\/\/www.jornalcontato.com.br\/home\/index.php\/wp-json\/wp\/v2\/posts\/9492","targetHints":{"allow":["GET"]}}],"collection":[{"href":"https:\/\/www.jornalcontato.com.br\/home\/index.php\/wp-json\/wp\/v2\/posts"}],"about":[{"href":"https:\/\/www.jornalcontato.com.br\/home\/index.php\/wp-json\/wp\/v2\/types\/post"}],"author":[{"embeddable":true,"href":"https:\/\/www.jornalcontato.com.br\/home\/index.php\/wp-json\/wp\/v2\/users\/1"}],"replies":[{"embeddable":true,"href":"https:\/\/www.jornalcontato.com.br\/home\/index.php\/wp-json\/wp\/v2\/comments?post=9492"}],"version-history":[{"count":11,"href":"https:\/\/www.jornalcontato.com.br\/home\/index.php\/wp-json\/wp\/v2\/posts\/9492\/revisions"}],"predecessor-version":[{"id":10747,"href":"https:\/\/www.jornalcontato.com.br\/home\/index.php\/wp-json\/wp\/v2\/posts\/9492\/revisions\/10747"}],"wp:featuredmedia":[{"embeddable":true,"href":"https:\/\/www.jornalcontato.com.br\/home\/index.php\/wp-json\/wp\/v2\/media\/9506"}],"wp:attachment":[{"href":"https:\/\/www.jornalcontato.com.br\/home\/index.php\/wp-json\/wp\/v2\/media?parent=9492"}],"wp:term":[{"taxonomy":"category","embeddable":true,"href":"https:\/\/www.jornalcontato.com.br\/home\/index.php\/wp-json\/wp\/v2\/categories?post=9492"},{"taxonomy":"post_tag","embeddable":true,"href":"https:\/\/www.jornalcontato.com.br\/home\/index.php\/wp-json\/wp\/v2\/tags?post=9492"}],"curies":[{"name":"wp","href":"https:\/\/api.w.org\/{rel}","templated":true}]}}