{"id":9410,"date":"2015-04-08T19:07:32","date_gmt":"2015-04-08T22:07:32","guid":{"rendered":"http:\/\/jornalcontato.com.br\/home\/?p=9410"},"modified":"2015-04-28T16:24:34","modified_gmt":"2015-04-28T19:24:34","slug":"instituto-polo-x-conselho-do-simube-mais-um-round","status":"publish","type":"post","link":"https:\/\/www.jornalcontato.com.br\/home\/index.php\/instituto-polo-x-conselho-do-simube-mais-um-round\/","title":{"rendered":"Instituto Polo X Conselho do Simube: mais um round"},"content":{"rendered":"<p align=\"center\"><strong><em>S\u00e9rgio Alves, diretor do Instituto Polo Educacional, usou a tribuna livre da C\u00e2mara Municipal para rebater acusa\u00e7\u00f5es do presidente do Conselho de Administra\u00e7\u00e3o do SIMUBE \u2013 Sistema Municipal de Bolsas de Estudo<!--more--><\/em><\/strong><\/p>\n<p>Na sess\u00e3o legislativa de quarta feira, 01, S\u00e9rgio Alves, diretor do Instituto Polo Educacional, utilizou a tribuna livre para apresentar aos vereadores e mun\u00edcipes documentos que comprovariam as injusti\u00e7as cometidas pelo presidente do Conselho do SIMUBE, Alexandre Ferri, contra sua institui\u00e7\u00e3o.\u00a0 (ver: <strong><em>Justi\u00e7a cassa liminar e Simube descredencia Instituto Polo<\/em><\/strong>, em http:\/\/www.jornalcontato.com.br\/681\/JC681.pdf , p\u00e1gina 05)<\/p>\n<p>Os panfletos utilizados para atrair alunos seria uma forma de instruir a popula\u00e7\u00e3o carente sobre o programa de bolsas de estudo para cursos t\u00e9cnico; a oferta de bolsas de estudo de 25 a 100% seria praticamente semelhante a da Unitau, por\u00e9m, somente sua escola foi acusada de capta\u00e7\u00e3o irregular de alunos.<\/p>\n<p>Quanto a reserva de vagas atrav\u00e9s de pre\u00e7o bastante inferior ao valor desembolsado pelo Simube, Alves justificou-se afirmando que Ferri, presidente do Conselho deveria ter alertado o Instituto Polo. E justifica o baixo valor cobrado por ser um programa destinado a alunos de baixa renda. \u201cOxal\u00e1 todas as escolas tamb\u00e9m cobrassem taxas de matr\u00edcula nesse valor de R$ 20,00\u201d, concluiu.<\/p>\n<p>Alveso declarou da tribuna: \u201c<em>Nunca fraudamos documentos. Eu tenho os pais como testemunhas. A Diretoria de Ensino de Taubat\u00e9 pode testemunhar isso. As autoridades acompanham todos esses nossos projetos. O presidente do Simube nunca nos enviou notifica\u00e7\u00e3o, nem nunca nos pediu esclarecimentos, sobre valores absurdos ou sobre disparidades de valores que ele agora acusa. Essa quest\u00e3o da pr\u00e1tica de sobre pre\u00e7o n\u00e3o \u00e9 verdade.\u201d.<\/em><\/p>\n<p>No final, Alves denunciou que 24 horas ap\u00f3s o Juiz da Vara da Fazenda ter emitido a senten\u00e7a que cassava a liminar concedida ao Instituto Polo, ele foi expulso do Conselho e sua escola foi descredenciada. E concluiu exigindo uma retrata\u00e7\u00e3o do Conselho de Administra\u00e7\u00e3o e do seu presidente Alexandre Ferri. Suas palavras finais foram aplaudidas por pessoas que se apresentaram como familiares de alunos.<\/p>\n<p>Segundo Alves, n\u00e3o houve um processo administrativo e, dirigindo-se ao presidente do Conselho, que estava presente, perguntou: \u201c<em>Como a escola \u00e9 descredenciada no dia 04 de fevereiro e voc\u00ea s\u00f3 me aponta o processo para eu tomar conhecimento no dia 24 de mar\u00e7o? Isso \u00e9 um absurdo!\u201d.<\/em><\/p>\n<p>Ferri, presidente do Conselho, teria praticado, segundo Alves, abuso de poder ao publicar informa\u00e7\u00f5es que deturpavam a decis\u00e3o do Juiz da Vara da Fazenda, que suspendeu a liminar concedida ao Instituto Polo mas cuja decis\u00e3o final s\u00f3 ser\u00e1 proferida depois que analisar o recurso que ser\u00e1 impetrado.<\/p>\n<p>Alves informou nossa reportagem que protocolou na C\u00e2mara Municipal um pedido para que seja instaurado um processo de investiga\u00e7\u00e3o sobre suas den\u00fancias e que tamb\u00e9m est\u00e1 tomando provid\u00eancias judiciais contra os atos de Alexandre Ferri, presidente do Conselho de Administra\u00e7\u00e3o do SIMUBE.<\/p>\n<p>&nbsp;<\/p>\n<p>&nbsp;<\/p>\n<div id=\"attachment_9419\" style=\"width: 750px\" class=\"wp-caption aligncenter\"><a href=\"http:\/\/jornalcontato.com.br\/home\/wp-content\/uploads\/2015\/04\/23.jpg\"><img loading=\"lazy\" decoding=\"async\" aria-describedby=\"caption-attachment-9419\" class=\"size-full wp-image-9419\" title=\"Claque de funcion\u00e1rios do Instituto Polo\" src=\"http:\/\/jornalcontato.com.br\/home\/wp-content\/uploads\/2015\/04\/23.jpg\" alt=\"Claque de funcion\u00e1rios do Instituto Polo\" width=\"750\" height=\"500\" srcset=\"https:\/\/jornalcontato.com.br\/home\/wp-content\/uploads\/2015\/04\/23.jpg 750w, https:\/\/jornalcontato.com.br\/home\/wp-content\/uploads\/2015\/04\/23-300x200.jpg 300w\" sizes=\"auto, (max-width: 750px) 100vw, 750px\" \/><\/a><p id=\"caption-attachment-9419\" class=\"wp-caption-text\">Claque de funcion\u00e1rios do Instituto Polo<\/p><\/div>\n<p><a href=\"http:\/\/jornalcontato.com.br\/home\/wp-content\/uploads\/2015\/04\/03-Sergio-Alves-na-tribuna-da-C\u00e2mara.jpg\"><br \/>\n<\/a><\/p>\n","protected":false},"excerpt":{"rendered":"<p>S\u00e9rgio Alves, diretor do Instituto Polo Educacional, usou a tribuna livre da C\u00e2mara Municipal para rebater acusa\u00e7\u00f5es do presidente do Conselho de Administra\u00e7\u00e3o do SIMUBE &#8230;<\/p>\n","protected":false},"author":1,"featured_media":9415,"comment_status":"open","ping_status":"open","sticky":false,"template":"","format":"standard","meta":{"footnotes":""},"categories":[7],"tags":[],"class_list":["post-9410","post","type-post","status-publish","format-standard","has-post-thumbnail","hentry","category-reportagem"],"_links":{"self":[{"href":"https:\/\/www.jornalcontato.com.br\/home\/index.php\/wp-json\/wp\/v2\/posts\/9410","targetHints":{"allow":["GET"]}}],"collection":[{"href":"https:\/\/www.jornalcontato.com.br\/home\/index.php\/wp-json\/wp\/v2\/posts"}],"about":[{"href":"https:\/\/www.jornalcontato.com.br\/home\/index.php\/wp-json\/wp\/v2\/types\/post"}],"author":[{"embeddable":true,"href":"https:\/\/www.jornalcontato.com.br\/home\/index.php\/wp-json\/wp\/v2\/users\/1"}],"replies":[{"embeddable":true,"href":"https:\/\/www.jornalcontato.com.br\/home\/index.php\/wp-json\/wp\/v2\/comments?post=9410"}],"version-history":[{"count":5,"href":"https:\/\/www.jornalcontato.com.br\/home\/index.php\/wp-json\/wp\/v2\/posts\/9410\/revisions"}],"predecessor-version":[{"id":9417,"href":"https:\/\/www.jornalcontato.com.br\/home\/index.php\/wp-json\/wp\/v2\/posts\/9410\/revisions\/9417"}],"wp:featuredmedia":[{"embeddable":true,"href":"https:\/\/www.jornalcontato.com.br\/home\/index.php\/wp-json\/wp\/v2\/media\/9415"}],"wp:attachment":[{"href":"https:\/\/www.jornalcontato.com.br\/home\/index.php\/wp-json\/wp\/v2\/media?parent=9410"}],"wp:term":[{"taxonomy":"category","embeddable":true,"href":"https:\/\/www.jornalcontato.com.br\/home\/index.php\/wp-json\/wp\/v2\/categories?post=9410"},{"taxonomy":"post_tag","embeddable":true,"href":"https:\/\/www.jornalcontato.com.br\/home\/index.php\/wp-json\/wp\/v2\/tags?post=9410"}],"curies":[{"name":"wp","href":"https:\/\/api.w.org\/{rel}","templated":true}]}}