{"id":9400,"date":"2015-04-07T11:06:15","date_gmt":"2015-04-07T14:06:15","guid":{"rendered":"http:\/\/jornalcontato.com.br\/home\/?p=9400"},"modified":"2016-04-05T16:12:27","modified_gmt":"2016-04-05T19:12:27","slug":"thomaz-alckmin-e-sepultado-em-pinda","status":"publish","type":"post","link":"https:\/\/www.jornalcontato.com.br\/home\/index.php\/thomaz-alckmin-e-sepultado-em-pinda\/","title":{"rendered":"Thomaz Alckmin \u00e9 sepultado em Pinda"},"content":{"rendered":"<p align=\"center\"><strong><em>Milhares de moradores permaneceram, na sexta 03, em frente ao Cemit\u00e9rio Municipal de Pindamonhangaba para o sepultamento do filho ca\u00e7ula do governador Geraldo Alckmin depois de ser velado at\u00e9 as 15h no Hospital Albert Einstein, em S\u00e3o Paulo<!--more--><\/em><\/strong><\/p>\n<p>A partir das 15h uma multid\u00e3o se formou nas imedia\u00e7\u00f5es do cemit\u00e9rio municipal de Pindamonhangaba para aguardar a chegada do cortejo para o enterro do filho ca\u00e7ula de Geraldo Alckmin v\u00edtima de um acidente de helic\u00f3ptero na quinta 02 em Carapicu\u00edba, Grande S\u00e3o Paulo.<\/p>\n<p>Thomaz Alckmin faria 32 anos na segunda-feira, 06. A consterna\u00e7\u00e3o geral dos presentes se traduzia em manifesta\u00e7\u00f5es de solidariedade com a fam\u00edlia do \u201cGeraldinho\u201d como o governador \u00e9 chamado na cidade.<\/p>\n<p>Por volta de 17h o corpo de Thomaz chegou a Pinda e foi velado na Santa Casa onde tamb\u00e9m foi realizada uma cerim\u00f4nia religiosa s\u00f3 com a presen\u00e7a de familiares. Em seguida, o corpo foi levado para o cemit\u00e9rio municipal, onde milhares de pessoas permaneceram at\u00e9 o final do sepultamento.<\/p>\n<p>Autoridades civis e militares fizeram quest\u00e3o de acompanhar o funeral at\u00e9 o sepultamento.<\/p>\n<p>Thomaz era casado e deixa 2 filhas. \u00a0Ele era piloto de helic\u00f3petero e foi convidado a acompanhar um voo de teste de uma aeronave que acabara de passar por manuten\u00e7\u00e3o. Thomaz trabalhava para a mesma empresa propriet\u00e1ria do helic\u00f3ptero de prefixo ECC-155.<\/p>\n<p>Minutos ap\u00f3s a decolagem ocorreu o acidente, provavelmente provocado pela soltura de uma h\u00e9lice. N\u00e3o houve sobreviventes do acidente que vitimou outras quatro pessoas, inclusive tr\u00eas mec\u00e2nicos.<\/p>\n<p>&nbsp;<\/p>\n<div id=\"attachment_9402\" style=\"width: 650px\" class=\"wp-caption aligncenter\"><a href=\"http:\/\/jornalcontato.com.br\/home\/wp-content\/uploads\/2015\/04\/11.jpg\"><img loading=\"lazy\" decoding=\"async\" aria-describedby=\"caption-attachment-9402\" class=\"size-full wp-image-9402\" title=\"Deputado Paulo Maluf\" src=\"http:\/\/jornalcontato.com.br\/home\/wp-content\/uploads\/2015\/04\/11.jpg\" alt=\"\" width=\"650\" height=\"366\" srcset=\"https:\/\/jornalcontato.com.br\/home\/wp-content\/uploads\/2015\/04\/11.jpg 650w, https:\/\/jornalcontato.com.br\/home\/wp-content\/uploads\/2015\/04\/11-300x168.jpg 300w, https:\/\/jornalcontato.com.br\/home\/wp-content\/uploads\/2015\/04\/11-440x247.jpg 440w\" sizes=\"auto, (max-width: 650px) 100vw, 650px\" \/><\/a><p id=\"caption-attachment-9402\" class=\"wp-caption-text\">Deputado Paulo Maluf<\/p><\/div>\n<p>&nbsp;<\/p>\n<div id=\"attachment_9403\" style=\"width: 650px\" class=\"wp-caption aligncenter\"><a href=\"http:\/\/jornalcontato.com.br\/home\/wp-content\/uploads\/2015\/04\/21.jpg\"><img loading=\"lazy\" decoding=\"async\" aria-describedby=\"caption-attachment-9403\" class=\"size-full wp-image-9403\" title=\"Vereadores tucanos Bilili e Dig\u00e3o\" src=\"http:\/\/jornalcontato.com.br\/home\/wp-content\/uploads\/2015\/04\/21.jpg\" alt=\"Vereadores tucanos Bilili e Dig\u00e3o\" width=\"650\" height=\"366\" srcset=\"https:\/\/jornalcontato.com.br\/home\/wp-content\/uploads\/2015\/04\/21.jpg 650w, https:\/\/jornalcontato.com.br\/home\/wp-content\/uploads\/2015\/04\/21-300x168.jpg 300w, https:\/\/jornalcontato.com.br\/home\/wp-content\/uploads\/2015\/04\/21-440x247.jpg 440w\" sizes=\"auto, (max-width: 650px) 100vw, 650px\" \/><\/a><p id=\"caption-attachment-9403\" class=\"wp-caption-text\">Vereadores tucanos Bilili e Dig\u00e3o<\/p><\/div>\n<p>&nbsp;<\/p>\n<div id=\"attachment_9404\" style=\"width: 650px\" class=\"wp-caption aligncenter\"><a href=\"http:\/\/jornalcontato.com.br\/home\/wp-content\/uploads\/2015\/04\/31.jpg\"><img loading=\"lazy\" decoding=\"async\" aria-describedby=\"caption-attachment-9404\" class=\"size-full wp-image-9404\" title=\"Emanuel Fernandes, ex-prefeito de S\u00e3o Jos\u00e9 dos Campos\" src=\"http:\/\/jornalcontato.com.br\/home\/wp-content\/uploads\/2015\/04\/31.jpg\" alt=\"Emanuel Fernandes, ex-prefeito de S\u00e3o Jos\u00e9 dos Campos\" width=\"650\" height=\"366\" srcset=\"https:\/\/jornalcontato.com.br\/home\/wp-content\/uploads\/2015\/04\/31.jpg 650w, https:\/\/jornalcontato.com.br\/home\/wp-content\/uploads\/2015\/04\/31-300x168.jpg 300w, https:\/\/jornalcontato.com.br\/home\/wp-content\/uploads\/2015\/04\/31-440x247.jpg 440w\" sizes=\"auto, (max-width: 650px) 100vw, 650px\" \/><\/a><p id=\"caption-attachment-9404\" class=\"wp-caption-text\">Emanuel Fernandes, ex-prefeito de S\u00e3o Jos\u00e9 dos Campos<\/p><\/div>\n<p>&nbsp;<\/p>\n<div id=\"attachment_9405\" style=\"width: 650px\" class=\"wp-caption aligncenter\"><a href=\"http:\/\/jornalcontato.com.br\/home\/wp-content\/uploads\/2015\/04\/41.jpg\"><img loading=\"lazy\" decoding=\"async\" aria-describedby=\"caption-attachment-9405\" class=\"size-full wp-image-9405\" title=\"Eduardo Cury, ex-prefeito de S\u00e3o Jos\u00e9 dos Campos\" src=\"http:\/\/jornalcontato.com.br\/home\/wp-content\/uploads\/2015\/04\/41.jpg\" alt=\"Eduardo Cury, ex-prefeito de S\u00e3o Jos\u00e9 dos Campos\" width=\"650\" height=\"366\" srcset=\"https:\/\/jornalcontato.com.br\/home\/wp-content\/uploads\/2015\/04\/41.jpg 650w, https:\/\/jornalcontato.com.br\/home\/wp-content\/uploads\/2015\/04\/41-300x168.jpg 300w, https:\/\/jornalcontato.com.br\/home\/wp-content\/uploads\/2015\/04\/41-440x247.jpg 440w\" sizes=\"auto, (max-width: 650px) 100vw, 650px\" \/><\/a><p id=\"caption-attachment-9405\" class=\"wp-caption-text\">Eduardo Cury, ex-prefeito de S\u00e3o Jos\u00e9 dos Campos<\/p><\/div>\n<p>&nbsp;<\/p>\n<div id=\"attachment_9406\" style=\"width: 650px\" class=\"wp-caption aligncenter\"><a href=\"http:\/\/jornalcontato.com.br\/home\/wp-content\/uploads\/2015\/04\/51.jpg\"><img loading=\"lazy\" decoding=\"async\" aria-describedby=\"caption-attachment-9406\" class=\"size-full wp-image-9406\" title=\"General Furlan, comandante do CAvEx\" src=\"http:\/\/jornalcontato.com.br\/home\/wp-content\/uploads\/2015\/04\/51.jpg\" alt=\"General Furlan, comandante do CAvEx\" width=\"650\" height=\"366\" srcset=\"https:\/\/jornalcontato.com.br\/home\/wp-content\/uploads\/2015\/04\/51.jpg 650w, https:\/\/jornalcontato.com.br\/home\/wp-content\/uploads\/2015\/04\/51-300x168.jpg 300w, https:\/\/jornalcontato.com.br\/home\/wp-content\/uploads\/2015\/04\/51-440x247.jpg 440w\" sizes=\"auto, (max-width: 650px) 100vw, 650px\" \/><\/a><p id=\"caption-attachment-9406\" class=\"wp-caption-text\">General Furlan, comandante do CAvEx<\/p><\/div>\n","protected":false},"excerpt":{"rendered":"<p>Milhares de moradores permaneceram, na sexta 03, em frente ao Cemit\u00e9rio Municipal de Pindamonhangaba para o sepultamento do filho ca\u00e7ula do governador Geraldo Alckmin depois &#8230;<\/p>\n","protected":false},"author":1,"featured_media":9401,"comment_status":"open","ping_status":"open","sticky":false,"template":"","format":"standard","meta":{"footnotes":""},"categories":[1,7],"tags":[],"class_list":["post-9400","post","type-post","status-publish","format-standard","has-post-thumbnail","hentry","category-nacional","category-reportagem"],"_links":{"self":[{"href":"https:\/\/www.jornalcontato.com.br\/home\/index.php\/wp-json\/wp\/v2\/posts\/9400","targetHints":{"allow":["GET"]}}],"collection":[{"href":"https:\/\/www.jornalcontato.com.br\/home\/index.php\/wp-json\/wp\/v2\/posts"}],"about":[{"href":"https:\/\/www.jornalcontato.com.br\/home\/index.php\/wp-json\/wp\/v2\/types\/post"}],"author":[{"embeddable":true,"href":"https:\/\/www.jornalcontato.com.br\/home\/index.php\/wp-json\/wp\/v2\/users\/1"}],"replies":[{"embeddable":true,"href":"https:\/\/www.jornalcontato.com.br\/home\/index.php\/wp-json\/wp\/v2\/comments?post=9400"}],"version-history":[{"count":5,"href":"https:\/\/www.jornalcontato.com.br\/home\/index.php\/wp-json\/wp\/v2\/posts\/9400\/revisions"}],"predecessor-version":[{"id":10928,"href":"https:\/\/www.jornalcontato.com.br\/home\/index.php\/wp-json\/wp\/v2\/posts\/9400\/revisions\/10928"}],"wp:featuredmedia":[{"embeddable":true,"href":"https:\/\/www.jornalcontato.com.br\/home\/index.php\/wp-json\/wp\/v2\/media\/9401"}],"wp:attachment":[{"href":"https:\/\/www.jornalcontato.com.br\/home\/index.php\/wp-json\/wp\/v2\/media?parent=9400"}],"wp:term":[{"taxonomy":"category","embeddable":true,"href":"https:\/\/www.jornalcontato.com.br\/home\/index.php\/wp-json\/wp\/v2\/categories?post=9400"},{"taxonomy":"post_tag","embeddable":true,"href":"https:\/\/www.jornalcontato.com.br\/home\/index.php\/wp-json\/wp\/v2\/tags?post=9400"}],"curies":[{"name":"wp","href":"https:\/\/api.w.org\/{rel}","templated":true}]}}