{"id":9387,"date":"2015-04-07T10:49:48","date_gmt":"2015-04-07T13:49:48","guid":{"rendered":"http:\/\/jornalcontato.com.br\/home\/?p=9387"},"modified":"2015-04-28T16:23:43","modified_gmt":"2015-04-28T19:23:43","slug":"cidade-sem-lei-e-sem-alma","status":"publish","type":"post","link":"https:\/\/www.jornalcontato.com.br\/home\/index.php\/cidade-sem-lei-e-sem-alma\/","title":{"rendered":"Cidade sem lei e sem alma"},"content":{"rendered":"<p>A \u00e1rvore frondosa que ornamentava a avenida Independ\u00eancia, a \u00faltima do quarteir\u00e3o ao lado do Senai, do outro lado da avenida It\u00e1lia, foi derrubada na quinta-feira, 02. <!--more-->Flamboyant \u00e9 uma \u00e1rvore frondosa tamb\u00e9m conhecida como delonix regia, ou simplesmente Ac\u00e1cia-rubra,\u00a0uma planta ornamental que provavelmente veio\u00a0da \u00c1frica em algum navio negreiro, escondida entre as poucas coisas de algum escravo para n\u00e3o perder suas ra\u00edzes com a p\u00e1tria m\u00e3e.<br \/>\nO rep\u00f3rter de Contato ficou pasmo quando se defrontou com uma m\u00e1quina retroescavadeira, motosserra e picaretas em a\u00e7\u00e3o contra um flamboyant indefeso. Oper\u00e1rios que pareciam iniciar uma guerra n\u00e3o importa contra quem. Soldados est\u00e3o sempre a servi\u00e7o de algum senhor em troca de algumas moedas. Pobres coitados, eles n\u00e3o sabem o mal que fazem.<br \/>\nMas quem os paga sabe muito bem. E quem autoriza sabe muito mais. S\u00e3o \u201cotoridades\u201d cercadas de t\u00e9cnicos e assessores que poderiam perfeitamente encontrar uma solu\u00e7\u00e3o e explicar para os mun\u00edcipes que os sustentam se haver\u00e1 ou n\u00e3o alguma compensa\u00e7\u00e3o.<br \/>\nNa quinta-feira pela manh\u00e3, o flamboyant parecia chorar. Mas n\u00e3o era um choro medroso. Muito pelo contr\u00e1rio. Ele chorava de raiva diante da incompreens\u00e3o do homem que destr\u00f3i seu amanh\u00e3. Tudo em nome do \u201cprogresso\u201d e da \u201cmobilidade urbana\u201d e da felicidade geral do prefeito e sua Lola.<br \/>\nQuem assumir\u00e1 sua destrui\u00e7\u00e3o, hein, senhor prefeito? Foi o senhor quem ordenou o corte ou algum pau mandado? E o arquiteto Armando Gal\u00e3o, teria algum compromisso com essa a\u00e7\u00e3o ou foi feita \u00e0 revelia de seu projeto?<br \/>\nO flamboyant resistiu heroicamente, apesar de ter todos, todos, os seus membros cortados por uma infernal motosserra e suas ra\u00edzes decepadas por picaretas. Mesmo assim a \u00e1rvore resistia aos golpes impiedosos desfechados pela retroescavadeira sob o comando de um cidad\u00e3o que n\u00e3o tem ideia do mal que fazia.<br \/>\nEm casa, \u00e0 sombra de alguma outra \u00e1rvore de seu s\u00edtio, o prefeito devia estar aguardando a informa\u00e7\u00e3o que algum funcion\u00e1rio da Prefeitura lhe passaria do balc\u00e3o de algum boteco onde assistia o fim daquele magn\u00edfico flamboyant.<br \/>\nCrimes como esse acontecem todos os dias. Por\u00e9m, cinicamente, a Prefeitura encena o plantio de novas \u00e1rvores na Pra\u00e7a Tanta Terezinha.<br \/>\nO inexor\u00e1vel tempo apresentar\u00e1 a fatura \u00e0s novas gera\u00e7\u00f5es.<br \/>\nMem\u00f3ria e qualidade de vida s\u00e3o duas metas que poderiam fazer parte do programa de governo do governo municipal. Por\u00e9m, infelizmente&#8230;<\/p>\n<div id=\"attachment_9393\" style=\"width: 600px\" class=\"wp-caption aligncenter\"><a href=\"http:\/\/jornalcontato.com.br\/home\/wp-content\/uploads\/2015\/04\/1.jpg\"><img loading=\"lazy\" decoding=\"async\" aria-describedby=\"caption-attachment-9393\" class=\"size-full wp-image-9393\" title=\"Flamboyant n\u00e3o resistiu\" src=\"http:\/\/jornalcontato.com.br\/home\/wp-content\/uploads\/2015\/04\/1.jpg\" alt=\"Flamboyant n\u00e3o resistiu\" width=\"600\" height=\"400\" srcset=\"https:\/\/jornalcontato.com.br\/home\/wp-content\/uploads\/2015\/04\/1.jpg 600w, https:\/\/jornalcontato.com.br\/home\/wp-content\/uploads\/2015\/04\/1-300x200.jpg 300w\" sizes=\"auto, (max-width: 600px) 100vw, 600px\" \/><\/a><p id=\"caption-attachment-9393\" class=\"wp-caption-text\">Flamboyant n\u00e3o resistiu<\/p><\/div>\n<p>&nbsp;<\/p>\n<div id=\"attachment_9394\" style=\"width: 600px\" class=\"wp-caption aligncenter\"><a href=\"http:\/\/jornalcontato.com.br\/home\/wp-content\/uploads\/2015\/04\/2.jpg\"><img loading=\"lazy\" decoding=\"async\" aria-describedby=\"caption-attachment-9394\" class=\"size-full wp-image-9394\" title=\"A Prefeitura n\u00e3o se cansa...\" src=\"http:\/\/jornalcontato.com.br\/home\/wp-content\/uploads\/2015\/04\/2.jpg\" alt=\"A Prefeitura n\u00e3o se cansa...\" width=\"600\" height=\"398\" srcset=\"https:\/\/jornalcontato.com.br\/home\/wp-content\/uploads\/2015\/04\/2.jpg 600w, https:\/\/jornalcontato.com.br\/home\/wp-content\/uploads\/2015\/04\/2-300x199.jpg 300w\" sizes=\"auto, (max-width: 600px) 100vw, 600px\" \/><\/a><p id=\"caption-attachment-9394\" class=\"wp-caption-text\">A Prefeitura n\u00e3o se cansa&#8230;<\/p><\/div>\n<p>&nbsp;<\/p>\n<div id=\"attachment_9395\" style=\"width: 600px\" class=\"wp-caption aligncenter\"><a href=\"http:\/\/jornalcontato.com.br\/home\/wp-content\/uploads\/2015\/04\/3.jpg\"><img loading=\"lazy\" decoding=\"async\" aria-describedby=\"caption-attachment-9395\" class=\"size-full wp-image-9395\" title=\"de derrubar \u00e1rvores frondosas...\" src=\"http:\/\/jornalcontato.com.br\/home\/wp-content\/uploads\/2015\/04\/3.jpg\" alt=\"de derrubar \u00e1rvores frondosas...\" width=\"600\" height=\"398\" srcset=\"https:\/\/jornalcontato.com.br\/home\/wp-content\/uploads\/2015\/04\/3.jpg 600w, https:\/\/jornalcontato.com.br\/home\/wp-content\/uploads\/2015\/04\/3-300x199.jpg 300w\" sizes=\"auto, (max-width: 600px) 100vw, 600px\" \/><\/a><p id=\"caption-attachment-9395\" class=\"wp-caption-text\">de derrubar \u00e1rvores frondosas&#8230;<\/p><\/div>\n<p>&nbsp;<\/p>\n<div id=\"attachment_9396\" style=\"width: 600px\" class=\"wp-caption aligncenter\"><a href=\"http:\/\/jornalcontato.com.br\/home\/wp-content\/uploads\/2015\/04\/4.jpg\"><img loading=\"lazy\" decoding=\"async\" aria-describedby=\"caption-attachment-9396\" class=\"size-full wp-image-9396\" title=\"...na terra de Lobato\" src=\"http:\/\/jornalcontato.com.br\/home\/wp-content\/uploads\/2015\/04\/4.jpg\" alt=\"...na terra de Lobato\" width=\"600\" height=\"398\" srcset=\"https:\/\/jornalcontato.com.br\/home\/wp-content\/uploads\/2015\/04\/4.jpg 600w, https:\/\/jornalcontato.com.br\/home\/wp-content\/uploads\/2015\/04\/4-300x199.jpg 300w\" sizes=\"auto, (max-width: 600px) 100vw, 600px\" \/><\/a><p id=\"caption-attachment-9396\" class=\"wp-caption-text\">&#8230;na terra de Lobato<\/p><\/div>\n<p>&nbsp;<\/p>\n<div id=\"attachment_9397\" style=\"width: 600px\" class=\"wp-caption aligncenter\"><a href=\"http:\/\/jornalcontato.com.br\/home\/wp-content\/uploads\/2015\/04\/5.jpg\"><img loading=\"lazy\" decoding=\"async\" aria-describedby=\"caption-attachment-9397\" class=\"size-full wp-image-9397\" title=\"Foto do flamboyant em 2011\" src=\"http:\/\/jornalcontato.com.br\/home\/wp-content\/uploads\/2015\/04\/5.jpg\" alt=\"Foto do flamboyant em 2011\" width=\"600\" height=\"430\" srcset=\"https:\/\/jornalcontato.com.br\/home\/wp-content\/uploads\/2015\/04\/5.jpg 600w, https:\/\/jornalcontato.com.br\/home\/wp-content\/uploads\/2015\/04\/5-300x215.jpg 300w\" sizes=\"auto, (max-width: 600px) 100vw, 600px\" \/><\/a><p id=\"caption-attachment-9397\" class=\"wp-caption-text\">Foto do flamboyant em 2011<\/p><\/div>\n<p>&nbsp;<\/p>\n","protected":false},"excerpt":{"rendered":"<p>A \u00e1rvore frondosa que ornamentava a avenida Independ\u00eancia, a \u00faltima do quarteir\u00e3o ao lado do Senai, do outro lado da avenida It\u00e1lia, foi derrubada na &#8230;<\/p>\n","protected":false},"author":1,"featured_media":9392,"comment_status":"open","ping_status":"open","sticky":false,"template":"","format":"standard","meta":{"footnotes":""},"categories":[7],"tags":[],"class_list":["post-9387","post","type-post","status-publish","format-standard","has-post-thumbnail","hentry","category-reportagem"],"_links":{"self":[{"href":"https:\/\/www.jornalcontato.com.br\/home\/index.php\/wp-json\/wp\/v2\/posts\/9387","targetHints":{"allow":["GET"]}}],"collection":[{"href":"https:\/\/www.jornalcontato.com.br\/home\/index.php\/wp-json\/wp\/v2\/posts"}],"about":[{"href":"https:\/\/www.jornalcontato.com.br\/home\/index.php\/wp-json\/wp\/v2\/types\/post"}],"author":[{"embeddable":true,"href":"https:\/\/www.jornalcontato.com.br\/home\/index.php\/wp-json\/wp\/v2\/users\/1"}],"replies":[{"embeddable":true,"href":"https:\/\/www.jornalcontato.com.br\/home\/index.php\/wp-json\/wp\/v2\/comments?post=9387"}],"version-history":[{"count":4,"href":"https:\/\/www.jornalcontato.com.br\/home\/index.php\/wp-json\/wp\/v2\/posts\/9387\/revisions"}],"predecessor-version":[{"id":9399,"href":"https:\/\/www.jornalcontato.com.br\/home\/index.php\/wp-json\/wp\/v2\/posts\/9387\/revisions\/9399"}],"wp:featuredmedia":[{"embeddable":true,"href":"https:\/\/www.jornalcontato.com.br\/home\/index.php\/wp-json\/wp\/v2\/media\/9392"}],"wp:attachment":[{"href":"https:\/\/www.jornalcontato.com.br\/home\/index.php\/wp-json\/wp\/v2\/media?parent=9387"}],"wp:term":[{"taxonomy":"category","embeddable":true,"href":"https:\/\/www.jornalcontato.com.br\/home\/index.php\/wp-json\/wp\/v2\/categories?post=9387"},{"taxonomy":"post_tag","embeddable":true,"href":"https:\/\/www.jornalcontato.com.br\/home\/index.php\/wp-json\/wp\/v2\/tags?post=9387"}],"curies":[{"name":"wp","href":"https:\/\/api.w.org\/{rel}","templated":true}]}}