{"id":934,"date":"2012-02-28T17:55:43","date_gmt":"2012-02-28T20:55:43","guid":{"rendered":"http:\/\/jornalcontato.com.br\/home\/?p=934"},"modified":"2012-08-17T17:56:10","modified_gmt":"2012-08-17T20:56:10","slug":"s-o-s-para-a-rede-municipal-de-ensino","status":"publish","type":"post","link":"https:\/\/www.jornalcontato.com.br\/home\/index.php\/s-o-s-para-a-rede-municipal-de-ensino\/","title":{"rendered":"S.O.S. para a rede municipal de ensino"},"content":{"rendered":"<p>Um monstro amea\u00e7a nossas crian\u00e7as. O monstro da falta de compromisso do prefeito Roberto Peixoto e sua turma para com os alunos da rede municipal de ensino. Um monstro que n\u00e3o tem qualquer compromisso \u00e9tico com as futuras gera\u00e7\u00f5es.<\/p>\n<div>\u00c9 t\u00e3o grande o descalabro que o vereador M\u00e1rio Ortiz (PSD) protocolou hoje, quarta-feira, 28, o requerimento 213\/2012, clique<a href=\"http:\/\/www.jornalcontato.com.br\/extras\/Requerimento_-_Merenda_Escolar.pdf\" target=\"_blank\">AQUI<\/a>\u00a0para ler na \u00edntegra que:<\/div>\n<div>\u00a0\u00a0\u00a0\u00a0\u00a0\u00a0\u00a0\u00a0\u00a0\u00a0\u00a0 &#8211; a merenda servida tem sido s\u00f3 de arroz e ovo;<\/div>\n<div>\u00a0\u00a0\u00a0\u00a0\u00a0\u00a0\u00a0\u00a0\u00a0\u00a0\u00a0 &#8211; compra emergencial com dinheiro que s\u00f3 d\u00e1 para comprar salsicha;<\/div>\n<div>\u00a0\u00a0\u00a0\u00a0\u00a0\u00a0\u00a0\u00a0\u00a0\u00a0\u00a0 &#8211; fotos postadas na rede social mostrando dispensas vazias;<\/div>\n<div>\u00a0\u00a0\u00a0\u00a0\u00a0\u00a0\u00a0\u00a0\u00a0\u00a0\u00a0 &#8211; uma escola recebeu carne embalada em saco de lixo;<\/div>\n<div>\u00a0\u00a0\u00a0\u00a0\u00a0\u00a0\u00a0\u00a0\u00a0\u00a0\u00a0 &#8211; a\u00e7\u00e3o de despejo da empresa EB, respons\u00e1vel pela merenda, na 1\u00aa Vara C\u00edvel por falta de pagamento de aluguel, clique\u00a0<a href=\"http:\/\/www.jornalcontato.com.br\/extras\/EB_ALIMENTACAO_ACAo.pdf\" target=\"_blank\">AQUI<\/a>\u00a0para ver a a\u00e7\u00e3o;<\/div>\n<div>\u00a0\u00a0\u00a0\u00a0\u00a0\u00a0\u00a0\u00a0\u00a0\u00a0\u00a0 &#8211; merendeiras com sal\u00e1rios atrasados<\/div>\n<div><\/div>\n<div>Diante desse tenebroso quadro, M\u00e1rio Ortiz pede que a C\u00e2mara exija que a Prefeitura informe<\/div>\n<div>1) o que de efetivo foi ou ser\u00e1 feito; e<\/div>\n<div>2) se est\u00e1 fiscalizando o recolhimento de encargos sociais pelas empresas terceirizadas.<\/div>\n<div><\/div>\n<div>E N\u00d3S, MUN\u00cdCIPES, VAMOS FICAR QUIETOS?<\/div>\n","protected":false},"excerpt":{"rendered":"<p>Um monstro amea\u00e7a nossas crian\u00e7as. O monstro da falta de compromisso do prefeito Roberto Peixoto e sua turma para com os alunos da rede municipal &#8230;<\/p>\n","protected":false},"author":1,"featured_media":0,"comment_status":"open","ping_status":"open","sticky":false,"template":"","format":"standard","meta":{"footnotes":""},"categories":[7],"tags":[],"class_list":["post-934","post","type-post","status-publish","format-standard","hentry","category-reportagem"],"_links":{"self":[{"href":"https:\/\/www.jornalcontato.com.br\/home\/index.php\/wp-json\/wp\/v2\/posts\/934","targetHints":{"allow":["GET"]}}],"collection":[{"href":"https:\/\/www.jornalcontato.com.br\/home\/index.php\/wp-json\/wp\/v2\/posts"}],"about":[{"href":"https:\/\/www.jornalcontato.com.br\/home\/index.php\/wp-json\/wp\/v2\/types\/post"}],"author":[{"embeddable":true,"href":"https:\/\/www.jornalcontato.com.br\/home\/index.php\/wp-json\/wp\/v2\/users\/1"}],"replies":[{"embeddable":true,"href":"https:\/\/www.jornalcontato.com.br\/home\/index.php\/wp-json\/wp\/v2\/comments?post=934"}],"version-history":[{"count":2,"href":"https:\/\/www.jornalcontato.com.br\/home\/index.php\/wp-json\/wp\/v2\/posts\/934\/revisions"}],"predecessor-version":[{"id":936,"href":"https:\/\/www.jornalcontato.com.br\/home\/index.php\/wp-json\/wp\/v2\/posts\/934\/revisions\/936"}],"wp:attachment":[{"href":"https:\/\/www.jornalcontato.com.br\/home\/index.php\/wp-json\/wp\/v2\/media?parent=934"}],"wp:term":[{"taxonomy":"category","embeddable":true,"href":"https:\/\/www.jornalcontato.com.br\/home\/index.php\/wp-json\/wp\/v2\/categories?post=934"},{"taxonomy":"post_tag","embeddable":true,"href":"https:\/\/www.jornalcontato.com.br\/home\/index.php\/wp-json\/wp\/v2\/tags?post=934"}],"curies":[{"name":"wp","href":"https:\/\/api.w.org\/{rel}","templated":true}]}}