{"id":9304,"date":"2015-03-24T15:37:11","date_gmt":"2015-03-24T18:37:11","guid":{"rendered":"http:\/\/jornalcontato.com.br\/home\/?p=9304"},"modified":"2016-04-05T15:38:14","modified_gmt":"2016-04-05T18:38:14","slug":"vila-santo-aleixo-oleo-de-peroba-para-a-cara-da-prefeitura","status":"publish","type":"post","link":"https:\/\/www.jornalcontato.com.br\/home\/index.php\/vila-santo-aleixo-oleo-de-peroba-para-a-cara-da-prefeitura\/","title":{"rendered":"Vila Santo Aleixo: \u00d3leo de peroba para a cara da Prefeitura"},"content":{"rendered":"<p align=\"center\"><strong><em>Assim que os holofotes foram acesos por uma emissora de TV, eis que Prefeitura ensaia um teatrinho de chanchada de quinta categoria para fingir que trabalha. <!--more-->Uma farsa que dever\u00e1 aumentar ainda mais, quanto mais se aproximarem as elei\u00e7\u00f5es municipais do pr\u00f3ximo ano. Ou seja, os caras de pau imaginam que o eleitor al\u00e9m de burro n\u00e3o tem mem\u00f3ria<\/em><\/strong><\/p>\n<p>&nbsp;<\/p>\n<p>Depois das den\u00fancias feitas por CONTATO sobre o abandono em que se encontra a Vila Santo Aleixo, um patrim\u00f4nio hist\u00f3rico tombado, uma conhecida rede de televis\u00e3o resolveu fazer uma reportagem. O movimento Preserva Taubat\u00e9 foi convidado a participar.<\/p>\n<p>Na segunda-feira, 23, a rede de TV, devidamente assessorada pelo movimento, constatou no local o completo abandono e descaso da Prefeitura. As janelas, por exemplo, est\u00e3o todas abertas e quebradas, as paredes corro\u00eddas e o mato toma conta do local.<\/p>\n<p>Diante da movimenta\u00e7\u00e3o na frente do patrim\u00f4nio tombado e abandonado, muitos cidad\u00e3os que por ali passavam pararam para lamentar a situa\u00e7\u00e3o a que chegou o casar\u00e3o que j\u00e1 abrigou o Cardeal Arco Verde. Outros se mostraram preocupados tamb\u00e9m com a prolifera\u00e7\u00e3o do mosquito da dengue no local, j\u00e1 que devido ao descaso, pessoas sem conscientiza\u00e7\u00e3o est\u00e3o jogando lixo no local e acumulando entulho.<\/p>\n<p>Esses depoimentos confirmam a pletora de den\u00fancias por inciativa do movimento Preserva e veiculadas no CONTATO. A \u00faltima desculpa oficial foi registrada na edi\u00e7\u00e3o 678: \u201cVilla Santo Aleixo &#8211; A mem\u00f3ria de Taubat\u00e9, quem diria, foi parar na fossa s\u00e9ptica\u201d.<\/p>\n<p>A chamada da reportagem \u00e9 esclarecedora: \u201cO jogo do empurra-empurra quando o assunto \u00e9 responsabilidade p\u00fablica \u00e9 a marca da administra\u00e7\u00e3o municipal capitaneada por um historiador, filho de outro historiador, que parecem ter se esquecido da Hist\u00f3ria da terra de Lobato\u201d.<\/p>\n<p><strong>\u00a0<\/strong><\/p>\n<p><strong>Otoridades<\/strong><\/p>\n<p>Wanderlan Ramos de Carvalho Filho, gerente da \u00e1rea de Museus, Patrim\u00f4nio e Arquivos Hist\u00f3ricos da Prefeitura de Taubat\u00e9, em tese deveria ser o respons\u00e1vel pelos patrim\u00f4nios da terra de Lobato, n\u00e3o consegue achar um \u00fanico argumento minimamente consistente.<\/p>\n<p>A secret\u00e1ria de Turismo e Cultura, Martha Serra, a quem Wanderlan seria subordinado, diz que sequer disp\u00f5e da rela\u00e7\u00e3o do patrim\u00f4nio hist\u00f3rico, tombado ou n\u00e3o, da terra de Lobato.<\/p>\n<p>Alexandre Magno, secret\u00e1rio de Servi\u00e7os e Obras, afirma que n\u00e3o limpou o mato que toma conta da Villa Santo Aleixo porque n\u00e3o pode entrar com caminh\u00e3o e m\u00e1quinas. O pr\u00f3prio Wanderlan responde: \u201c\u00c9 s\u00f3 fazer capina manual.\u201d<\/p>\n<p>Na mesma edi\u00e7\u00e3o, CONTATO conclui: \u201cEnquanto isso, o prefeito Ortiz J\u00fanior (PSDB) prefere o sil\u00eancio e ordena que sua assessoria de comunica\u00e7\u00e3o fa\u00e7a o mesmo\u201d.<\/p>\n<p>&nbsp;<\/p>\n<p><strong>Encena\u00e7\u00e3o mambembe<\/strong><\/p>\n<p>Na segunda-feira, 23, enquanto a reportagem da TV entrevistava representantes do movimento Preserva, em frente \u00e0 Vila Santo Aleixo, uma caminhonete da Prefeitura chegou com meia d\u00fazia de oper\u00e1rios e imediatamente sacaram suas enxadas e come\u00e7aram a carpir o mato que n\u00e3o podia ser carpido porque n\u00e3o era poss\u00edvel entrar um caminh\u00e3o, conforme palavras do secret\u00e1rio de Servi\u00e7os e Obras, Alexandre Magno. Ou seja, o caminh\u00e3o era mais uma desculpa apenas. S\u00f3 quando os holofotes chegaram, a Prefeitura correu para mostrar que \u00e9 poss\u00edvel tomar uma atitude t\u00e3o simples, mas que por m\u00e1 vontade n\u00e3o faz.<\/p>\n<p>Lament\u00e1vel esta a\u00e7\u00e3o paliativa para as c\u00e2meras da televis\u00e3o. Falta realmente seriedade nas atitudes desta administra\u00e7\u00e3o. E s\u00f3 deve ter sido encenada porque o clima eleitoral come\u00e7a a ser sentido.<\/p>\n<p>&nbsp;<\/p>\n<div id=\"attachment_9306\" style=\"width: 650px\" class=\"wp-caption aligncenter\"><a href=\"http:\/\/jornalcontato.com.br\/home\/wp-content\/uploads\/2015\/03\/11.jpg\"><img loading=\"lazy\" decoding=\"async\" aria-describedby=\"caption-attachment-9306\" class=\"size-full wp-image-9306\" title=\"A equipe da Prefeitura s\u00f3 cheegou depois que a equipe de TV come\u00e7ou a filmar\" src=\"http:\/\/jornalcontato.com.br\/home\/wp-content\/uploads\/2015\/03\/11.jpg\" alt=\"A equipe da Prefeitura s\u00f3 cheegou depois que a equipe de TV come\u00e7ou a filmar\" width=\"650\" height=\"488\" srcset=\"https:\/\/jornalcontato.com.br\/home\/wp-content\/uploads\/2015\/03\/11.jpg 650w, https:\/\/jornalcontato.com.br\/home\/wp-content\/uploads\/2015\/03\/11-300x225.jpg 300w, https:\/\/jornalcontato.com.br\/home\/wp-content\/uploads\/2015\/03\/11-560x420.jpg 560w\" sizes=\"auto, (max-width: 650px) 100vw, 650px\" \/><\/a><p id=\"caption-attachment-9306\" class=\"wp-caption-text\">A equipe da Prefeitura s\u00f3 chegou depois que a equipe de TV come\u00e7ou a filmar<\/p><\/div>\n<p>&nbsp;<\/p>\n<div id=\"attachment_9307\" style=\"width: 650px\" class=\"wp-caption aligncenter\"><a href=\"http:\/\/jornalcontato.com.br\/home\/wp-content\/uploads\/2015\/03\/21.jpg\"><img loading=\"lazy\" decoding=\"async\" aria-describedby=\"caption-attachment-9307\" class=\"size-full wp-image-9307\" title=\"Ser\u00e1 que Alexandre Magno, secret\u00e1rio de Servi\u00e7os P\u00fablicos, n\u00e3o sabia que para capinar basta m\u00e3o de obra\" src=\"http:\/\/jornalcontato.com.br\/home\/wp-content\/uploads\/2015\/03\/21.jpg\" alt=\"Ser\u00e1 que Alexandre Magno, secret\u00e1rio de Servi\u00e7os P\u00fablicos, n\u00e3o sabia que para capinar basta m\u00e3o de obra\" width=\"650\" height=\"488\" srcset=\"https:\/\/jornalcontato.com.br\/home\/wp-content\/uploads\/2015\/03\/21.jpg 650w, https:\/\/jornalcontato.com.br\/home\/wp-content\/uploads\/2015\/03\/21-300x225.jpg 300w, https:\/\/jornalcontato.com.br\/home\/wp-content\/uploads\/2015\/03\/21-560x420.jpg 560w\" sizes=\"auto, (max-width: 650px) 100vw, 650px\" \/><\/a><p id=\"caption-attachment-9307\" class=\"wp-caption-text\">Ser\u00e1 que Alexandre Magno, secret\u00e1rio de Servi\u00e7os P\u00fablicos, n\u00e3o sabia que para capinar basta m\u00e3o de obra<\/p><\/div>\n<p>&nbsp;<\/p>\n<div id=\"attachment_9308\" style=\"width: 432px\" class=\"wp-caption aligncenter\"><a href=\"http:\/\/jornalcontato.com.br\/home\/wp-content\/uploads\/2015\/03\/31.jpg\"><img loading=\"lazy\" decoding=\"async\" aria-describedby=\"caption-attachment-9308\" class=\"size-full wp-image-9308\" title=\"Abandonada, mato toma conta da Villa Santo Aleixo\" src=\"http:\/\/jornalcontato.com.br\/home\/wp-content\/uploads\/2015\/03\/31.jpg\" alt=\"Abandonada, mato toma conta da Villa Santo Aleixo\" width=\"432\" height=\"650\" srcset=\"https:\/\/jornalcontato.com.br\/home\/wp-content\/uploads\/2015\/03\/31.jpg 432w, https:\/\/jornalcontato.com.br\/home\/wp-content\/uploads\/2015\/03\/31-199x300.jpg 199w\" sizes=\"auto, (max-width: 432px) 100vw, 432px\" \/><\/a><p id=\"caption-attachment-9308\" class=\"wp-caption-text\">Abandonada, mato toma conta da Villa Santo Aleixo<\/p><\/div>\n<p>&nbsp;<\/p>\n<div id=\"attachment_9309\" style=\"width: 488px\" class=\"wp-caption aligncenter\"><a href=\"http:\/\/jornalcontato.com.br\/home\/wp-content\/uploads\/2015\/03\/41.jpg\"><img loading=\"lazy\" decoding=\"async\" aria-describedby=\"caption-attachment-9309\" class=\"size-full wp-image-9309\" title=\"Abandono \u00e9 pouco para o estado em que se encontra o patrmonio tombado\" src=\"http:\/\/jornalcontato.com.br\/home\/wp-content\/uploads\/2015\/03\/41.jpg\" alt=\"Abandono \u00e9 pouco para o estado em que se encontra o patrmonio tombado\" width=\"488\" height=\"650\" srcset=\"https:\/\/jornalcontato.com.br\/home\/wp-content\/uploads\/2015\/03\/41.jpg 488w, https:\/\/jornalcontato.com.br\/home\/wp-content\/uploads\/2015\/03\/41-225x300.jpg 225w\" sizes=\"auto, (max-width: 488px) 100vw, 488px\" \/><\/a><p id=\"caption-attachment-9309\" class=\"wp-caption-text\">Abandono \u00e9 pouco para o estado em que se encontra o patrim\u00f4nio tombado<\/p><\/div>\n","protected":false},"excerpt":{"rendered":"<p>Assim que os holofotes foram acesos por uma emissora de TV, eis que Prefeitura ensaia um teatrinho de chanchada de quinta categoria para fingir que &#8230;<\/p>\n","protected":false},"author":1,"featured_media":9305,"comment_status":"open","ping_status":"open","sticky":false,"template":"","format":"standard","meta":{"footnotes":""},"categories":[29,7],"tags":[],"class_list":["post-9304","post","type-post","status-publish","format-standard","has-post-thumbnail","hentry","category-regional","category-reportagem"],"_links":{"self":[{"href":"https:\/\/www.jornalcontato.com.br\/home\/index.php\/wp-json\/wp\/v2\/posts\/9304","targetHints":{"allow":["GET"]}}],"collection":[{"href":"https:\/\/www.jornalcontato.com.br\/home\/index.php\/wp-json\/wp\/v2\/posts"}],"about":[{"href":"https:\/\/www.jornalcontato.com.br\/home\/index.php\/wp-json\/wp\/v2\/types\/post"}],"author":[{"embeddable":true,"href":"https:\/\/www.jornalcontato.com.br\/home\/index.php\/wp-json\/wp\/v2\/users\/1"}],"replies":[{"embeddable":true,"href":"https:\/\/www.jornalcontato.com.br\/home\/index.php\/wp-json\/wp\/v2\/comments?post=9304"}],"version-history":[{"count":10,"href":"https:\/\/www.jornalcontato.com.br\/home\/index.php\/wp-json\/wp\/v2\/posts\/9304\/revisions"}],"predecessor-version":[{"id":10833,"href":"https:\/\/www.jornalcontato.com.br\/home\/index.php\/wp-json\/wp\/v2\/posts\/9304\/revisions\/10833"}],"wp:featuredmedia":[{"embeddable":true,"href":"https:\/\/www.jornalcontato.com.br\/home\/index.php\/wp-json\/wp\/v2\/media\/9305"}],"wp:attachment":[{"href":"https:\/\/www.jornalcontato.com.br\/home\/index.php\/wp-json\/wp\/v2\/media?parent=9304"}],"wp:term":[{"taxonomy":"category","embeddable":true,"href":"https:\/\/www.jornalcontato.com.br\/home\/index.php\/wp-json\/wp\/v2\/categories?post=9304"},{"taxonomy":"post_tag","embeddable":true,"href":"https:\/\/www.jornalcontato.com.br\/home\/index.php\/wp-json\/wp\/v2\/tags?post=9304"}],"curies":[{"name":"wp","href":"https:\/\/api.w.org\/{rel}","templated":true}]}}