{"id":916,"date":"2012-03-12T17:51:27","date_gmt":"2012-03-12T20:51:27","guid":{"rendered":"http:\/\/jornalcontato.com.br\/home\/?p=916"},"modified":"2012-08-17T17:51:45","modified_gmt":"2012-08-17T20:51:45","slug":"ricardo-teixeira-caiu-nao-seria-a-hora-de-peixoto-ir-junto","status":"publish","type":"post","link":"https:\/\/www.jornalcontato.com.br\/home\/index.php\/ricardo-teixeira-caiu-nao-seria-a-hora-de-peixoto-ir-junto\/","title":{"rendered":"Ricardo Teixeira caiu. N\u00e3o seria a hora de Peixoto ir junto?"},"content":{"rendered":"<p>Juca Kfouri escreve que n\u00e3o h\u00e1 mal que sempe dure.<br \/>\nTeixeira cai de maduro.<br \/>\nPeixoto n\u00e3o est\u00e1 maduro. Est\u00e1 podre.<br \/>\nVamos balan\u00e7ar a \u00e1rvore do Bom Conselho.<br \/>\nMas cuidado!!! Al\u00e9m da podrid\u00e3o voc\u00ea vai enfrentar muita ratazana.<br \/>\nPeixoto.<br \/>\nSiga o exemplo de Teixeira.<\/p>\n","protected":false},"excerpt":{"rendered":"<p>Juca Kfouri escreve que n\u00e3o h\u00e1 mal que sempe dure. Teixeira cai de maduro. Peixoto n\u00e3o est\u00e1 maduro. Est\u00e1 podre. Vamos balan\u00e7ar a \u00e1rvore do &#8230;<\/p>\n","protected":false},"author":1,"featured_media":0,"comment_status":"open","ping_status":"open","sticky":false,"template":"","format":"standard","meta":{"footnotes":""},"categories":[7],"tags":[],"class_list":["post-916","post","type-post","status-publish","format-standard","hentry","category-reportagem"],"_links":{"self":[{"href":"https:\/\/www.jornalcontato.com.br\/home\/index.php\/wp-json\/wp\/v2\/posts\/916","targetHints":{"allow":["GET"]}}],"collection":[{"href":"https:\/\/www.jornalcontato.com.br\/home\/index.php\/wp-json\/wp\/v2\/posts"}],"about":[{"href":"https:\/\/www.jornalcontato.com.br\/home\/index.php\/wp-json\/wp\/v2\/types\/post"}],"author":[{"embeddable":true,"href":"https:\/\/www.jornalcontato.com.br\/home\/index.php\/wp-json\/wp\/v2\/users\/1"}],"replies":[{"embeddable":true,"href":"https:\/\/www.jornalcontato.com.br\/home\/index.php\/wp-json\/wp\/v2\/comments?post=916"}],"version-history":[{"count":1,"href":"https:\/\/www.jornalcontato.com.br\/home\/index.php\/wp-json\/wp\/v2\/posts\/916\/revisions"}],"predecessor-version":[{"id":917,"href":"https:\/\/www.jornalcontato.com.br\/home\/index.php\/wp-json\/wp\/v2\/posts\/916\/revisions\/917"}],"wp:attachment":[{"href":"https:\/\/www.jornalcontato.com.br\/home\/index.php\/wp-json\/wp\/v2\/media?parent=916"}],"wp:term":[{"taxonomy":"category","embeddable":true,"href":"https:\/\/www.jornalcontato.com.br\/home\/index.php\/wp-json\/wp\/v2\/categories?post=916"},{"taxonomy":"post_tag","embeddable":true,"href":"https:\/\/www.jornalcontato.com.br\/home\/index.php\/wp-json\/wp\/v2\/tags?post=916"}],"curies":[{"name":"wp","href":"https:\/\/api.w.org\/{rel}","templated":true}]}}