{"id":9027,"date":"2014-12-19T16:45:53","date_gmt":"2014-12-19T19:45:53","guid":{"rendered":"http:\/\/jornalcontato.com.br\/home\/?p=9027"},"modified":"2015-02-03T10:15:45","modified_gmt":"2015-02-03T13:15:45","slug":"afastamento-do-prefeito-so-a-partir-de-2015","status":"publish","type":"post","link":"https:\/\/www.jornalcontato.com.br\/home\/index.php\/afastamento-do-prefeito-so-a-partir-de-2015\/","title":{"rendered":"Afastamento do prefeito s\u00f3 a partir de 2015"},"content":{"rendered":"<p>CONTATO j\u00e1 havia informado que o Tribunal Regional Eleitoral n\u00e3o acolheu os embargos de declara\u00e7\u00e3o apresentados pela defesa de Ortiz J\u00fanior (PSDB). Foi mantida, portanto, a cassa\u00e7\u00e3o e seu imediato afastamento da Prefeitura.<\/p>\n<p><!--more--><\/p>\n<p>O promotor eleitoral Darlan Dalton Marques, titular da 8\u00aa Promotoria de Justi\u00e7a de Taubat\u00e9, informou \u00e0 nossa reportagem que, de acordo com os prazos processuais, nada acontecer\u00e1 at\u00e9 o dia 07 de janeiro, quando a Justi\u00e7a paulista retoma suas atividades. A conta \u00e9 simples:<\/p>\n<p>1)\u00a0\u00a0\u00a0\u00a0\u00a0 Hoje, 19 de dezembro, foi publicado o ac\u00f3rd\u00e3o a respeito dos recursos declarat\u00f3rios impetrados pela defesa;<\/p>\n<p>2)\u00a0\u00a0\u00a0\u00a0\u00a0 nessa data (19\/12) se encerra a fase da Justi\u00e7a paulista referente a esse processo e qualquer nova iniciativa dever\u00e1 ser dirigida ao Tribunal Superior Eleitoral (TSE);<\/p>\n<p>3)\u00a0\u00a0\u00a0\u00a0\u00a0 o prazo para novos recursos \u00e0 inst\u00e2ncia superior passa a ser contado a partir do dia seguinte \u00e0 publica\u00e7\u00e3o do ac\u00f3rd\u00e3o, que no caso \u00e9 amanh\u00e3, 20, s\u00e1bado, j\u00e1 em pleno recesso forense;<\/p>\n<p>4)\u00a0\u00a0\u00a0\u00a0\u00a0 a defesa de Ortiz J\u00fanior ter\u00e1 tr\u00eas dias, a partir de 07 de janeiro de 2015, para entrar com recurso junto ao TSE solicitando efeito suspensivo da execu\u00e7\u00e3o da senten\u00e7a \u2013 afastamento do cargo de prefeito \u2013 enquanto n\u00e3o for julgado o m\u00e9rito da a\u00e7\u00e3o que busca reformar a decis\u00e3o do TRE &#8211;\u00a0 Tribunal Regional Eleitoral \u2013 paulista, segunda inst\u00e2ncia;<\/p>\n<p>5)\u00a0\u00a0\u00a0\u00a0\u00a0 A situa\u00e7\u00e3o de hoje \u00e9 semelhante \u00e0 do per\u00edodo que se seguiu ao julgamento do TRE em novembro: uma corrida com obst\u00e1culos para retomar o efeito suspensivo da execu\u00e7\u00e3o da senten\u00e7a de cassa\u00e7\u00e3o. Dessa vez, por\u00e9m, ser\u00e1 junto ao TSE, provavelmente atrav\u00e9s de uma a\u00e7\u00e3o cautelar, enquanto aguarda o julgamento pela mesma inst\u00e2ncia do recurso especial.<\/p>\n<p>O pr\u00f3ximo cap\u00edtulo dessa novela s\u00f3 ser\u00e1 exibido em janeiro.<\/p>\n<p>Enquanto isso, CONTATO, embora de f\u00e9rias coletivas, deseja a todos os seus leitores e amigos um fim de ano carregado de energia positiva e um Feliz 2015!<\/p>\n","protected":false},"excerpt":{"rendered":"<p>CONTATO j\u00e1 havia informado que o Tribunal Regional Eleitoral n\u00e3o acolheu os embargos de declara\u00e7\u00e3o apresentados pela defesa de Ortiz J\u00fanior (PSDB). Foi mantida, portanto, &#8230;<\/p>\n","protected":false},"author":1,"featured_media":9034,"comment_status":"open","ping_status":"open","sticky":false,"template":"","format":"standard","meta":{"footnotes":""},"categories":[7],"tags":[],"class_list":["post-9027","post","type-post","status-publish","format-standard","has-post-thumbnail","hentry","category-reportagem"],"_links":{"self":[{"href":"https:\/\/www.jornalcontato.com.br\/home\/index.php\/wp-json\/wp\/v2\/posts\/9027","targetHints":{"allow":["GET"]}}],"collection":[{"href":"https:\/\/www.jornalcontato.com.br\/home\/index.php\/wp-json\/wp\/v2\/posts"}],"about":[{"href":"https:\/\/www.jornalcontato.com.br\/home\/index.php\/wp-json\/wp\/v2\/types\/post"}],"author":[{"embeddable":true,"href":"https:\/\/www.jornalcontato.com.br\/home\/index.php\/wp-json\/wp\/v2\/users\/1"}],"replies":[{"embeddable":true,"href":"https:\/\/www.jornalcontato.com.br\/home\/index.php\/wp-json\/wp\/v2\/comments?post=9027"}],"version-history":[{"count":8,"href":"https:\/\/www.jornalcontato.com.br\/home\/index.php\/wp-json\/wp\/v2\/posts\/9027\/revisions"}],"predecessor-version":[{"id":9114,"href":"https:\/\/www.jornalcontato.com.br\/home\/index.php\/wp-json\/wp\/v2\/posts\/9027\/revisions\/9114"}],"wp:featuredmedia":[{"embeddable":true,"href":"https:\/\/www.jornalcontato.com.br\/home\/index.php\/wp-json\/wp\/v2\/media\/9034"}],"wp:attachment":[{"href":"https:\/\/www.jornalcontato.com.br\/home\/index.php\/wp-json\/wp\/v2\/media?parent=9027"}],"wp:term":[{"taxonomy":"category","embeddable":true,"href":"https:\/\/www.jornalcontato.com.br\/home\/index.php\/wp-json\/wp\/v2\/categories?post=9027"},{"taxonomy":"post_tag","embeddable":true,"href":"https:\/\/www.jornalcontato.com.br\/home\/index.php\/wp-json\/wp\/v2\/tags?post=9027"}],"curies":[{"name":"wp","href":"https:\/\/api.w.org\/{rel}","templated":true}]}}