{"id":8927,"date":"2014-11-19T14:55:08","date_gmt":"2014-11-19T17:55:08","guid":{"rendered":"http:\/\/jornalcontato.com.br\/home\/?p=8927"},"modified":"2016-04-05T15:38:41","modified_gmt":"2016-04-05T18:38:41","slug":"via-casa-de-noel","status":"publish","type":"post","link":"https:\/\/www.jornalcontato.com.br\/home\/index.php\/via-casa-de-noel\/","title":{"rendered":"VI\u00aa Casa de Noel"},"content":{"rendered":"<p>Como acontece desde 2009, a Fazenda Bela Vista, do m\u00e9dico Rubens Freire Gon\u00e7alves e sua esposa Andreia, recebeu na segunda 17 e ter\u00e7a 18 os convidados das empresas volunt\u00e1rias do Vale do Para\u00edba para um evento beneficente que se tornou uma tradi\u00e7\u00e3o, a Casa de Noel. <!--more-->Objetivo: arrecadar recursos para assistir entidades carentes de nossa regi\u00e3o. Esse ano os recursos ser\u00e3o destinados para oito entidades: Casa recome\u00e7o, Funda\u00e7\u00e3o Dom Jos\u00e9 Ant\u00f4nio Couto, Casa do Anci\u00e3o e APAE de Taubat\u00e9 e o Lar S\u00e3o Judas Tadeu, Instituto IA3, APAE e a artista pl\u00e1stica tetrapl\u00e9gica de Pindamonhangaba.<\/p>\n<p>Tr\u00eas destaques: a presen\u00e7a do prefeito de Pinda Vito Ardito, do Bispo Diocesano de Taubat\u00e9 Dom Carmo Jo\u00e3o Rhoden, SCJ, e do inigual\u00e1vel Jos\u00e9 Carlos de Almeida Santos, propriet\u00e1rio do Barril do Z\u00e9 Bigode, ponto obrigat\u00f3rio dos bo\u00eamios e familiares que apreciam um bom papo degustando um bom petisco.<\/p>\n<div id=\"attachment_8913\" style=\"width: 650px\" class=\"wp-caption aligncenter\"><a href=\"http:\/\/jornalcontato.com.br\/home\/wp-content\/uploads\/2014\/11\/1.jpg\"><img loading=\"lazy\" decoding=\"async\" aria-describedby=\"caption-attachment-8913\" class=\"size-full wp-image-8913\" title=\"Andreia Gon\u00e7alves, a bela anfitri\u00e3 do evento beneficente\" src=\"http:\/\/jornalcontato.com.br\/home\/wp-content\/uploads\/2014\/11\/1.jpg\" alt=\"Andreia Gon\u00e7alves, a bela anfitri\u00e3 do evento beneficente\" width=\"650\" height=\"432\" srcset=\"https:\/\/jornalcontato.com.br\/home\/wp-content\/uploads\/2014\/11\/1.jpg 650w, https:\/\/jornalcontato.com.br\/home\/wp-content\/uploads\/2014\/11\/1-300x199.jpg 300w\" sizes=\"auto, (max-width: 650px) 100vw, 650px\" \/><\/a><p id=\"caption-attachment-8913\" class=\"wp-caption-text\">Andreia Gon\u00e7alves, a bela anfitri\u00e3 do evento beneficente<\/p><\/div>\n<p>&nbsp;<\/p>\n<div id=\"attachment_8914\" style=\"width: 650px\" class=\"wp-caption aligncenter\"><a href=\"http:\/\/jornalcontato.com.br\/home\/wp-content\/uploads\/2014\/11\/2.jpg\"><img loading=\"lazy\" decoding=\"async\" aria-describedby=\"caption-attachment-8914\" class=\"size-full wp-image-8914\" title=\"As amiga Cristina, Rute, Liginha, Nilza e Sandra fizeram quest\u00e3o de prestigiar a Casa de Noel\" src=\"http:\/\/jornalcontato.com.br\/home\/wp-content\/uploads\/2014\/11\/2.jpg\" alt=\"As amiga Cristina, Rute, Liginha, Nilza e Sandra fizeram quest\u00e3o de prestigiar a Casa de Noel\" width=\"650\" height=\"432\" srcset=\"https:\/\/jornalcontato.com.br\/home\/wp-content\/uploads\/2014\/11\/2.jpg 650w, https:\/\/jornalcontato.com.br\/home\/wp-content\/uploads\/2014\/11\/2-300x199.jpg 300w\" sizes=\"auto, (max-width: 650px) 100vw, 650px\" \/><\/a><p id=\"caption-attachment-8914\" class=\"wp-caption-text\">As amiga Cristina, Rute, Liginha, Nilza e Sandra fizeram quest\u00e3o de prestigiar a Casa de Noel<\/p><\/div>\n<p>&nbsp;<\/p>\n<div id=\"attachment_8915\" style=\"width: 650px\" class=\"wp-caption aligncenter\"><a href=\"http:\/\/jornalcontato.com.br\/home\/wp-content\/uploads\/2014\/11\/3.jpg\"><img loading=\"lazy\" decoding=\"async\" aria-describedby=\"caption-attachment-8915\" class=\"size-full wp-image-8915\" title=\"Cl\u00e1udio Giordani, diretor da BandVale, com a esposa Sabrina Takahashi\" src=\"http:\/\/jornalcontato.com.br\/home\/wp-content\/uploads\/2014\/11\/3.jpg\" alt=\"Cl\u00e1udio Giordani, diretor da BandVale, com a esposa Sabrina Takahashi\" width=\"650\" height=\"432\" srcset=\"https:\/\/jornalcontato.com.br\/home\/wp-content\/uploads\/2014\/11\/3.jpg 650w, https:\/\/jornalcontato.com.br\/home\/wp-content\/uploads\/2014\/11\/3-300x199.jpg 300w\" sizes=\"auto, (max-width: 650px) 100vw, 650px\" \/><\/a><p id=\"caption-attachment-8915\" class=\"wp-caption-text\">Cl\u00e1udio Giordani, diretor da BandVale, com a esposa Sabrina Takahashi<\/p><\/div>\n<p>&nbsp;<\/p>\n<div id=\"attachment_8916\" style=\"width: 650px\" class=\"wp-caption aligncenter\"><a href=\"http:\/\/jornalcontato.com.br\/home\/wp-content\/uploads\/2014\/11\/4.jpg\"><img loading=\"lazy\" decoding=\"async\" aria-describedby=\"caption-attachment-8916\" class=\"size-full wp-image-8916\" title=\"Daniel de Freitas, Nadir, Beto e Bete de Abreu, Beto Tick, Nil Bardan, e Wilson Kako\" src=\"http:\/\/jornalcontato.com.br\/home\/wp-content\/uploads\/2014\/11\/4.jpg\" alt=\"Daniel de Freitas, Nadir, Beto e Bete de Abreu, Beto Tick, Nil Bardan, e Wilson Kako\" width=\"650\" height=\"432\" srcset=\"https:\/\/jornalcontato.com.br\/home\/wp-content\/uploads\/2014\/11\/4.jpg 650w, https:\/\/jornalcontato.com.br\/home\/wp-content\/uploads\/2014\/11\/4-300x199.jpg 300w\" sizes=\"auto, (max-width: 650px) 100vw, 650px\" \/><\/a><p id=\"caption-attachment-8916\" class=\"wp-caption-text\">Daniel de Freitas, Nadir, Beto e Bete de Abreu, Beto Tick, Nil Bardan, e Wilson Kako<\/p><\/div>\n<p>&nbsp;<\/p>\n<div id=\"attachment_8917\" style=\"width: 650px\" class=\"wp-caption aligncenter\"><a href=\"http:\/\/jornalcontato.com.br\/home\/wp-content\/uploads\/2014\/11\/5.jpg\"><img loading=\"lazy\" decoding=\"async\" aria-describedby=\"caption-attachment-8917\" class=\"size-full wp-image-8917\" title=\"Empres\u00e1rio Paulo Pinese com a esposa Eliane e a sogra Cida\" src=\"http:\/\/jornalcontato.com.br\/home\/wp-content\/uploads\/2014\/11\/5.jpg\" alt=\"Empres\u00e1rio Paulo Pinese com a esposa Eliane e a sogra Cida\" width=\"650\" height=\"432\" srcset=\"https:\/\/jornalcontato.com.br\/home\/wp-content\/uploads\/2014\/11\/5.jpg 650w, https:\/\/jornalcontato.com.br\/home\/wp-content\/uploads\/2014\/11\/5-300x199.jpg 300w\" sizes=\"auto, (max-width: 650px) 100vw, 650px\" \/><\/a><p id=\"caption-attachment-8917\" class=\"wp-caption-text\">Empres\u00e1rio Paulo Pinese com a esposa Eliane e a sogra Cida<\/p><\/div>\n<p>&nbsp;<\/p>\n<div id=\"attachment_8918\" style=\"width: 650px\" class=\"wp-caption aligncenter\"><a href=\"http:\/\/jornalcontato.com.br\/home\/wp-content\/uploads\/2014\/11\/6.jpg\"><img loading=\"lazy\" decoding=\"async\" aria-describedby=\"caption-attachment-8918\" class=\"size-full wp-image-8918\" title=\"Fabio Duarte, dirigente do CIESP Taubat\u00e9, e a esposa Bernadete\" src=\"http:\/\/jornalcontato.com.br\/home\/wp-content\/uploads\/2014\/11\/6.jpg\" alt=\"Fabio Duarte, dirigente do CIESP Taubat\u00e9, e a esposa Bernadete\" width=\"650\" height=\"432\" srcset=\"https:\/\/jornalcontato.com.br\/home\/wp-content\/uploads\/2014\/11\/6.jpg 650w, https:\/\/jornalcontato.com.br\/home\/wp-content\/uploads\/2014\/11\/6-300x199.jpg 300w\" sizes=\"auto, (max-width: 650px) 100vw, 650px\" \/><\/a><p id=\"caption-attachment-8918\" class=\"wp-caption-text\">Fabio Duarte, dirigente do CIESP Taubat\u00e9, e a esposa Bernadete<\/p><\/div>\n<p>&nbsp;<\/p>\n<div id=\"attachment_8919\" style=\"width: 650px\" class=\"wp-caption aligncenter\"><a href=\"http:\/\/jornalcontato.com.br\/home\/wp-content\/uploads\/2014\/11\/7.jpg\"><img loading=\"lazy\" decoding=\"async\" aria-describedby=\"caption-attachment-8919\" class=\"size-full wp-image-8919\" title=\"Judite Fernandes, uma das organizadoras do evento, a esquerda, com amiga joseense Susi Toledo da Conceitto M\u00f3veis e Decora\u00e7\u00e3o T\" src=\"http:\/\/jornalcontato.com.br\/home\/wp-content\/uploads\/2014\/11\/7.jpg\" alt=\"Judite Fernandes, uma das organizadoras do evento, a esquerda, com amiga joseense Susi Toledo da Conceitto M\u00f3veis e Decora\u00e7\u00e3o T\" width=\"650\" height=\"432\" srcset=\"https:\/\/jornalcontato.com.br\/home\/wp-content\/uploads\/2014\/11\/7.jpg 650w, https:\/\/jornalcontato.com.br\/home\/wp-content\/uploads\/2014\/11\/7-300x199.jpg 300w\" sizes=\"auto, (max-width: 650px) 100vw, 650px\" \/><\/a><p id=\"caption-attachment-8919\" class=\"wp-caption-text\">Judite Fernandes, uma das organizadoras do evento, com amiga joseense Susi Toledo da Conceitto M\u00f3veis e Decora\u00e7\u00e3o, \u00e0 direita<\/p><\/div>\n<p>&nbsp;<\/p>\n<div id=\"attachment_8920\" style=\"width: 650px\" class=\"wp-caption aligncenter\"><a href=\"http:\/\/jornalcontato.com.br\/home\/wp-content\/uploads\/2014\/11\/8.jpg\"><img loading=\"lazy\" decoding=\"async\" aria-describedby=\"caption-attachment-8920\" class=\"size-full wp-image-8920\" title=\"Lucinha Tauil e Isa M\u00e1rcia Mattos, duas beldades amigas\" src=\"http:\/\/jornalcontato.com.br\/home\/wp-content\/uploads\/2014\/11\/8.jpg\" alt=\"Lucinha Tauil e Isa M\u00e1rcia Mattos, duas beldades amigas\" width=\"650\" height=\"432\" srcset=\"https:\/\/jornalcontato.com.br\/home\/wp-content\/uploads\/2014\/11\/8.jpg 650w, https:\/\/jornalcontato.com.br\/home\/wp-content\/uploads\/2014\/11\/8-300x199.jpg 300w\" sizes=\"auto, (max-width: 650px) 100vw, 650px\" \/><\/a><p id=\"caption-attachment-8920\" class=\"wp-caption-text\">Lucinha Tauil e Isa M\u00e1rcia Mattos, duas beldades amigas<\/p><\/div>\n<p>&nbsp;<\/p>\n<div id=\"attachment_8921\" style=\"width: 650px\" class=\"wp-caption aligncenter\"><a href=\"http:\/\/jornalcontato.com.br\/home\/wp-content\/uploads\/2014\/11\/9.jpg\"><img loading=\"lazy\" decoding=\"async\" aria-describedby=\"caption-attachment-8921\" class=\"size-full wp-image-8921\" title=\"Z\u00e9 do Bigode cercado pelo filho Magno e o amigo Luiz Tursan Fernandes, um dos patrocinadores\" src=\"http:\/\/jornalcontato.com.br\/home\/wp-content\/uploads\/2014\/11\/9.jpg\" alt=\"Z\u00e9 do Bigode cercado pelo filho Magno e o amigo Luiz Tursan Fernandes, um dos patrocinadores\" width=\"650\" height=\"432\" srcset=\"https:\/\/jornalcontato.com.br\/home\/wp-content\/uploads\/2014\/11\/9.jpg 650w, https:\/\/jornalcontato.com.br\/home\/wp-content\/uploads\/2014\/11\/9-300x199.jpg 300w\" sizes=\"auto, (max-width: 650px) 100vw, 650px\" \/><\/a><p id=\"caption-attachment-8921\" class=\"wp-caption-text\">Z\u00e9 do Bigode cercado pelo filho Magno e o amigo Luiz Tursan Fernandes, um dos patrocinadores<\/p><\/div>\n","protected":false},"excerpt":{"rendered":"<p>Como acontece desde 2009, a Fazenda Bela Vista, do m\u00e9dico Rubens Freire Gon\u00e7alves e sua esposa Andreia, recebeu na segunda 17 e ter\u00e7a 18 os &#8230;<\/p>\n","protected":false},"author":1,"featured_media":8912,"comment_status":"open","ping_status":"open","sticky":false,"template":"","format":"standard","meta":{"footnotes":""},"categories":[29,7],"tags":[],"class_list":["post-8927","post","type-post","status-publish","format-standard","has-post-thumbnail","hentry","category-regional","category-reportagem"],"_links":{"self":[{"href":"https:\/\/www.jornalcontato.com.br\/home\/index.php\/wp-json\/wp\/v2\/posts\/8927","targetHints":{"allow":["GET"]}}],"collection":[{"href":"https:\/\/www.jornalcontato.com.br\/home\/index.php\/wp-json\/wp\/v2\/posts"}],"about":[{"href":"https:\/\/www.jornalcontato.com.br\/home\/index.php\/wp-json\/wp\/v2\/types\/post"}],"author":[{"embeddable":true,"href":"https:\/\/www.jornalcontato.com.br\/home\/index.php\/wp-json\/wp\/v2\/users\/1"}],"replies":[{"embeddable":true,"href":"https:\/\/www.jornalcontato.com.br\/home\/index.php\/wp-json\/wp\/v2\/comments?post=8927"}],"version-history":[{"count":12,"href":"https:\/\/www.jornalcontato.com.br\/home\/index.php\/wp-json\/wp\/v2\/posts\/8927\/revisions"}],"predecessor-version":[{"id":10836,"href":"https:\/\/www.jornalcontato.com.br\/home\/index.php\/wp-json\/wp\/v2\/posts\/8927\/revisions\/10836"}],"wp:featuredmedia":[{"embeddable":true,"href":"https:\/\/www.jornalcontato.com.br\/home\/index.php\/wp-json\/wp\/v2\/media\/8912"}],"wp:attachment":[{"href":"https:\/\/www.jornalcontato.com.br\/home\/index.php\/wp-json\/wp\/v2\/media?parent=8927"}],"wp:term":[{"taxonomy":"category","embeddable":true,"href":"https:\/\/www.jornalcontato.com.br\/home\/index.php\/wp-json\/wp\/v2\/categories?post=8927"},{"taxonomy":"post_tag","embeddable":true,"href":"https:\/\/www.jornalcontato.com.br\/home\/index.php\/wp-json\/wp\/v2\/tags?post=8927"}],"curies":[{"name":"wp","href":"https:\/\/api.w.org\/{rel}","templated":true}]}}