{"id":8905,"date":"2014-11-15T11:25:05","date_gmt":"2014-11-15T14:25:05","guid":{"rendered":"http:\/\/jornalcontato.com.br\/home\/?p=8905"},"modified":"2016-04-05T16:16:50","modified_gmt":"2016-04-05T19:16:50","slug":"adeus","status":"publish","type":"post","link":"https:\/\/www.jornalcontato.com.br\/home\/index.php\/adeus\/","title":{"rendered":"Adeus"},"content":{"rendered":"<p>Meu filho Jo\u00e3o cometeu suic\u00eddio. Ent\u00e3o tudo fica muito estranho e a vida meio que perde um pouco o sentido. Um v\u00e1cuo, um vazio.<!--more--><\/p>\n<p>S\u00e3o dias dif\u00edceis que precisam ser administrados com coragem e, principalmente, humildade, para poder aceitar os des\u00edgnios da natureza sem se deixar levar pelo desespero.<\/p>\n<p>Os amigos nessa hora s\u00e3o um esteio, uma prote\u00e7\u00e3o contra a afli\u00e7\u00e3o. Nos momentos lim\u00edtrofes, pensei e chorei baixinho por todos os que se foram como ele e em todos os que ficaram, como eu fiquei. Unidos na dor de outros seres, serenei o que me foi poss\u00edvel serenar. \u00a0Nada a fazer. A grande nau segue viagem e eu terei que viver o que me resta, conversando comigo mesmo, tentando consolar meu cora\u00e7\u00e3o.<\/p>\n<p>Quando Jorge (Kather) me abra\u00e7ou me deu uma vontade imensa de voltar a ser crian\u00e7a, de estar de novo na Juca Esteves chutando bola na porta de a\u00e7o da garagem do doutor Euclides. Queria poder voltar e fazer tudo de novo, igualzinho&#8230; teria assim uma outra chance de rever meu filho, l\u00e1 no futuro&#8230; S\u00e3o pensamentos malucos, mas a cabe\u00e7a da gente delira&#8230;<\/p>\n<p>Tenho mais tr\u00eas filhos e tenho seis netos pequenos. Somos muito unidos e o que levou Jo\u00e3o foi uma doen\u00e7a que existe e que leva a isso. Saberemos estar unidos e confiantes daqui pra frente encontrando o jeito de viver que existe e que saberemos encontrar.<\/p>\n<p>A presen\u00e7a de meus amigos de inf\u00e2ncia no sepultamento confortou meu cora\u00e7\u00e3o e eu senti um imenso amor por Taubat\u00e9&#8230; tudo que estava ali, meus amigos, meus parentes, tudo, de alguma maneira, veio de Taubat\u00e9 comigo.<\/p>\n<p>Daqui pra frente eu serei visto tamb\u00e9m como aquele que perdeu um filho tragicamente. Tentarei ser melhor, tentarei ser mais amigo, mais irm\u00e3o e mais fiel \u00e0 minha terra que, na verdade, \u00e9 tudo que eu tenho.<\/p>\n<p>Teria que ir cumprir minha miss\u00e3o de embaixador do Esporte bem no dia em que tudo aconteceu. N\u00e3o deu.<\/p>\n<p>Sugiro com meu cora\u00e7\u00e3o partido e visivelmente sob o dom\u00ednio dessa emo\u00e7\u00e3o indesej\u00e1vel, que cada um de voc\u00eas que me leem, perdoe seus inimigos, se os tiver e se proponha a ser mais generoso com a vida. Divirtam-se mais, amem mais, deixem-se estar expostos as brisas frescas, saboreiem as frutas da terra, sintam o gosto da \u00e1gua matando sua sede. Ou\u00e7am m\u00fasica! N\u00e3o se deixem sofrer pelas coisas que n\u00e3o s\u00e3o vitais em suas vidas. E que Nossa Senhora Aparecida ilumine nossos cora\u00e7\u00f5es e acaricie nossas almas; as nossas e a de Jo\u00e3o, meu filho!<\/p>\n","protected":false},"excerpt":{"rendered":"<p>Meu filho Jo\u00e3o cometeu suic\u00eddio. Ent\u00e3o tudo fica muito estranho e a vida meio que perde um pouco o sentido. Um v\u00e1cuo, um vazio.<\/p>\n","protected":false},"author":1,"featured_media":8906,"comment_status":"open","ping_status":"open","sticky":false,"template":"","format":"standard","meta":{"footnotes":""},"categories":[29,7],"tags":[],"class_list":["post-8905","post","type-post","status-publish","format-standard","has-post-thumbnail","hentry","category-regional","category-reportagem"],"_links":{"self":[{"href":"https:\/\/www.jornalcontato.com.br\/home\/index.php\/wp-json\/wp\/v2\/posts\/8905","targetHints":{"allow":["GET"]}}],"collection":[{"href":"https:\/\/www.jornalcontato.com.br\/home\/index.php\/wp-json\/wp\/v2\/posts"}],"about":[{"href":"https:\/\/www.jornalcontato.com.br\/home\/index.php\/wp-json\/wp\/v2\/types\/post"}],"author":[{"embeddable":true,"href":"https:\/\/www.jornalcontato.com.br\/home\/index.php\/wp-json\/wp\/v2\/users\/1"}],"replies":[{"embeddable":true,"href":"https:\/\/www.jornalcontato.com.br\/home\/index.php\/wp-json\/wp\/v2\/comments?post=8905"}],"version-history":[{"count":4,"href":"https:\/\/www.jornalcontato.com.br\/home\/index.php\/wp-json\/wp\/v2\/posts\/8905\/revisions"}],"predecessor-version":[{"id":10932,"href":"https:\/\/www.jornalcontato.com.br\/home\/index.php\/wp-json\/wp\/v2\/posts\/8905\/revisions\/10932"}],"wp:featuredmedia":[{"embeddable":true,"href":"https:\/\/www.jornalcontato.com.br\/home\/index.php\/wp-json\/wp\/v2\/media\/8906"}],"wp:attachment":[{"href":"https:\/\/www.jornalcontato.com.br\/home\/index.php\/wp-json\/wp\/v2\/media?parent=8905"}],"wp:term":[{"taxonomy":"category","embeddable":true,"href":"https:\/\/www.jornalcontato.com.br\/home\/index.php\/wp-json\/wp\/v2\/categories?post=8905"},{"taxonomy":"post_tag","embeddable":true,"href":"https:\/\/www.jornalcontato.com.br\/home\/index.php\/wp-json\/wp\/v2\/tags?post=8905"}],"curies":[{"name":"wp","href":"https:\/\/api.w.org\/{rel}","templated":true}]}}