{"id":8900,"date":"2014-11-15T11:16:42","date_gmt":"2014-11-15T14:16:42","guid":{"rendered":"http:\/\/jornalcontato.com.br\/home\/?p=8900"},"modified":"2016-04-05T16:17:01","modified_gmt":"2016-04-05T19:17:01","slug":"joao-partiu-que-pena","status":"publish","type":"post","link":"https:\/\/www.jornalcontato.com.br\/home\/index.php\/joao-partiu-que-pena\/","title":{"rendered":"Jo\u00e3o partiu, que pena!"},"content":{"rendered":"<p>No s\u00e1bado, 1\u00ba de novembro, faleceu Jo\u00e3o Lavraz, 28 anos, filho do m\u00fasico, compositor e cantor Renato Teixeira, colaborador de CONTATO. Jo\u00e3o tamb\u00e9m era m\u00fasico e compositor e acompanhava as turn\u00eas do pai, tocando baixo. Entre as m\u00fasicas compostas por Jo\u00e3o e interpretadas pelo pai est\u00e3o \u00cata mundo b\u00e3o e Encostada na varanda.<!--more--><\/p>\n<p>Nos \u00faltimos anos, Renato Teixeira manteve uma rotina de turn\u00eas duplas, sendo que em uma delas se apresentava com os filhos Chico Teixeira e Jo\u00e3o Lavraz. \u201cMais do que um show, esta apresenta\u00e7\u00e3o \u00e9 uma verdadeira reuni\u00e3o familiar. As m\u00fasicas sair\u00e3o de forma improvisada, tudo depender\u00e1 de como o p\u00fablico vai corresponder ao nosso encontro. Ser\u00e1 um pai tocando com os filhos. V\u00e3o ser composi\u00e7\u00f5es minhas, do Chico e do Jo\u00e3o\u201d, contou Renato Teixeira na ocasi\u00e3o dos shows.<\/p>\n<div id=\"attachment_8902\" style=\"width: 650px\" class=\"wp-caption aligncenter\"><a href=\"http:\/\/jornalcontato.com.br\/home\/wp-content\/uploads\/2014\/11\/01.jpg\"><img loading=\"lazy\" decoding=\"async\" aria-describedby=\"caption-attachment-8902\" class=\"size-full wp-image-8902\" title=\"Familiares e amigos na cerim\u00f4nia de entrega da Comenda Jacques F\u00e9lix ao cantor e compositor Renato Teixeira, pai de Jo\u00e3o Lavraz, o quarto da esquerda para a direita\" src=\"http:\/\/jornalcontato.com.br\/home\/wp-content\/uploads\/2014\/11\/01.jpg\" alt=\"Familiares e amigos na cerim\u00f4nia de entrega da Comenda Jacques F\u00e9lix ao cantor e compositor Renato Teixeira, pai de Jo\u00e3o Lavraz, o quarto da esquerda para a direita\" width=\"650\" height=\"430\" srcset=\"https:\/\/jornalcontato.com.br\/home\/wp-content\/uploads\/2014\/11\/01.jpg 650w, https:\/\/jornalcontato.com.br\/home\/wp-content\/uploads\/2014\/11\/01-300x198.jpg 300w\" sizes=\"auto, (max-width: 650px) 100vw, 650px\" \/><\/a><p id=\"caption-attachment-8902\" class=\"wp-caption-text\">Familiares e amigos na cerim\u00f4nia de entrega da Comenda Jacques F\u00e9lix ao cantor e compositor Renato Teixeira, pai de Jo\u00e3o Lavraz, o quarto da esquerda para a direita<\/p><\/div>\n<p>Em decorr\u00eancia do fale- cimento de seu filho, Renato Teixeira n\u00e3o se apresentou na tarde do s\u00e1bado, 01, na Pra\u00e7a Dom Epaminondas em Taubat\u00e9, como estava programado. Seria uma homenagem ao Esporte Clube Taubat\u00e9 que comemorava seu primeiro s\u00e9culo de exist\u00eancia naquele dia e ao mesmo tempo um protesto solit\u00e1rio pela falta de apoio das autoridades e empres\u00e1rios para com o Burr\u00e3o.<br \/>\n<em><strong>Morte sofrida<\/strong><\/em><\/p>\n<p>Renato abre sua cr\u00f4nica <em><strong>Adeus<\/strong><\/em>, na p\u00e1gina 20 dessa edi\u00e7\u00e3o edi\u00e7\u00e3o 667 que pode ser lida <a href=\"http:\/\/jornalcontato.com.br\/home\/index.php\/2014\/11\/15\/adeus\/\" target=\"_blank\">AQUI<\/a>, revelando: \u201cMeu filho Jo\u00e3o cometeu suic\u00eddio. Ent\u00e3o tudo fica muito estranho e a vida meio que perde um pouco o sentido\u201d. A trag\u00e9dia foi provocada por uma doen\u00e7a, a depress\u00e3o. Trag\u00e9dia \u00e9 a perda em si que contesta a ordem natural que prev\u00ea a partida dos pais antes da de seus filhos. Nenhum pai merece esse tipo de sofrimento provocado pelo sofrimento vivido pelo filho.<\/p>\n<p>A depress\u00e3o \u00e9 uma doen\u00e7a que acompanha a humanidade ao longo de sua hist\u00f3ria com a presen\u00e7a de tristeza, pessimismo, baixa autoestima, que podem combinar-se entre si. Jo\u00e3o era assistido por um conhecido psiquiatra que o acompanhava no tratamento prescrito. Existem evid\u00eancias que mostram altera\u00e7\u00f5es qu\u00edmicas no c\u00e9rebro do indiv\u00edduo deprimido, principalmente com rela\u00e7\u00e3o aos neurotransmissores (serotonina, noradrenalina e, em menor propor\u00e7\u00e3o, dopamina), subst\u00e2ncias que transmitem impulsos nervosos entre as c\u00e9lulas.<\/p>\n<p>A ci\u00eancia ensina que o humor depressivo ou irritabilidade, ansiedade e ang\u00fastia, associados ao sentimento de medo, inseguran\u00e7a, desesperan\u00e7a, desespero, desamparo e vazio s\u00e3o alguns dos sintomas mais conhecidos. O doente pode desejar morrer, planejar uma forma de morrer ou tentar suic\u00eddio.<\/p>\n<p>Se Jo\u00e3o planejou ou n\u00e3o j\u00e1 n\u00e3o interessa. O fato foi consumado e a Serra da Cantareira ficou mais triste com seu sil\u00eancio, mas sua m\u00fasica permanecer\u00e1 sempre viva entre n\u00f3s.<\/p>\n<div id=\"attachment_8903\" style=\"width: 367px\" class=\"wp-caption aligncenter\"><a href=\"http:\/\/jornalcontato.com.br\/home\/wp-content\/uploads\/2014\/11\/02.jpg\"><img loading=\"lazy\" decoding=\"async\" aria-describedby=\"caption-attachment-8903\" class=\" wp-image-8903 \" title=\"Jo\u00e3o registrando a entrega da Comenda ao seu pai Renato\" src=\"http:\/\/jornalcontato.com.br\/home\/wp-content\/uploads\/2014\/11\/02.jpg\" alt=\"Jo\u00e3o registrando a entrega da Comenda ao seu pai Renato\" width=\"367\" height=\"358\" srcset=\"https:\/\/jornalcontato.com.br\/home\/wp-content\/uploads\/2014\/11\/02.jpg 611w, https:\/\/jornalcontato.com.br\/home\/wp-content\/uploads\/2014\/11\/02-300x292.jpg 300w\" sizes=\"auto, (max-width: 367px) 100vw, 367px\" \/><\/a><p id=\"caption-attachment-8903\" class=\"wp-caption-text\">Jo\u00e3o registrando a entrega da Comenda ao seu pai Renato<\/p><\/div>\n<p>&nbsp;<\/p>\n<p><em><strong>Em tempo<\/strong><\/em><\/p>\n<p>Na sexta-feira, 7, ser\u00e1 realizada uma missa de s\u00e9timo dia de falecimento de Jo\u00e3o Alvraz na Igreja Santa Teresinha, no centro de Taubat\u00e9.<\/p>\n","protected":false},"excerpt":{"rendered":"<p>No s\u00e1bado, 1\u00ba de novembro, faleceu Jo\u00e3o Lavraz, 28 anos, filho do m\u00fasico, compositor e cantor Renato Teixeira, colaborador de CONTATO. Jo\u00e3o tamb\u00e9m era m\u00fasico &#8230;<\/p>\n","protected":false},"author":1,"featured_media":8901,"comment_status":"open","ping_status":"open","sticky":false,"template":"","format":"standard","meta":{"footnotes":""},"categories":[29,7],"tags":[],"class_list":["post-8900","post","type-post","status-publish","format-standard","has-post-thumbnail","hentry","category-regional","category-reportagem"],"_links":{"self":[{"href":"https:\/\/www.jornalcontato.com.br\/home\/index.php\/wp-json\/wp\/v2\/posts\/8900","targetHints":{"allow":["GET"]}}],"collection":[{"href":"https:\/\/www.jornalcontato.com.br\/home\/index.php\/wp-json\/wp\/v2\/posts"}],"about":[{"href":"https:\/\/www.jornalcontato.com.br\/home\/index.php\/wp-json\/wp\/v2\/types\/post"}],"author":[{"embeddable":true,"href":"https:\/\/www.jornalcontato.com.br\/home\/index.php\/wp-json\/wp\/v2\/users\/1"}],"replies":[{"embeddable":true,"href":"https:\/\/www.jornalcontato.com.br\/home\/index.php\/wp-json\/wp\/v2\/comments?post=8900"}],"version-history":[{"count":5,"href":"https:\/\/www.jornalcontato.com.br\/home\/index.php\/wp-json\/wp\/v2\/posts\/8900\/revisions"}],"predecessor-version":[{"id":10933,"href":"https:\/\/www.jornalcontato.com.br\/home\/index.php\/wp-json\/wp\/v2\/posts\/8900\/revisions\/10933"}],"wp:featuredmedia":[{"embeddable":true,"href":"https:\/\/www.jornalcontato.com.br\/home\/index.php\/wp-json\/wp\/v2\/media\/8901"}],"wp:attachment":[{"href":"https:\/\/www.jornalcontato.com.br\/home\/index.php\/wp-json\/wp\/v2\/media?parent=8900"}],"wp:term":[{"taxonomy":"category","embeddable":true,"href":"https:\/\/www.jornalcontato.com.br\/home\/index.php\/wp-json\/wp\/v2\/categories?post=8900"},{"taxonomy":"post_tag","embeddable":true,"href":"https:\/\/www.jornalcontato.com.br\/home\/index.php\/wp-json\/wp\/v2\/tags?post=8900"}],"curies":[{"name":"wp","href":"https:\/\/api.w.org\/{rel}","templated":true}]}}