{"id":8882,"date":"2014-11-11T18:35:11","date_gmt":"2014-11-11T21:35:11","guid":{"rendered":"http:\/\/jornalcontato.com.br\/home\/?p=8882"},"modified":"2014-12-03T16:22:55","modified_gmt":"2014-12-03T19:22:55","slug":"cidade-sem-prefeito-ambulantes-invadem-calcadao","status":"publish","type":"post","link":"https:\/\/www.jornalcontato.com.br\/home\/index.php\/cidade-sem-prefeito-ambulantes-invadem-calcadao\/","title":{"rendered":"Cidade sem prefeito: Ambulantes invadem cal\u00e7ad\u00e3o"},"content":{"rendered":"<p>De repente, eis que dezenas de barracas surgem em todo o cal\u00e7ad\u00e3o entre a catedral da pra\u00e7a dom Epaminondas e a rua Visconde do Rio Branco, no centro da terra de Lobato. <!--more--><br \/>\n<a href=\"http:\/\/jornalcontato.com.br\/home\/wp-content\/uploads\/2014\/11\/4224-reduzida1.jpg\"><img loading=\"lazy\" decoding=\"async\" class=\"aligncenter size-full wp-image-8887\" title=\"4224 reduzida\" src=\"http:\/\/jornalcontato.com.br\/home\/wp-content\/uploads\/2014\/11\/4224-reduzida1.jpg\" alt=\"\" width=\"922\" height=\"615\" srcset=\"https:\/\/jornalcontato.com.br\/home\/wp-content\/uploads\/2014\/11\/4224-reduzida1.jpg 922w, https:\/\/jornalcontato.com.br\/home\/wp-content\/uploads\/2014\/11\/4224-reduzida1-300x200.jpg 300w\" sizes=\"auto, (max-width: 922px) 100vw, 922px\" \/><\/a><br \/>\nTudo indica que se trata de uma a\u00e7\u00e3o combinada. Os comerciantes ali instalados iniciaram o dia sobressaltados com a quantidade de barracas camel\u00f4s em frente a seus estabelecimentos.<\/p>\n<p>Haveria alguma rela\u00e7\u00e3o com a cassa\u00e7\u00e3o do prefeito Ortiz J\u00fanior (PSDB) determinada pelo Tribunal Regional Eleitoral na ter\u00e7a-feira, 04, mas cujo ac\u00f3rd\u00e3o s\u00f3 chegou na segunda-feira, 10, para que a ju\u00edza Suely Zeraik de Oliveira Armani execute a senten\u00e7a?<\/p>\n<p>Recentemente, lideran\u00e7as dos ambulantes tentaram, sem sucesso, realizar uma manifesta\u00e7\u00e3o de protesto contra o governo tucano. Nem mesmo o apoio de \u201cfor\u00e7as pol\u00edticas\u201d como as representadas pelo engenheiro Chico Oiring e pelos professores Fernando Borges e Silvio Prado (PSOL e APEOESP) conseguiram sensibilizar as massas que passavam em frente \u00e0 catedral.<\/p>\n<p>Hoje, por\u00e9m, contando apenas com o apoio dos colegas e com a chegada do ac\u00f3rd\u00e3o judicial para que o vereador Carlos Peixoto assuma provisoriamente o comando do poder Executivo, o resultado foi outro. Pelas fotos, pode-se observar as barracas que j\u00e1 estavam montadas por volta de 11h:00 no cal\u00e7ad\u00e3o entre a rua Visconde do Rio Branco e a Pra\u00e7a Dom Epaminondas.<\/p>\n<p>Procurados pela reportagem do Contato, os comerciantes n\u00e3o quiseram se pronunciar. Apenas comentaram que &#8220;parece que essa cidade est\u00e1 sem prefeito\u201d. Mas garantiram que procuraram a ACIT &#8211; Associa\u00e7\u00e3o Comercial e Industrial de Taubat\u00e9 &#8211; e tamb\u00e9m o SINCOVAT &#8211; Sindicato do Com\u00e9rcio Varejista de Taubat\u00e9 que dever\u00e3o tomar as provid\u00eancias necess\u00e1rias.<\/p>\n<p>A Assessoria de Comunica\u00e7\u00e3o da ACIT informou \u00e0 reportagem que a presidente Sandra Teixeira encontrava-se na Secretaria de Servi\u00e7os P\u00fablicos, \u00f3rg\u00e3o municipal encarregado da fiscaliza\u00e7\u00e3o de posturas, para solicitar as devidas provid\u00eancias. O Setor de Fiscaliza\u00e7\u00e3o de Posturas, por sua vez, informou que o secret\u00e1rio Alexandre Magno se encontrava em Jundia\u00ed-SP participando de um semin\u00e1rio.<\/p>\n<p>A assessoria de Comunica\u00e7\u00e3o da Prefeitura informou que em raz\u00e3o de uma decis\u00e3o judicial, obtida atrav\u00e9s de uma a\u00e7\u00e3o movida pela Defensoria P\u00fablica, garante aos camel\u00f4s o direito de instalar suas barracas na regi\u00e3o central sem sofrer a a\u00e7\u00e3o dos fiscais da prefeitura.<\/p>\n<p>E <em>la nave va<\/em>!<\/p>\n","protected":false},"excerpt":{"rendered":"<p>De repente, eis que dezenas de barracas surgem em todo o cal\u00e7ad\u00e3o entre a catedral da pra\u00e7a dom Epaminondas e a rua Visconde do Rio &#8230;<\/p>\n","protected":false},"author":1,"featured_media":8883,"comment_status":"open","ping_status":"open","sticky":false,"template":"","format":"standard","meta":{"footnotes":""},"categories":[7],"tags":[],"class_list":["post-8882","post","type-post","status-publish","format-standard","has-post-thumbnail","hentry","category-reportagem"],"_links":{"self":[{"href":"https:\/\/www.jornalcontato.com.br\/home\/index.php\/wp-json\/wp\/v2\/posts\/8882","targetHints":{"allow":["GET"]}}],"collection":[{"href":"https:\/\/www.jornalcontato.com.br\/home\/index.php\/wp-json\/wp\/v2\/posts"}],"about":[{"href":"https:\/\/www.jornalcontato.com.br\/home\/index.php\/wp-json\/wp\/v2\/types\/post"}],"author":[{"embeddable":true,"href":"https:\/\/www.jornalcontato.com.br\/home\/index.php\/wp-json\/wp\/v2\/users\/1"}],"replies":[{"embeddable":true,"href":"https:\/\/www.jornalcontato.com.br\/home\/index.php\/wp-json\/wp\/v2\/comments?post=8882"}],"version-history":[{"count":6,"href":"https:\/\/www.jornalcontato.com.br\/home\/index.php\/wp-json\/wp\/v2\/posts\/8882\/revisions"}],"predecessor-version":[{"id":8888,"href":"https:\/\/www.jornalcontato.com.br\/home\/index.php\/wp-json\/wp\/v2\/posts\/8882\/revisions\/8888"}],"wp:featuredmedia":[{"embeddable":true,"href":"https:\/\/www.jornalcontato.com.br\/home\/index.php\/wp-json\/wp\/v2\/media\/8883"}],"wp:attachment":[{"href":"https:\/\/www.jornalcontato.com.br\/home\/index.php\/wp-json\/wp\/v2\/media?parent=8882"}],"wp:term":[{"taxonomy":"category","embeddable":true,"href":"https:\/\/www.jornalcontato.com.br\/home\/index.php\/wp-json\/wp\/v2\/categories?post=8882"},{"taxonomy":"post_tag","embeddable":true,"href":"https:\/\/www.jornalcontato.com.br\/home\/index.php\/wp-json\/wp\/v2\/tags?post=8882"}],"curies":[{"name":"wp","href":"https:\/\/api.w.org\/{rel}","templated":true}]}}