{"id":8821,"date":"2014-10-29T16:53:27","date_gmt":"2014-10-29T19:53:27","guid":{"rendered":"http:\/\/jornalcontato.com.br\/home\/?p=8821"},"modified":"2014-11-15T10:28:10","modified_gmt":"2014-11-15T13:28:10","slug":"hino-do-centenario-do-ec-taubate-ouca-em-primeira-mao","status":"publish","type":"post","link":"https:\/\/www.jornalcontato.com.br\/home\/index.php\/hino-do-centenario-do-ec-taubate-ouca-em-primeira-mao\/","title":{"rendered":"Hino do Centen\u00e1rio do EC Taubat\u00e9, ou\u00e7a em primeira m\u00e3o"},"content":{"rendered":"<p>Para homenagear essa data festiva, o cantor, compositor e m\u00fasico Renato Teixeira criou o Hino 100 anos depois que no dia 1 de novembro 1914, compareceram na resid\u00eancia de Francisco de Paula Pereira Barbosa 48 taubateanos, que se tornaram os primeiros s\u00f3cios do ent\u00e3o chamado Sport Club Taubat\u00e9. <!--more-->Naquele momento, Gast\u00e3o da C\u00e2mara Leal foi eleito seu primeiro presidente. Vida eterna ao Burr\u00e3o!!<br \/>\n<iframe loading=\"lazy\" src=\"\/\/www.youtube.com\/embed\/a5NTBG6YdDs\" frameborder=\"0\" width=\"650\" height=\"366\"><\/iframe><\/p>\n<p>&nbsp;<\/p>\n<p>Na sexta-feira, 31, \u00e0 noite, CONTATO veicular\u00e1 na sua fanpage um filme com imagens de um debate travado em 1979 entre locutores esportivos que transmitiram os jogos do Campeonato da Intermedi\u00e1ria em que EC Taubat\u00e9 se sagrou campe\u00e3o paulista.<\/p>\n<div id=\"attachment_8824\" style=\"width: 650px\" class=\"wp-caption alignleft\"><a href=\"http:\/\/jornalcontato.com.br\/home\/wp-content\/uploads\/2014\/10\/Untitled-1.jpg\"><img loading=\"lazy\" decoding=\"async\" aria-describedby=\"caption-attachment-8824\" class=\"size-full wp-image-8824\" title=\"Renato Teixeira ao lado de Brunoro e Filho, atual presidente, no dia da posse da nova diretoria\" src=\"http:\/\/jornalcontato.com.br\/home\/wp-content\/uploads\/2014\/10\/Untitled-1.jpg\" alt=\"Renato Teixeira ao lado de Brunoro e Filho, atual presidente, no dia da posse da nova diretoria\" width=\"650\" height=\"432\" srcset=\"https:\/\/jornalcontato.com.br\/home\/wp-content\/uploads\/2014\/10\/Untitled-1.jpg 650w, https:\/\/jornalcontato.com.br\/home\/wp-content\/uploads\/2014\/10\/Untitled-1-300x199.jpg 300w\" sizes=\"auto, (max-width: 650px) 100vw, 650px\" \/><\/a><p id=\"caption-attachment-8824\" class=\"wp-caption-text\">Renato Teixeira ao lado de Brunoro e Filho, atual presidente, no dia da posse da nova diretoria<\/p><\/div>\n","protected":false},"excerpt":{"rendered":"<p>Para homenagear essa data festiva, o cantor, compositor e m\u00fasico Renato Teixeira criou o Hino 100 anos depois que no dia 1 de novembro 1914, &#8230;<\/p>\n","protected":false},"author":1,"featured_media":8823,"comment_status":"open","ping_status":"open","sticky":false,"template":"","format":"standard","meta":{"footnotes":""},"categories":[7],"tags":[],"class_list":["post-8821","post","type-post","status-publish","format-standard","has-post-thumbnail","hentry","category-reportagem"],"_links":{"self":[{"href":"https:\/\/www.jornalcontato.com.br\/home\/index.php\/wp-json\/wp\/v2\/posts\/8821","targetHints":{"allow":["GET"]}}],"collection":[{"href":"https:\/\/www.jornalcontato.com.br\/home\/index.php\/wp-json\/wp\/v2\/posts"}],"about":[{"href":"https:\/\/www.jornalcontato.com.br\/home\/index.php\/wp-json\/wp\/v2\/types\/post"}],"author":[{"embeddable":true,"href":"https:\/\/www.jornalcontato.com.br\/home\/index.php\/wp-json\/wp\/v2\/users\/1"}],"replies":[{"embeddable":true,"href":"https:\/\/www.jornalcontato.com.br\/home\/index.php\/wp-json\/wp\/v2\/comments?post=8821"}],"version-history":[{"count":5,"href":"https:\/\/www.jornalcontato.com.br\/home\/index.php\/wp-json\/wp\/v2\/posts\/8821\/revisions"}],"predecessor-version":[{"id":8827,"href":"https:\/\/www.jornalcontato.com.br\/home\/index.php\/wp-json\/wp\/v2\/posts\/8821\/revisions\/8827"}],"wp:featuredmedia":[{"embeddable":true,"href":"https:\/\/www.jornalcontato.com.br\/home\/index.php\/wp-json\/wp\/v2\/media\/8823"}],"wp:attachment":[{"href":"https:\/\/www.jornalcontato.com.br\/home\/index.php\/wp-json\/wp\/v2\/media?parent=8821"}],"wp:term":[{"taxonomy":"category","embeddable":true,"href":"https:\/\/www.jornalcontato.com.br\/home\/index.php\/wp-json\/wp\/v2\/categories?post=8821"},{"taxonomy":"post_tag","embeddable":true,"href":"https:\/\/www.jornalcontato.com.br\/home\/index.php\/wp-json\/wp\/v2\/tags?post=8821"}],"curies":[{"name":"wp","href":"https:\/\/api.w.org\/{rel}","templated":true}]}}