{"id":8767,"date":"2014-10-16T10:52:16","date_gmt":"2014-10-16T13:52:16","guid":{"rendered":"http:\/\/jornalcontato.com.br\/home\/?p=8767"},"modified":"2014-11-04T16:27:24","modified_gmt":"2014-11-04T19:27:24","slug":"video-violencia-marca-greve-na-abc-transporte","status":"publish","type":"post","link":"https:\/\/www.jornalcontato.com.br\/home\/index.php\/video-violencia-marca-greve-na-abc-transporte\/","title":{"rendered":"V\u00eddeo: viol\u00eancia marca greve na ABC Transporte"},"content":{"rendered":"<p>Na quinta feira, 09, os motoristas e cobradores da concession\u00e1ria de transportes p\u00fablicos, em assembleia realizada por volta de 04h da madrugada, em frente ao port\u00e3o da garagem da ABC Transportes, na Avenida do Pinh\u00e3o, no bairro da Estiva, decidiram paralisar o dos trabalhos por pelo menos 24 horas.<!--more--><\/p>\n<p>Segundo Jos\u00e9 Roberto Gomes, diretor do Sindicato dos Condutores do Vale do Para\u00edba, os trabalhadores n\u00e3o abrem m\u00e3o de um aumento real nos sal\u00e1rios. \u201cNa pauta enviada pelo Sindicato em maio desse ano, depois de aprovada pelos trabalhadores em assembleia, n\u00f3s pedimos a infla\u00e7\u00e3o e mais 5 % de aumento real e hoje n\u00f3s estamos pedindo esse \u00edndice de 10,82%&#8221;.<\/p>\n<div id=\"attachment_8769\" style=\"width: 650px\" class=\"wp-caption aligncenter\"><a href=\"http:\/\/jornalcontato.com.br\/home\/wp-content\/uploads\/2014\/10\/00-2.jpg\"><img loading=\"lazy\" decoding=\"async\" aria-describedby=\"caption-attachment-8769\" class=\"size-full wp-image-8769\" title=\"Sexta 10, clima tranquilos na porta da ABC Transporte\" src=\"http:\/\/jornalcontato.com.br\/home\/wp-content\/uploads\/2014\/10\/00-2.jpg\" alt=\"Sexta 10, clima tranquilos na porta da ABC Transporte\" width=\"650\" height=\"433\" srcset=\"https:\/\/jornalcontato.com.br\/home\/wp-content\/uploads\/2014\/10\/00-2.jpg 650w, https:\/\/jornalcontato.com.br\/home\/wp-content\/uploads\/2014\/10\/00-2-300x199.jpg 300w\" sizes=\"auto, (max-width: 650px) 100vw, 650px\" \/><\/a><p id=\"caption-attachment-8769\" class=\"wp-caption-text\">Sexta 10, clima tranquilos na porta da ABC Transporte<\/p><\/div>\n<p>A secret\u00e1ria de Mobilidade Urbana, Dolores Pino, a Lola, e sua equipe acompanharam toda a mobiliza\u00e7\u00e3o, e Lola se retirou por volta das 15h:00, enquanto aguardava a chegada da liminar da Justi\u00e7a do Trabalho, que s\u00f3 chegou \u00e0 noite. A empresa ABC Transportes teria que colocar pelo menos 60% da frota para operar.<\/p>\n<p>Foi solicitada a presen\u00e7a da Pol\u00edcia Militar para acompanhar essa decis\u00e3o. Quando alguns \u00f4nibus se preparavam para deixar a empresa, os trabalhadores sentaram-se em frente ao port\u00e3o, impedindo a sa\u00edda dos ve\u00edculos.<\/p>\n<p><strong>\u00a0<\/strong><\/p>\n<p><strong>Vers\u00f5es sobre o confronto<\/strong><\/p>\n<p>Segundo os sindicalistas, cerca de cinquenta homens da Tropa de Choque da Pol\u00edcia Militar chegaram fazendo uso de sprays de g\u00e1s pimenta, bombas de efeito moral, cassetetes e disparando tiros de balas de borracha, provocando ferimentos e revolta entre os trabalhadores. Pelo menos tr\u00eas pessoas foram detidas e quatro feridos foram encaminhados a hospitais.<\/p>\n<p>A dire\u00e7\u00e3o do Sindicato considerou a viol\u00eancia policial como uma afronta aos trabalhadores, que exerciam de forma pac\u00edfica seu direito democr\u00e1tico. A maior prova seria a aus\u00eancia de casos de vandalismo ou de amea\u00e7a \u00e0 ordem p\u00fablica. Um v\u00eddeo postado nas redes sociais \u201cfeito por vizinho que n\u00e3o quis se identificar\u201d no perfil do vereador Joffre Neto (PSB), d\u00e1 uma dimens\u00e3o da vers\u00e3o dos sindicalistas.<\/p>\n<div id=\"attachment_8773\" style=\"width: 650px\" class=\"wp-caption aligncenter\"><a href=\"http:\/\/jornalcontato.com.br\/home\/wp-content\/uploads\/2014\/10\/003.jpg\"><img loading=\"lazy\" decoding=\"async\" aria-describedby=\"caption-attachment-8773\" class=\"size-full wp-image-8773\" title=\"Jos\u00e9 Roberto Gomes, diretor do Sindicato dos Condutores do Vale do Para\u00edba e condutor que foi baleado, em reuni\u00e3o com outro diretor da organiza\u00e7\u00e3o\" src=\"http:\/\/jornalcontato.com.br\/home\/wp-content\/uploads\/2014\/10\/003.jpg\" alt=\"Jos\u00e9 Roberto Gomes, diretor do Sindicato dos Condutores do Vale do Para\u00edba e condutor que foi baleado, em reuni\u00e3o com outro diretor da organiza\u00e7\u00e3o\" width=\"650\" height=\"433\" srcset=\"https:\/\/jornalcontato.com.br\/home\/wp-content\/uploads\/2014\/10\/003.jpg 650w, https:\/\/jornalcontato.com.br\/home\/wp-content\/uploads\/2014\/10\/003-300x199.jpg 300w\" sizes=\"auto, (max-width: 650px) 100vw, 650px\" \/><\/a><p id=\"caption-attachment-8773\" class=\"wp-caption-text\">Jos\u00e9 Roberto Gomes, diretor do Sindicato dos Condutores do Vale do Para\u00edba e condutor, em reuni\u00e3o com outro diretor da organiza\u00e7\u00e3o ap\u00f3s ser baleado na porta da garagem da ABC<\/p><\/div>\n<div id=\"attachment_8771\" style=\"width: 650px\" class=\"wp-caption aligncenter\"><a href=\"http:\/\/jornalcontato.com.br\/home\/wp-content\/uploads\/2014\/10\/00.jpg\"><img loading=\"lazy\" decoding=\"async\" aria-describedby=\"caption-attachment-8771\" class=\"size-full wp-image-8771\" title=\"Gomes denuncia a viol\u00eancia sofrida...\" src=\"http:\/\/jornalcontato.com.br\/home\/wp-content\/uploads\/2014\/10\/00.jpg\" alt=\"Gomes denuncia a viol\u00eancia sofrida...\" width=\"650\" height=\"433\" srcset=\"https:\/\/jornalcontato.com.br\/home\/wp-content\/uploads\/2014\/10\/00.jpg 650w, https:\/\/jornalcontato.com.br\/home\/wp-content\/uploads\/2014\/10\/00-300x199.jpg 300w\" sizes=\"auto, (max-width: 650px) 100vw, 650px\" \/><\/a><p id=\"caption-attachment-8771\" class=\"wp-caption-text\">Gomes denuncia a viol\u00eancia sofrida&#8230;<\/p><\/div>\n<div id=\"attachment_8772\" style=\"width: 650px\" class=\"wp-caption aligncenter\"><a href=\"http:\/\/jornalcontato.com.br\/home\/wp-content\/uploads\/2014\/10\/002.jpg\"><img loading=\"lazy\" decoding=\"async\" aria-describedby=\"caption-attachment-8772\" class=\"size-full wp-image-8772\" title=\"... e exibe ferimento provocado pelo tiro com bala de borracha\" src=\"http:\/\/jornalcontato.com.br\/home\/wp-content\/uploads\/2014\/10\/002.jpg\" alt=\"... e exibe ferimento provocado pelo tiro com bala de borracha\" width=\"650\" height=\"433\" srcset=\"https:\/\/jornalcontato.com.br\/home\/wp-content\/uploads\/2014\/10\/002.jpg 650w, https:\/\/jornalcontato.com.br\/home\/wp-content\/uploads\/2014\/10\/002-300x199.jpg 300w\" sizes=\"auto, (max-width: 650px) 100vw, 650px\" \/><\/a><p id=\"caption-attachment-8772\" class=\"wp-caption-text\">&#8230; e exibe ferimento provocado pelo tiro com bala de borracha<\/p><\/div>\n<p>Segundo a Prefeitura, a secret\u00e1ria de Mobilidade Urbana se encontrava na empresa aguardando a liminar. Quando ela se retirou, por volta das 15h:00, o clima era de tranquilidade. Posteriormente, sua equipe que permaneceu na empresa relatou-lhe que, ap\u00f3s a chegada da liminar mantendo as mesmas condi\u00e7\u00f5es, ou seja, desfavor\u00e1vel aos trabalhadores, n\u00e3o havia mais o que fazer al\u00e9m de colocar 60 % da frota para rodar, conforme determinava a Justi\u00e7a. A Pol\u00edcia Militar foi acionada por se tratar de um procedimento padr\u00e3o.<\/p>\n<p>Lola est\u00e1 convencida de que a greve tem motiva\u00e7\u00e3o pol\u00edtico eleitoreira. \u201cPorque o Sindicato, que \u00e9 regional, n\u00e3o fez nada em S\u00e3o Jos\u00e9 e Jacare\u00ed?\u201d. Ela mesma responde: \u201cPorque s\u00e3o administradas por prefeitos vinculados ao Partido dos Trabalhadores. Nunca havia ocorrido uma greve de \u00f4nibus em Taubat\u00e9\u201d, um argumento bastante convincente. Ela relata ainda que um acordo estava prestes a ser celebrado quando chegou um advogado do Sindicato e reverteu toda a situa\u00e7\u00e3o.<\/p>\n<p>Tenente-coronel Sod\u00e1rio, comandante da 5\u00ba BPM-I, relata que depois que a tropa chegou ao local, o confronto s\u00f3 ocorreu uma hora depois de intensa negocia\u00e7\u00e3o entre policiais e grevistas. \u201cE, assim mesmo, foram apenas alguns minutos de uso da for\u00e7a para que os \u00f4nibus pudessem sair da garagem, conforme decis\u00e3o judicial\u201d, informa o comandante local da PM.<\/p>\n<p>A secret\u00e1ria e o oficial desconheciam a exist\u00eancia de feridos por bala de borracha. CONTATO enviar\u00e1 fotos exclusivas para as duas autoridades.<\/p>\n<p>&nbsp;<\/p>\n<p><iframe loading=\"lazy\" src=\"\/\/www.youtube.com\/embed\/CvDNZ3x279Y?list=UUO02uOkYJkDc6i9zfJOwhiw\" frameborder=\"0\" width=\"650\" height=\"366\"><\/iframe><\/p>\n<p><iframe loading=\"lazy\" src=\"\/\/www.youtube.com\/embed\/vaz9YJZTo8g\" frameborder=\"0\" width=\"650\" height=\"366\"><\/iframe><\/p>\n<p><iframe loading=\"lazy\" src=\"\/\/www.youtube.com\/embed\/rc88iO_yqBc\" frameborder=\"0\" width=\"650\" height=\"366\"><\/iframe><\/p>\n","protected":false},"excerpt":{"rendered":"<p>Na quinta feira, 09, os motoristas e cobradores da concession\u00e1ria de transportes p\u00fablicos, em assembleia realizada por volta de 04h da madrugada, em frente ao &#8230;<\/p>\n","protected":false},"author":1,"featured_media":8768,"comment_status":"open","ping_status":"open","sticky":false,"template":"","format":"standard","meta":{"footnotes":""},"categories":[7],"tags":[],"class_list":["post-8767","post","type-post","status-publish","format-standard","has-post-thumbnail","hentry","category-reportagem"],"_links":{"self":[{"href":"https:\/\/www.jornalcontato.com.br\/home\/index.php\/wp-json\/wp\/v2\/posts\/8767","targetHints":{"allow":["GET"]}}],"collection":[{"href":"https:\/\/www.jornalcontato.com.br\/home\/index.php\/wp-json\/wp\/v2\/posts"}],"about":[{"href":"https:\/\/www.jornalcontato.com.br\/home\/index.php\/wp-json\/wp\/v2\/types\/post"}],"author":[{"embeddable":true,"href":"https:\/\/www.jornalcontato.com.br\/home\/index.php\/wp-json\/wp\/v2\/users\/1"}],"replies":[{"embeddable":true,"href":"https:\/\/www.jornalcontato.com.br\/home\/index.php\/wp-json\/wp\/v2\/comments?post=8767"}],"version-history":[{"count":5,"href":"https:\/\/www.jornalcontato.com.br\/home\/index.php\/wp-json\/wp\/v2\/posts\/8767\/revisions"}],"predecessor-version":[{"id":8858,"href":"https:\/\/www.jornalcontato.com.br\/home\/index.php\/wp-json\/wp\/v2\/posts\/8767\/revisions\/8858"}],"wp:featuredmedia":[{"embeddable":true,"href":"https:\/\/www.jornalcontato.com.br\/home\/index.php\/wp-json\/wp\/v2\/media\/8768"}],"wp:attachment":[{"href":"https:\/\/www.jornalcontato.com.br\/home\/index.php\/wp-json\/wp\/v2\/media?parent=8767"}],"wp:term":[{"taxonomy":"category","embeddable":true,"href":"https:\/\/www.jornalcontato.com.br\/home\/index.php\/wp-json\/wp\/v2\/categories?post=8767"},{"taxonomy":"post_tag","embeddable":true,"href":"https:\/\/www.jornalcontato.com.br\/home\/index.php\/wp-json\/wp\/v2\/tags?post=8767"}],"curies":[{"name":"wp","href":"https:\/\/api.w.org\/{rel}","templated":true}]}}