{"id":8732,"date":"2014-10-02T16:02:24","date_gmt":"2014-10-02T19:02:24","guid":{"rendered":"http:\/\/jornalcontato.com.br\/home\/?p=8732"},"modified":"2016-04-05T15:38:52","modified_gmt":"2016-04-05T18:38:52","slug":"luzes-no-tunel-do-ec-taubate","status":"publish","type":"post","link":"https:\/\/www.jornalcontato.com.br\/home\/index.php\/luzes-no-tunel-do-ec-taubate\/","title":{"rendered":"Luzes no t\u00fanel do EC Taubat\u00e9"},"content":{"rendered":"<p>Na noite de quarta-feira, 01, foi empossada a nova diretoria do Burr\u00e3o. A capa da edi\u00e7\u00e3o 658 de CONTATO registra a primeira iniciativa dos novos e jovens cartolas: uma visita de cortesia \u00e0 Federa\u00e7\u00e3o Paulista de Futebol. A nova equipe come\u00e7a com muita guerra e com o foco muito bem definido: retornar \u00e0 elite do esporte bret\u00e3o para tornar o Clube autossustent\u00e1vel do ponto de vista financeiro. <!--more-->Tudo isso passa necessariamente pelo retorno da torcida e do apoio prometido e esperado de muitas frentes. A ponta do iceberg j\u00e1 \u00e9 vis\u00edvel: a presen\u00e7a de Jos\u00e9 Carlos Brunoro no trabalho de gerenciamento t\u00e9cnico, administrativo e financeiro dessa empreitada. Brunoro possui uma vasta experi\u00eancia nessa \u00e1rea comprovada \u00e0 frente de sua empresa Sports Business. Gilsinho assumir\u00e1 a diretoria de futebol. Entre os apoiadores mais dedicados aparecem o cantor, compositor e m\u00fasico Renato Teixeira e seu irm\u00e3o Roberto.<\/p>\n<p>&nbsp;<\/p>\n<div id=\"attachment_8734\" style=\"width: 600px\" class=\"wp-caption aligncenter\"><a href=\"http:\/\/jornalcontato.com.br\/home\/wp-content\/uploads\/2014\/10\/12.jpg\"><img loading=\"lazy\" decoding=\"async\" aria-describedby=\"caption-attachment-8734\" class=\"size-full wp-image-8734\" title=\"Renato Teixeira troca figurinhas com Helio Marcondes Neto, novo presidente do ECT\" src=\"http:\/\/jornalcontato.com.br\/home\/wp-content\/uploads\/2014\/10\/12.jpg\" alt=\"Renato Teixeira troca figurinhas com Helio Marcondes Neto, novo presidente do ECT\" width=\"600\" height=\"399\" srcset=\"https:\/\/jornalcontato.com.br\/home\/wp-content\/uploads\/2014\/10\/12.jpg 600w, https:\/\/jornalcontato.com.br\/home\/wp-content\/uploads\/2014\/10\/12-300x199.jpg 300w\" sizes=\"auto, (max-width: 600px) 100vw, 600px\" \/><\/a><p id=\"caption-attachment-8734\" class=\"wp-caption-text\">Renato Teixeira troca figurinhas com Helio Marcondes Neto, novo presidente do ECT<\/p><\/div>\n<p>&nbsp;<\/p>\n<div id=\"attachment_8735\" style=\"width: 600px\" class=\"wp-caption aligncenter\"><a href=\"http:\/\/jornalcontato.com.br\/home\/wp-content\/uploads\/2014\/10\/21.jpg\"><img loading=\"lazy\" decoding=\"async\" aria-describedby=\"caption-attachment-8735\" class=\"size-full wp-image-8735\" title=\"O encontro ecl\u00e9tico entre o artista, o pol\u00edtico Ary Kara em campanha e o presidente do TCC, Pedro de Abreu\" src=\"http:\/\/jornalcontato.com.br\/home\/wp-content\/uploads\/2014\/10\/21.jpg\" alt=\"O encontro ecl\u00e9tico entre o artista, o pol\u00edtico Ary Kara em campanha e o presidente do TCC, Pedro de Abreu\" width=\"600\" height=\"399\" srcset=\"https:\/\/jornalcontato.com.br\/home\/wp-content\/uploads\/2014\/10\/21.jpg 600w, https:\/\/jornalcontato.com.br\/home\/wp-content\/uploads\/2014\/10\/21-300x199.jpg 300w\" sizes=\"auto, (max-width: 600px) 100vw, 600px\" \/><\/a><p id=\"caption-attachment-8735\" class=\"wp-caption-text\">O encontro ecl\u00e9tico entre o artista, o pol\u00edtico Ary Kara em campanha e o presidente do TCC, Pedro de Abreu<\/p><\/div>\n<p>&nbsp;<\/p>\n<div id=\"attachment_8736\" style=\"width: 600px\" class=\"wp-caption aligncenter\"><a href=\"http:\/\/jornalcontato.com.br\/home\/wp-content\/uploads\/2014\/10\/31.jpg\"><img loading=\"lazy\" decoding=\"async\" aria-describedby=\"caption-attachment-8736\" class=\"size-full wp-image-8736\" title=\"Brunoro esbanjou simpatia e n\u00e3o recusou nenhum convite para falar de seus planos\" src=\"http:\/\/jornalcontato.com.br\/home\/wp-content\/uploads\/2014\/10\/31.jpg\" alt=\"Brunoro esbanjou simpatia e n\u00e3o recusou nenhum convite para falar de seus planos\" width=\"600\" height=\"399\" srcset=\"https:\/\/jornalcontato.com.br\/home\/wp-content\/uploads\/2014\/10\/31.jpg 600w, https:\/\/jornalcontato.com.br\/home\/wp-content\/uploads\/2014\/10\/31-300x199.jpg 300w\" sizes=\"auto, (max-width: 600px) 100vw, 600px\" \/><\/a><p id=\"caption-attachment-8736\" class=\"wp-caption-text\">Brunoro esbanjou simpatia e n\u00e3o recusou nenhum convite para falar de seus planos<\/p><\/div>\n<p>&nbsp;<\/p>\n<div id=\"attachment_8737\" style=\"width: 600px\" class=\"wp-caption aligncenter\"><a href=\"http:\/\/jornalcontato.com.br\/home\/wp-content\/uploads\/2014\/10\/4.jpg\"><img loading=\"lazy\" decoding=\"async\" aria-describedby=\"caption-attachment-8737\" class=\"size-full wp-image-8737\" title=\"Detalhe do seleto p\u00fablico que prestigiou a posse da nova diretoria do Burr\u00e3o\" src=\"http:\/\/jornalcontato.com.br\/home\/wp-content\/uploads\/2014\/10\/4.jpg\" alt=\"Detalhe do seleto p\u00fablico que prestigiou a posse da nova diretoria do Burr\u00e3o\" width=\"600\" height=\"399\" srcset=\"https:\/\/jornalcontato.com.br\/home\/wp-content\/uploads\/2014\/10\/4.jpg 600w, https:\/\/jornalcontato.com.br\/home\/wp-content\/uploads\/2014\/10\/4-300x199.jpg 300w\" sizes=\"auto, (max-width: 600px) 100vw, 600px\" \/><\/a><p id=\"caption-attachment-8737\" class=\"wp-caption-text\">Detalhe do seleto p\u00fablico que prestigiou a posse da nova diretoria do Burr\u00e3o<\/p><\/div>\n","protected":false},"excerpt":{"rendered":"<p>Na noite de quarta-feira, 01, foi empossada a nova diretoria do Burr\u00e3o. A capa da edi\u00e7\u00e3o 658 de CONTATO registra a primeira iniciativa dos novos &#8230;<\/p>\n","protected":false},"author":1,"featured_media":8740,"comment_status":"open","ping_status":"open","sticky":false,"template":"","format":"standard","meta":{"footnotes":""},"categories":[28,7],"tags":[],"class_list":["post-8732","post","type-post","status-publish","format-standard","has-post-thumbnail","hentry","category-esporte","category-reportagem"],"_links":{"self":[{"href":"https:\/\/www.jornalcontato.com.br\/home\/index.php\/wp-json\/wp\/v2\/posts\/8732","targetHints":{"allow":["GET"]}}],"collection":[{"href":"https:\/\/www.jornalcontato.com.br\/home\/index.php\/wp-json\/wp\/v2\/posts"}],"about":[{"href":"https:\/\/www.jornalcontato.com.br\/home\/index.php\/wp-json\/wp\/v2\/types\/post"}],"author":[{"embeddable":true,"href":"https:\/\/www.jornalcontato.com.br\/home\/index.php\/wp-json\/wp\/v2\/users\/1"}],"replies":[{"embeddable":true,"href":"https:\/\/www.jornalcontato.com.br\/home\/index.php\/wp-json\/wp\/v2\/comments?post=8732"}],"version-history":[{"count":9,"href":"https:\/\/www.jornalcontato.com.br\/home\/index.php\/wp-json\/wp\/v2\/posts\/8732\/revisions"}],"predecessor-version":[{"id":10837,"href":"https:\/\/www.jornalcontato.com.br\/home\/index.php\/wp-json\/wp\/v2\/posts\/8732\/revisions\/10837"}],"wp:featuredmedia":[{"embeddable":true,"href":"https:\/\/www.jornalcontato.com.br\/home\/index.php\/wp-json\/wp\/v2\/media\/8740"}],"wp:attachment":[{"href":"https:\/\/www.jornalcontato.com.br\/home\/index.php\/wp-json\/wp\/v2\/media?parent=8732"}],"wp:term":[{"taxonomy":"category","embeddable":true,"href":"https:\/\/www.jornalcontato.com.br\/home\/index.php\/wp-json\/wp\/v2\/categories?post=8732"},{"taxonomy":"post_tag","embeddable":true,"href":"https:\/\/www.jornalcontato.com.br\/home\/index.php\/wp-json\/wp\/v2\/tags?post=8732"}],"curies":[{"name":"wp","href":"https:\/\/api.w.org\/{rel}","templated":true}]}}