{"id":8434,"date":"2014-07-09T12:03:31","date_gmt":"2014-07-09T15:03:31","guid":{"rendered":"http:\/\/jornalcontato.com.br\/home\/?p=8434"},"modified":"2016-04-05T15:39:12","modified_gmt":"2016-04-05T18:39:12","slug":"praca-da-mae-joana","status":"publish","type":"post","link":"https:\/\/www.jornalcontato.com.br\/home\/index.php\/praca-da-mae-joana\/","title":{"rendered":"Pra\u00e7a da m\u00e3e joana"},"content":{"rendered":"<p><strong><em>Imaginem chegar em casa e encontrar algu\u00e9m quebrando a mureta do jardim e quando perguntado quem havia autorizado o trabalhador diz\u00a0que foram ordens expressas do dono da casa e quando perguntam para a empreiteira o respons\u00e1vel manda parar a obra porque tamb\u00e9m n\u00e3o sabia quem ordenou. Isto \u00e9 Taubat\u00e9!<!--more--><\/em><\/strong><\/p>\n<p>&nbsp;<\/p>\n<p>Uma cidade onde todo o mundo manda \u00e9 uma cidade abandonada. No m\u00ednimo, maltratada. \u00c9 isso que acontece com a terra de Lobato. A prova disso foi o flagrante abuso de (falta) autoridade registrado por mun\u00edcipes e pela reportagem do CONTATO. At\u00e9 agora, ningu\u00e9m sabe quem autorizou a quebra de canteiro na Pra\u00e7a Santa Terezinha para facilitar a entrada do carrinho de lanches em frente ao Banco Santander. E mais, a obra era para que o dono daquele com\u00e9rcio pudesse usufruiu de um espa\u00e7o maior para atender seus clientes e acomodar seu carrinho. Vamos aos fatos<\/p>\n<p><strong>Flagrante<\/strong><\/p>\n<p>Moradores da Pra\u00e7a estranharam o trabalho que estava sendo executado por dois ou tr\u00eas funcion\u00e1rios da Prefeitura, supervisionados por outros dois. Eles simplesmente estavam quebrando a guia do canteiro do jardim, localizado ao lado da igreja e em frente ao banco Santander e da loja de Tintas Taubat\u00e9, que coincidentemente pertence \u00e0 fam\u00edlia da primeira-dama Mariah Perrota Ortiz<\/p>\n<p>Em primeiro lugar, \u00e9 inadmiss\u00edvel a presen\u00e7a de carrinho de lanches naquele espa\u00e7o p\u00fablico. No m\u00ednimo, por causa da sujeira promovida pelos clientes e da gordura que toma conta da via p\u00fablica. Se a atividade for legalizada, cabe \u00e0 Prefeitura exigir que aquele com\u00e9rcio garanta as m\u00ednimas condi\u00e7\u00f5es de higiene. Al\u00e9m disso, trata-se de uma atividade que n\u00e3o recolhe impostos e concorre com o com\u00e9rcio similar que paga os impostos e oferece conforto e condi\u00e7\u00f5es de higiene para seus clientes.<\/p>\n<p><strong>Cidadania em a\u00e7\u00e3o <\/strong><\/p>\n<p>Alguns mun\u00edcipes questionaram a finalidade daquela obra. A primeira resposta \u00a0dos funcion\u00e1rios municipais foi de que eles estavam abrindo espa\u00e7o para facilitar a entrada do carrinho de lanches, que usa todas as noites aquele espa\u00e7o para produzir e vender seus produtos. Chocados, os cidad\u00e3os perguntaram quem havia autorizado. Ouviram que tratava de ordens expl\u00edcitas do prefeito Ortiz J\u00fanior.<\/p>\n<p>Naquele exato momento, vereador Jo\u00e3o Vidal (PSB), l\u00edder do prefeito na C\u00e2mara Municipal, se encontrava na feira de produtos vegetais org\u00e2nicos comercializados naquele espa\u00e7o, diariamente gravando alguma mensagem. Informado por uma mun\u00edcipe, ele prometeu (e cumpriu) que tomaria as devidas provid\u00eancias. Ao mesmo tempo, os moradores informaram ao secret\u00e1rio de Planejamento Dennis Diniz que alegou desconhecer do que se tratava. A mesma resposta dada pelo secret\u00e1rio da Cultura, Cl\u00e1udio Marques.<\/p>\n<p>Nossa reportagem procurou Wanderlan Carvalho, funcion\u00e1rio da secretaria da Cultura respons\u00e1vel pelo patrim\u00f4nio hist\u00f3rico, cultural e ambiental da terra de Lobato, que tamb\u00e9m desconhecia. Por\u00e9m, prometeu que iria procurar saber e que daria um retorno por volta das 11h:00.<\/p>\n<p>Ainda pela manh\u00e3 nossa reportagem esteve no local e soube atrav\u00e9s dos funcion\u00e1rios que realizavam aquele servi\u00e7o que o mesmo havia sido suspenso, por\u00e9m, recusaram-se a fornecer mais informa\u00e7\u00f5es \u00e0 reportagem.<\/p>\n<p><strong>Casa da m\u00e3e joana<\/strong><\/p>\n<p>Um epis\u00f3dio aparentemente sem maiores implica\u00e7\u00f5es permitiu que aflorassem algumas quest\u00f5es extremamente comprometedoras para a atual administra\u00e7\u00e3o. Vejamos:<\/p>\n<p>1)\u00a0\u00a0\u00a0\u00a0\u00a0 Em 2008, em pleno per\u00edodo eleitoral, o ent\u00e3o prefeito Roberto Peixoto autorizou que a banca de jornal Romano, instalada no lado da pra\u00e7a cuja rua segue como Volunt\u00e1rio Pena Ramos, aumentasse sua \u00e1rea constru\u00edda. Na ocasi\u00e3o, apesar da den\u00fancia feita por CONTATO e o apoio do vereador Carlos Peixoto que tentou fazer cumprir a lei que pro\u00edbe esse tipo de obra, o ent\u00e3o prefeito atropelou a todos. A banca devidamente ampliada continua l\u00e1 at\u00e9 hoje. A \u00fanica diferen\u00e7a \u00e9 que Peixoto assumiu sua decis\u00e3o. Ser\u00e1 que Ortiz J\u00fanior segue a mesma toada?<\/p>\n<p>2)\u00a0\u00a0\u00a0\u00a0\u00a0 Em julho de 2014, as autoridades consultadas afirmaram desconhecer a obra que estava sendo executada em plena ter\u00e7a-feira, 08, dia em que a Sele\u00e7\u00e3o Canarinho foi humilhada pela poderosa Alemanha. Por causa do jogo, a ter\u00e7a foi ponto facultativo municipal.<\/p>\n<p>3)\u00a0\u00a0\u00a0\u00a0\u00a0 O prefeito em viagens de f\u00e9rias estava inacess\u00edvel.<\/p>\n<p>4)\u00a0\u00a0\u00a0\u00a0\u00a0 O secret\u00e1rio de Obras, segundo apurou nossa reportagem, desconhecia o que estava sendo realizado. N\u00e3o respondeu \u00e0s nossas liga\u00e7\u00f5es.<\/p>\n<p>5)\u00a0\u00a0\u00a0\u00a0\u00a0 No mesmo dia, a Prefeitura iniciou, sem qualquer crit\u00e9rio, a poda indiscriminada de todas as \u00e1rvores que eventualmente poderiam prejudicar a ilumina\u00e7\u00e3o da Pra\u00e7a Santa Terezinha (Ver texto do Movimento Preserva Taubat\u00e9)<\/p>\n<p>6)\u00a0\u00a0\u00a0\u00a0\u00a0 Diante da press\u00e3o, a obra foi suspensa e refeita a mureta destru\u00edda. O secret\u00e1rio de Obras n\u00e3o atendeu liga\u00e7\u00e3o da nossa reportagem.<\/p>\n<p>&nbsp;<\/p>\n<div id=\"attachment_8439\" style=\"width: 600px\" class=\"wp-caption aligncenter\"><a href=\"http:\/\/jornalcontato.com.br\/home\/wp-content\/uploads\/2014\/07\/asasas.jpg\"><img loading=\"lazy\" decoding=\"async\" aria-describedby=\"caption-attachment-8439\" class=\"size-full wp-image-8439\" title=\"Viatura da secretaria de Obras que acompanhava a obra que secret\u00e1rios desconheciam\" src=\"http:\/\/jornalcontato.com.br\/home\/wp-content\/uploads\/2014\/07\/asasas.jpg\" alt=\"Viatura da secretaria de Obras que acompanhava a obra que secret\u00e1rios desconheciam\" width=\"600\" height=\"399\" srcset=\"https:\/\/jornalcontato.com.br\/home\/wp-content\/uploads\/2014\/07\/asasas.jpg 600w, https:\/\/jornalcontato.com.br\/home\/wp-content\/uploads\/2014\/07\/asasas-300x199.jpg 300w\" sizes=\"auto, (max-width: 600px) 100vw, 600px\" \/><\/a><p id=\"caption-attachment-8439\" class=\"wp-caption-text\">Viatura da secretaria de Obras que acompanhava a obra que secret\u00e1rios desconheciam<\/p><\/div>\n<div id=\"attachment_8438\" style=\"width: 600px\" class=\"wp-caption aligncenter\"><a href=\"http:\/\/jornalcontato.com.br\/home\/wp-content\/uploads\/2014\/07\/wewewe.jpg\"><img loading=\"lazy\" decoding=\"async\" aria-describedby=\"caption-attachment-8438\" class=\"size-full wp-image-8438\" title=\"O estrago estava sendo feito em frente \u00e0 loja Tintas Taubat\u00e9, da fam\u00edlia da primeira dama\" src=\"http:\/\/jornalcontato.com.br\/home\/wp-content\/uploads\/2014\/07\/wewewe.jpg\" alt=\"O estrago estava sendo feito em frente \u00e0 loja Tintas Taubat\u00e9, da fam\u00edlia da primeira dama\" width=\"600\" height=\"399\" srcset=\"https:\/\/jornalcontato.com.br\/home\/wp-content\/uploads\/2014\/07\/wewewe.jpg 600w, https:\/\/jornalcontato.com.br\/home\/wp-content\/uploads\/2014\/07\/wewewe-300x199.jpg 300w\" sizes=\"auto, (max-width: 600px) 100vw, 600px\" \/><\/a><p id=\"caption-attachment-8438\" class=\"wp-caption-text\">O estrago estava sendo feito em frente \u00e0 loja Tintas Taubat\u00e9, da fam\u00edlia da primeira dama<\/p><\/div>\n<div id=\"attachment_8437\" style=\"width: 600px\" class=\"wp-caption aligncenter\"><a href=\"http:\/\/jornalcontato.com.br\/home\/wp-content\/uploads\/2014\/07\/dddd.jpg\"><img loading=\"lazy\" decoding=\"async\" aria-describedby=\"caption-attachment-8437\" class=\"size-full wp-image-8437\" title=\"Funcion\u00e1rio da Prefeitura demolindo a mureta para facilitar a entrada do carrinho de lanches\" src=\"http:\/\/jornalcontato.com.br\/home\/wp-content\/uploads\/2014\/07\/dddd.jpg\" alt=\"Funcion\u00e1rio da Prefeitura demolindo a mureta para facilitar a entrada do carrinho de lanches\" width=\"600\" height=\"450\" srcset=\"https:\/\/jornalcontato.com.br\/home\/wp-content\/uploads\/2014\/07\/dddd.jpg 600w, https:\/\/jornalcontato.com.br\/home\/wp-content\/uploads\/2014\/07\/dddd-300x225.jpg 300w, https:\/\/jornalcontato.com.br\/home\/wp-content\/uploads\/2014\/07\/dddd-560x420.jpg 560w\" sizes=\"auto, (max-width: 600px) 100vw, 600px\" \/><\/a><p id=\"caption-attachment-8437\" class=\"wp-caption-text\">Funcion\u00e1rio da Prefeitura demolindo a mureta para facilitar a entrada do carrinho de lanches<\/p><\/div>\n","protected":false},"excerpt":{"rendered":"<p>Imaginem chegar em casa e encontrar algu\u00e9m quebrando a mureta do jardim e quando perguntado quem havia autorizado o trabalhador diz\u00a0que foram ordens expressas do &#8230;<\/p>\n","protected":false},"author":1,"featured_media":8435,"comment_status":"open","ping_status":"open","sticky":false,"template":"","format":"standard","meta":{"footnotes":""},"categories":[29,7],"tags":[],"class_list":["post-8434","post","type-post","status-publish","format-standard","has-post-thumbnail","hentry","category-regional","category-reportagem"],"_links":{"self":[{"href":"https:\/\/www.jornalcontato.com.br\/home\/index.php\/wp-json\/wp\/v2\/posts\/8434","targetHints":{"allow":["GET"]}}],"collection":[{"href":"https:\/\/www.jornalcontato.com.br\/home\/index.php\/wp-json\/wp\/v2\/posts"}],"about":[{"href":"https:\/\/www.jornalcontato.com.br\/home\/index.php\/wp-json\/wp\/v2\/types\/post"}],"author":[{"embeddable":true,"href":"https:\/\/www.jornalcontato.com.br\/home\/index.php\/wp-json\/wp\/v2\/users\/1"}],"replies":[{"embeddable":true,"href":"https:\/\/www.jornalcontato.com.br\/home\/index.php\/wp-json\/wp\/v2\/comments?post=8434"}],"version-history":[{"count":9,"href":"https:\/\/www.jornalcontato.com.br\/home\/index.php\/wp-json\/wp\/v2\/posts\/8434\/revisions"}],"predecessor-version":[{"id":10839,"href":"https:\/\/www.jornalcontato.com.br\/home\/index.php\/wp-json\/wp\/v2\/posts\/8434\/revisions\/10839"}],"wp:featuredmedia":[{"embeddable":true,"href":"https:\/\/www.jornalcontato.com.br\/home\/index.php\/wp-json\/wp\/v2\/media\/8435"}],"wp:attachment":[{"href":"https:\/\/www.jornalcontato.com.br\/home\/index.php\/wp-json\/wp\/v2\/media?parent=8434"}],"wp:term":[{"taxonomy":"category","embeddable":true,"href":"https:\/\/www.jornalcontato.com.br\/home\/index.php\/wp-json\/wp\/v2\/categories?post=8434"},{"taxonomy":"post_tag","embeddable":true,"href":"https:\/\/www.jornalcontato.com.br\/home\/index.php\/wp-json\/wp\/v2\/tags?post=8434"}],"curies":[{"name":"wp","href":"https:\/\/api.w.org\/{rel}","templated":true}]}}