{"id":8426,"date":"2014-07-02T17:32:28","date_gmt":"2014-07-02T20:32:28","guid":{"rendered":"http:\/\/jornalcontato.com.br\/home\/?p=8426"},"modified":"2014-07-17T12:24:33","modified_gmt":"2014-07-17T15:24:33","slug":"unitau-reitor-escolhe-pro-reitores","status":"publish","type":"post","link":"https:\/\/www.jornalcontato.com.br\/home\/index.php\/unitau-reitor-escolhe-pro-reitores\/","title":{"rendered":"UNITAU: Reitor escolhe pr\u00f3-reitores"},"content":{"rendered":"<p align=\"center\"><strong><em>Conselho Universit\u00e1rio da UNITAU \u2013 CONSUNI \u2013 dar\u00e1 posse, na pr\u00f3xima quinta-feira, 03, ao reitor Jos\u00e9 Rui Camargo para um novo mandado de quatro anos, e ao vice-reitor Isnard de Albuquerque C\u00e2mara Neto<!--more--><\/em><\/strong><\/p>\n<p style=\"text-align: left;\">Finalmente o prefeito mandou publicar no s\u00e1bado, 28 de julho, a portaria 1285 de 16 de junho nomeando o professor Jos\u00e9 Rui Camargo por mais uma gest\u00e3o de quatro \u00e0 frente da Universidade de Taubat\u00e9. Alguns mist\u00e9rios como a raz\u00e3o do atraso e as cr\u00edticas ao vice-reitor que fez parte da chapa escolhida na lista tr\u00edplice apresentada ao prefeito Ortiz J\u00fanior (PSDB). Confira os escolhidos:<\/p>\n<p style=\"text-align: left;\"><strong>Jos\u00e9 Rui Camargo, reconduzido a Reitor da UNITAU<\/strong>, natural de S\u00e3o bento do Sapuca\u00ed, \u00e9 graduado em Engenharia Mec\u00e2nica pela Universidade Federal de Itajub\u00e1, mestrado em Engenharia Mec\u00e2nica pela Universidade de Taubat\u00e9 (2000) e doutorado em Transmiss\u00e3o e Convers\u00e3o de Energia pela Universidade Estadual Paulista J\u00falio de Mesquita Filho.<\/p>\n<p style=\"text-align: left;\"><strong>Isnard de Albuquerque C\u00e2mara Neto, vice-Reitor<\/strong>, carioca, \u00e9 Oficial do Ex\u00e9rcito graduado pela Academia Militar das Agulhas Negras, em Hist\u00f3ria pela UNITAU, com mestrado e doutorado em Hist\u00f3ria Social pela Universidade de S\u00e3o Paulo. \u00c9 atualmente o diretor presidente da Funda\u00e7\u00e3o Universit\u00e1ria de Sa\u00fade de Taubat\u00e9 \u2013 FUST.<\/p>\n<p style=\"text-align: left;\">\u00a0<strong>Pr\u00f3-reitoria de Administra\u00e7\u00e3o<\/strong>, talvez a mais importante, fica com o taubateano <strong>Arcione Ferreira Viagi<\/strong>, graduado em Engenharia Mec\u00e2nica pela Universidade de Taubat\u00e9, com especializa\u00e7\u00e3o em Administra\u00e7\u00e3o da Produ\u00e7\u00e3o e Opera\u00e7\u00f5es Industriais pela FGV, especializa\u00e7\u00e3o em Administra\u00e7\u00e3o Financeira pela UNITAU \/ INPG, mestrado em Comunica\u00e7\u00e3o e Mercado pela Faculdade C\u00e1sper L\u00edbero e doutorado em Engenharia Aeron\u00e1utica e Mec\u00e2nica pelo ITA.<\/p>\n<p style=\"text-align: left;\">\u00a0<strong>Pr\u00f3-reitoria de Economia e Finan\u00e7as<\/strong> ser\u00e1 comandada por <strong>Jos\u00e9 Carlos Sim\u00f5es Floren\u00e7ano<\/strong>, engenheiro civil com especializa\u00e7\u00e3o em Sa\u00fade P\u00fablica e em Engenharia de Recursos H\u00eddricos, com mestrado e doutorado em Ci\u00eancias Ambientais.<\/p>\n<p style=\"text-align: left;\"><strong>Pr\u00f3-reitora Estudantil, <\/strong>a paulistana <strong>Angela Popovici Berbare <\/strong>\u00e9 graduada em Letras pela Faculdades Metropolitanas Unidas &#8211; SP e mestre em Lingu\u00edstica Aplicada pela Universidade de Taubat\u00e9.<\/p>\n<p style=\"text-align: left;\"><strong>Pr\u00f3-reitor de Extens\u00e3o, Mario Celso Peloggia<\/strong> \u00e9 graduado em Odontologia pela Universidade de Taubat\u00e9, mestrado e doutorado em Endodontia pela Universidade de Taubat\u00e9.<\/p>\n<p style=\"text-align: left;\"><strong>Pr\u00f3-reitora de Gradua\u00e7\u00e3o, Nara L\u00facia Perondi Fortes<\/strong> \u00e9 graduada em Ci\u00eancias Biol\u00f3gicas pela Universidade de Passo Fundo, especializa\u00e7\u00e3o em Controle Biol\u00f3gico de Doen\u00e7as de Plantas pela Embrapa, mestrado em Microbiologia Agr\u00edcola e do Ambiente pela Universidade Federal do Rio Grande do Sul e doutorado em Agronomia pela Universidade Estadual Paulista J\u00falio de Mesquita Filho.<\/p>\n<p style=\"text-align: left;\" align=\"center\"><strong>Pr\u00f3-reitor de Pesquisa e P\u00f3s-gradua\u00e7\u00e3o<\/strong>, Francisco Jos\u00e9 Grandinetti \u00e9 graduado em Engenharia Mec\u00e2nica pela Universidade Federal de Uberl\u00e2ndia, com mestrado e doutorado em Engenharia Aeron\u00e1utica e Mec\u00e2nica pelo ITA.<\/p>\n","protected":false},"excerpt":{"rendered":"<p>Conselho Universit\u00e1rio da UNITAU \u2013 CONSUNI \u2013 dar\u00e1 posse, na pr\u00f3xima quinta-feira, 03, ao reitor Jos\u00e9 Rui Camargo para um novo mandado de quatro anos, &#8230;<\/p>\n","protected":false},"author":1,"featured_media":8427,"comment_status":"open","ping_status":"open","sticky":false,"template":"","format":"standard","meta":{"footnotes":""},"categories":[7],"tags":[],"class_list":["post-8426","post","type-post","status-publish","format-standard","has-post-thumbnail","hentry","category-reportagem"],"_links":{"self":[{"href":"https:\/\/www.jornalcontato.com.br\/home\/index.php\/wp-json\/wp\/v2\/posts\/8426","targetHints":{"allow":["GET"]}}],"collection":[{"href":"https:\/\/www.jornalcontato.com.br\/home\/index.php\/wp-json\/wp\/v2\/posts"}],"about":[{"href":"https:\/\/www.jornalcontato.com.br\/home\/index.php\/wp-json\/wp\/v2\/types\/post"}],"author":[{"embeddable":true,"href":"https:\/\/www.jornalcontato.com.br\/home\/index.php\/wp-json\/wp\/v2\/users\/1"}],"replies":[{"embeddable":true,"href":"https:\/\/www.jornalcontato.com.br\/home\/index.php\/wp-json\/wp\/v2\/comments?post=8426"}],"version-history":[{"count":2,"href":"https:\/\/www.jornalcontato.com.br\/home\/index.php\/wp-json\/wp\/v2\/posts\/8426\/revisions"}],"predecessor-version":[{"id":8473,"href":"https:\/\/www.jornalcontato.com.br\/home\/index.php\/wp-json\/wp\/v2\/posts\/8426\/revisions\/8473"}],"wp:featuredmedia":[{"embeddable":true,"href":"https:\/\/www.jornalcontato.com.br\/home\/index.php\/wp-json\/wp\/v2\/media\/8427"}],"wp:attachment":[{"href":"https:\/\/www.jornalcontato.com.br\/home\/index.php\/wp-json\/wp\/v2\/media?parent=8426"}],"wp:term":[{"taxonomy":"category","embeddable":true,"href":"https:\/\/www.jornalcontato.com.br\/home\/index.php\/wp-json\/wp\/v2\/categories?post=8426"},{"taxonomy":"post_tag","embeddable":true,"href":"https:\/\/www.jornalcontato.com.br\/home\/index.php\/wp-json\/wp\/v2\/tags?post=8426"}],"curies":[{"name":"wp","href":"https:\/\/api.w.org\/{rel}","templated":true}]}}