{"id":8412,"date":"2014-07-02T16:54:18","date_gmt":"2014-07-02T19:54:18","guid":{"rendered":"http:\/\/jornalcontato.com.br\/home\/?p=8412"},"modified":"2016-04-05T15:39:21","modified_gmt":"2016-04-05T18:39:21","slug":"brasil-x-chile-a-revanche-de-julio-cesar","status":"publish","type":"post","link":"https:\/\/www.jornalcontato.com.br\/home\/index.php\/brasil-x-chile-a-revanche-de-julio-cesar\/","title":{"rendered":"BRASIL X CHILE: A revanche de J\u00falio Cesar!"},"content":{"rendered":"<p>Foi desesperador! Depois da afli\u00e7\u00e3o da prorroga\u00e7\u00e3o foi preciso resistir ao mart\u00edrio do mata-mata dos p\u00eanaltis! Mexeu com os \u201cnervos\u201d dos torcedores. A inquieta\u00e7\u00e3o foi extravasada em brigas. <!--more-->S\u00f3 na Avenida It\u00e1lia 12 torcedores foram presos. At\u00e9 no pacato distrito de Quiririm, dois b\u00eabados se atacaram com tulipas de cerveja e acabaram com a festa de comemora\u00e7\u00e3o da vit\u00f3ria.<\/p>\n<p>O jogo foi a grande reviravolta da carreira do goleiro Julio Cesar. Ele mostrou que continua sendo o maior pegador de p\u00eanaltis. A hist\u00f3ria, uma verdadeira lenda, come\u00e7ou no Flamengo. A desastrosa elimina\u00e7\u00e3o do Brasil pela \u201cLaranja Mec\u00e2nica\u201d nas oitavas de finais em 2010, gra\u00e7as aos frangos engolidos, j\u00e1 \u00e9 coisa do passado.<\/p>\n<p>Depois do caloroso abra\u00e7o entre os jogadores do Barcelona &#8211; Neymar, Daniel Alves e Sanches &#8211; foi uma vit\u00f3ria apertada sobre o Chile. Para Davi Luis foi um momento de gl\u00f3ria. Hoje \u00e9 o melhor jogador no ranking da FIFA. Neymar foi marcado e massacrado por todos os advers\u00e1rios.\u00a0 Bateram tanto que ele chorou de dor. Mas, mesmo com a coxa inchada, vai jogar na sexta-feira, 04.<\/p>\n<p>Prevalece a convic\u00e7\u00e3o que a Sele\u00e7\u00e3o passar\u00e1 pela Col\u00f4mbia, mesmo com o Fred saindo vaiado no jogo contra o Chile, o Neymar machucado e a d\u00favida que ainda persiste entre Paulinho e Fernandinho. Se passar pelos colombianos, ainda teremos muito jogo pela frente. A torcida est\u00e1 a\u00ed para isso. Confira alguns flagrantes captados por nossa reportagem no Quiririm.<\/p>\n<p>&nbsp;<\/p>\n<div id=\"attachment_8414\" style=\"width: 540px\" class=\"wp-caption aligncenter\"><a href=\"http:\/\/jornalcontato.com.br\/home\/wp-content\/uploads\/2014\/07\/foto-7.jpg\"><img loading=\"lazy\" decoding=\"async\" aria-describedby=\"caption-attachment-8414\" class=\" wp-image-8414 \" title=\"Essa Copa eleiminou a barreira de idades para come\u00e7ar a torcer\" src=\"http:\/\/jornalcontato.com.br\/home\/wp-content\/uploads\/2014\/07\/foto-7-1024x682.jpg\" alt=\"Essa Copa eleiminou a barreira de idades para come\u00e7ar a torcer\" width=\"540\" height=\"359\" srcset=\"https:\/\/jornalcontato.com.br\/home\/wp-content\/uploads\/2014\/07\/foto-7-1024x682.jpg 1024w, https:\/\/jornalcontato.com.br\/home\/wp-content\/uploads\/2014\/07\/foto-7-300x200.jpg 300w, https:\/\/jornalcontato.com.br\/home\/wp-content\/uploads\/2014\/07\/foto-7.jpg 1050w\" sizes=\"auto, (max-width: 540px) 100vw, 540px\" \/><\/a><p id=\"caption-attachment-8414\" class=\"wp-caption-text\">Essa Copa eliminou a barreira de idades para come\u00e7ar a torcer<\/p><\/div>\n<div id=\"attachment_8415\" style=\"width: 409px\" class=\"wp-caption aligncenter\"><a href=\"http:\/\/jornalcontato.com.br\/home\/wp-content\/uploads\/2014\/07\/foto-1.jpg\"><img loading=\"lazy\" decoding=\"async\" aria-describedby=\"caption-attachment-8415\" class=\" wp-image-8415 \" title=\"A jovem torcedora n\u00e3o esconde sua preocupa\u00e7\u00e3o\" src=\"http:\/\/jornalcontato.com.br\/home\/wp-content\/uploads\/2014\/07\/foto-1-682x1024.jpg\" alt=\"A jovem torcedora n\u00e3o esconde sua preocupa\u00e7\u00e3o\" width=\"409\" height=\"614\" srcset=\"https:\/\/jornalcontato.com.br\/home\/wp-content\/uploads\/2014\/07\/foto-1-682x1024.jpg 682w, https:\/\/jornalcontato.com.br\/home\/wp-content\/uploads\/2014\/07\/foto-1-200x300.jpg 200w, https:\/\/jornalcontato.com.br\/home\/wp-content\/uploads\/2014\/07\/foto-1.jpg 700w\" sizes=\"auto, (max-width: 409px) 100vw, 409px\" \/><\/a><p id=\"caption-attachment-8415\" class=\"wp-caption-text\">A jovem torcedora n\u00e3o esconde sua preocupa\u00e7\u00e3o<\/p><\/div>\n<div id=\"attachment_8417\" style=\"width: 409px\" class=\"wp-caption aligncenter\"><a href=\"http:\/\/jornalcontato.com.br\/home\/wp-content\/uploads\/2014\/07\/foto-2.jpg\"><img loading=\"lazy\" decoding=\"async\" aria-describedby=\"caption-attachment-8417\" class=\" wp-image-8417 \" title=\"O torcedor que n\u00e3o resiste a emo\u00e7\u00e3o e tampa o rosto para n\u00e3o ver a cobran\u00e7a de p\u00eanalti\" src=\"http:\/\/jornalcontato.com.br\/home\/wp-content\/uploads\/2014\/07\/foto-2-682x1024.jpg\" alt=\"O torcedor que n\u00e3o resiste a emo\u00e7\u00e3o e tampa o rosto para n\u00e3o ver a cobran\u00e7a de p\u00eanalti\" width=\"409\" height=\"614\" srcset=\"https:\/\/jornalcontato.com.br\/home\/wp-content\/uploads\/2014\/07\/foto-2-682x1024.jpg 682w, https:\/\/jornalcontato.com.br\/home\/wp-content\/uploads\/2014\/07\/foto-2-200x300.jpg 200w, https:\/\/jornalcontato.com.br\/home\/wp-content\/uploads\/2014\/07\/foto-2.jpg 700w\" sizes=\"auto, (max-width: 409px) 100vw, 409px\" \/><\/a><p id=\"caption-attachment-8417\" class=\"wp-caption-text\">O torcedor que n\u00e3o resiste a emo\u00e7\u00e3o e tampa o rosto para n\u00e3o ver a cobran\u00e7a de p\u00eanalti<\/p><\/div>\n<div id=\"attachment_8418\" style=\"width: 540px\" class=\"wp-caption aligncenter\"><a href=\"http:\/\/jornalcontato.com.br\/home\/wp-content\/uploads\/2014\/07\/foto-3.jpg\"><img loading=\"lazy\" decoding=\"async\" aria-describedby=\"caption-attachment-8418\" class=\" wp-image-8418 \" title=\"Belas jovens alegrando e colorindo a vit\u00f3ria da Sele\u00e7\u00e3o\" src=\"http:\/\/jornalcontato.com.br\/home\/wp-content\/uploads\/2014\/07\/foto-3-1024x682.jpg\" alt=\"Belas jovens alegrando e colorindo a vit\u00f3ria da Sele\u00e7\u00e3o\" width=\"540\" height=\"359\" srcset=\"https:\/\/jornalcontato.com.br\/home\/wp-content\/uploads\/2014\/07\/foto-3-1024x682.jpg 1024w, https:\/\/jornalcontato.com.br\/home\/wp-content\/uploads\/2014\/07\/foto-3-300x200.jpg 300w, https:\/\/jornalcontato.com.br\/home\/wp-content\/uploads\/2014\/07\/foto-3.jpg 1050w\" sizes=\"auto, (max-width: 540px) 100vw, 540px\" \/><\/a><p id=\"caption-attachment-8418\" class=\"wp-caption-text\">Belas jovens alegrando e colorindo a vit\u00f3ria da Sele\u00e7\u00e3o<\/p><\/div>\n<div id=\"attachment_8421\" style=\"width: 540px\" class=\"wp-caption aligncenter\"><a href=\"http:\/\/jornalcontato.com.br\/home\/wp-content\/uploads\/2014\/07\/foto-4.jpg\"><img loading=\"lazy\" decoding=\"async\" aria-describedby=\"caption-attachment-8421\" class=\" wp-image-8421 \" title=\"A bela n\u00e3o conseguiu se afastar do namorado atento\" src=\"http:\/\/jornalcontato.com.br\/home\/wp-content\/uploads\/2014\/07\/foto-4-1024x682.jpg\" alt=\"A bela n\u00e3o conseguiu se afastar do namorado atento\" width=\"540\" height=\"359\" srcset=\"https:\/\/jornalcontato.com.br\/home\/wp-content\/uploads\/2014\/07\/foto-4-1024x682.jpg 1024w, https:\/\/jornalcontato.com.br\/home\/wp-content\/uploads\/2014\/07\/foto-4-300x200.jpg 300w, https:\/\/jornalcontato.com.br\/home\/wp-content\/uploads\/2014\/07\/foto-4.jpg 1050w\" sizes=\"auto, (max-width: 540px) 100vw, 540px\" \/><\/a><p id=\"caption-attachment-8421\" class=\"wp-caption-text\">A bela n\u00e3o conseguiu se afastar do namorado atento<\/p><\/div>\n<div id=\"attachment_8422\" style=\"width: 540px\" class=\"wp-caption aligncenter\"><a href=\"http:\/\/jornalcontato.com.br\/home\/wp-content\/uploads\/2014\/07\/foto-5.jpg\"><img loading=\"lazy\" decoding=\"async\" aria-describedby=\"caption-attachment-8422\" class=\" wp-image-8422 \" title=\"A explos\u00e3o de alegria no momento do gol\" src=\"http:\/\/jornalcontato.com.br\/home\/wp-content\/uploads\/2014\/07\/foto-5-1024x682.jpg\" alt=\"A explos\u00e3o de alegria no momento do gol\" width=\"540\" height=\"359\" srcset=\"https:\/\/jornalcontato.com.br\/home\/wp-content\/uploads\/2014\/07\/foto-5-1024x682.jpg 1024w, https:\/\/jornalcontato.com.br\/home\/wp-content\/uploads\/2014\/07\/foto-5-300x200.jpg 300w, https:\/\/jornalcontato.com.br\/home\/wp-content\/uploads\/2014\/07\/foto-5.jpg 1050w\" sizes=\"auto, (max-width: 540px) 100vw, 540px\" \/><\/a><p id=\"caption-attachment-8422\" class=\"wp-caption-text\">A explos\u00e3o de alegria no momento do gol<\/p><\/div>\n<div id=\"attachment_8423\" style=\"width: 409px\" class=\"wp-caption aligncenter\"><a href=\"http:\/\/jornalcontato.com.br\/home\/wp-content\/uploads\/2014\/07\/foto-6.jpg\"><img loading=\"lazy\" decoding=\"async\" aria-describedby=\"caption-attachment-8423\" class=\" wp-image-8423 \" title=\"Quem n\u00e3o tinha TV e acompanhou pelo r\u00e1dio comemorou  aonde foi poss\u00edvel\" src=\"http:\/\/jornalcontato.com.br\/home\/wp-content\/uploads\/2014\/07\/foto-6-682x1024.jpg\" alt=\"Quem n\u00e3o tinha TV e acompanhou pelo r\u00e1dio comemorou  aonde foi poss\u00edvel\" width=\"409\" height=\"614\" srcset=\"https:\/\/jornalcontato.com.br\/home\/wp-content\/uploads\/2014\/07\/foto-6-682x1024.jpg 682w, https:\/\/jornalcontato.com.br\/home\/wp-content\/uploads\/2014\/07\/foto-6-200x300.jpg 200w, https:\/\/jornalcontato.com.br\/home\/wp-content\/uploads\/2014\/07\/foto-6.jpg 700w\" sizes=\"auto, (max-width: 409px) 100vw, 409px\" \/><\/a><p id=\"caption-attachment-8423\" class=\"wp-caption-text\">Quem n\u00e3o tinha TV e acompanhou pelo r\u00e1dio comemorou aonde foi poss\u00edvel<\/p><\/div>\n","protected":false},"excerpt":{"rendered":"<p>Foi desesperador! Depois da afli\u00e7\u00e3o da prorroga\u00e7\u00e3o foi preciso resistir ao mart\u00edrio do mata-mata dos p\u00eanaltis! Mexeu com os \u201cnervos\u201d dos torcedores. A inquieta\u00e7\u00e3o foi &#8230;<\/p>\n","protected":false},"author":1,"featured_media":8413,"comment_status":"open","ping_status":"open","sticky":false,"template":"","format":"standard","meta":{"footnotes":""},"categories":[28,7],"tags":[],"class_list":["post-8412","post","type-post","status-publish","format-standard","has-post-thumbnail","hentry","category-esporte","category-reportagem"],"_links":{"self":[{"href":"https:\/\/www.jornalcontato.com.br\/home\/index.php\/wp-json\/wp\/v2\/posts\/8412","targetHints":{"allow":["GET"]}}],"collection":[{"href":"https:\/\/www.jornalcontato.com.br\/home\/index.php\/wp-json\/wp\/v2\/posts"}],"about":[{"href":"https:\/\/www.jornalcontato.com.br\/home\/index.php\/wp-json\/wp\/v2\/types\/post"}],"author":[{"embeddable":true,"href":"https:\/\/www.jornalcontato.com.br\/home\/index.php\/wp-json\/wp\/v2\/users\/1"}],"replies":[{"embeddable":true,"href":"https:\/\/www.jornalcontato.com.br\/home\/index.php\/wp-json\/wp\/v2\/comments?post=8412"}],"version-history":[{"count":12,"href":"https:\/\/www.jornalcontato.com.br\/home\/index.php\/wp-json\/wp\/v2\/posts\/8412\/revisions"}],"predecessor-version":[{"id":10840,"href":"https:\/\/www.jornalcontato.com.br\/home\/index.php\/wp-json\/wp\/v2\/posts\/8412\/revisions\/10840"}],"wp:featuredmedia":[{"embeddable":true,"href":"https:\/\/www.jornalcontato.com.br\/home\/index.php\/wp-json\/wp\/v2\/media\/8413"}],"wp:attachment":[{"href":"https:\/\/www.jornalcontato.com.br\/home\/index.php\/wp-json\/wp\/v2\/media?parent=8412"}],"wp:term":[{"taxonomy":"category","embeddable":true,"href":"https:\/\/www.jornalcontato.com.br\/home\/index.php\/wp-json\/wp\/v2\/categories?post=8412"},{"taxonomy":"post_tag","embeddable":true,"href":"https:\/\/www.jornalcontato.com.br\/home\/index.php\/wp-json\/wp\/v2\/tags?post=8412"}],"curies":[{"name":"wp","href":"https:\/\/api.w.org\/{rel}","templated":true}]}}