{"id":8407,"date":"2014-07-01T10:31:16","date_gmt":"2014-07-01T13:31:16","guid":{"rendered":"http:\/\/jornalcontato.com.br\/home\/?p=8407"},"modified":"2014-07-17T12:24:17","modified_gmt":"2014-07-17T15:24:17","slug":"cerco-se-fecha","status":"publish","type":"post","link":"https:\/\/www.jornalcontato.com.br\/home\/index.php\/cerco-se-fecha\/","title":{"rendered":"Cerco se fecha"},"content":{"rendered":"<p>Dois recursos eleitorais est\u00e3o prestes a ser julgados e amea\u00e7am a gest\u00e3o do prefeito Ortiz J\u00fanior (PSDB). O de n\u00famero 94418 foi inclu\u00eddo na pauta de julgamento agendado para 07 de julho, segunda-feira.\u00a0<!--more--><\/p>\n<p>Um deles se refere ao recurso impetrado tanto pelos r\u00e9us Jos\u00e9 Bernardo Ortiz Monteiro J\u00fanior e Edson Aparecido de Oliveira (vice-prefeito), como pelo Minist\u00e9rio P\u00fablico Eleitoral. Ningu\u00e9m concorda com a decis\u00e3o de primeira inst\u00e2ncia.<\/p>\n<p>Eis a decis\u00e3o do Juiz Fl\u00e1vio de Oliveira C\u00e9sar da 141\u00aa Zona-Taubat\u00e9, em 17 de dezembro de 2012: \u201c Diante de todo o exposto, considerando as inconsist\u00eancias supra, referentes ao aparente subfaturamento no pagamento das despesas com honor\u00e1rios advocat\u00edcios, \u00e0 n\u00e3o apresenta\u00e7\u00e3o de documento fiscal id\u00f4neo comprobat\u00f3rio da despesa de propaganda eleitoral realizada pela empresa contratada E3 Propaganda &amp; Marketing e \u00e0 doa\u00e7\u00e3o feita pela empresa Antonio J.Marques ME, julgo DESAPROVADAS AS CONTAS apresentadas pelos candidatos a prefeito e a vice-prefeito pela coliga\u00e7\u00e3o &#8220;Taubat\u00e9 com tudo de novo&#8221; (&#8230;)<\/p>\n<p>O outro recurso eleitoral, de n\u00famero 58738, foi impetrado pelo prefeito, seu vice e pelo Minist\u00e9rio P\u00fablico Eleitoral pois n\u00e3o concordam com a decis\u00e3o da ju\u00edza Sueli Zeraik de Oliveira Armani em 19 de agosto de 2013.<\/p>\n<p>Eis a decis\u00e3o da ju\u00edza: \u201c(&#8230;) for\u00e7oso declarar a perda dos mandatos eletivos do Sr. Jos\u00e9 Bernardo Ortiz Monteiro Junior e Sr. Edson Aparecido de Oliveira, respectivamente Prefeito e Vice-Prefeito de Taubat\u00e9, este ultimo devido a sua condi\u00e7\u00e3o de subordina\u00e7\u00e3o em rela\u00e7\u00e3o \u00e0quele e em raz\u00e3o do princ\u00edpio do chapa majorit\u00e1ria. Al\u00e9m disso, declaro a inelegibilidade do primeiro pelo prazo de oito anos, (&#8230;) aplic\u00e1vel, de igual forma, ao Vice-Prefeito, diante da aus\u00eancia de comprova\u00e7\u00e3o de sua participa\u00e7\u00e3o nos fatos que ensejaram este desfecho.<\/p>\n<p>E conclui que \u201cImp\u00f5e-se a realiza\u00e7\u00e3o de novas elei\u00e7\u00f5es majorit\u00e1rias, porquanto os candidatos aos cargos de Prefeito e Vice-Prefeito obtiveram mais de cinquenta por cento dos votos\u201d.<\/p>\n<p>&nbsp;<\/p>\n<p>Leia o\u00a0recurso eleitoral\u00a0de n\u00famero 94418 <a href=\"ftp:\/\/jornalcontato@www.jornalcontato.com.br\/jornalcontato\/Web\/extras\/processo-94418.pdf\" target=\"_blank\">AQUI<\/a> e o de n\u00famero\u00a058738 <a href=\"http:\/\/www.jornalcontato.com.br\/extras\/processo-58738.pdf\" target=\"_blank\">AQUI<\/a>.<\/p>\n","protected":false},"excerpt":{"rendered":"<p>Dois recursos eleitorais est\u00e3o prestes a ser julgados e amea\u00e7am a gest\u00e3o do prefeito Ortiz J\u00fanior (PSDB). O de n\u00famero 94418 foi inclu\u00eddo na pauta &#8230;<\/p>\n","protected":false},"author":1,"featured_media":8408,"comment_status":"open","ping_status":"open","sticky":false,"template":"","format":"standard","meta":{"footnotes":""},"categories":[7],"tags":[],"class_list":["post-8407","post","type-post","status-publish","format-standard","has-post-thumbnail","hentry","category-reportagem"],"_links":{"self":[{"href":"https:\/\/www.jornalcontato.com.br\/home\/index.php\/wp-json\/wp\/v2\/posts\/8407","targetHints":{"allow":["GET"]}}],"collection":[{"href":"https:\/\/www.jornalcontato.com.br\/home\/index.php\/wp-json\/wp\/v2\/posts"}],"about":[{"href":"https:\/\/www.jornalcontato.com.br\/home\/index.php\/wp-json\/wp\/v2\/types\/post"}],"author":[{"embeddable":true,"href":"https:\/\/www.jornalcontato.com.br\/home\/index.php\/wp-json\/wp\/v2\/users\/1"}],"replies":[{"embeddable":true,"href":"https:\/\/www.jornalcontato.com.br\/home\/index.php\/wp-json\/wp\/v2\/comments?post=8407"}],"version-history":[{"count":3,"href":"https:\/\/www.jornalcontato.com.br\/home\/index.php\/wp-json\/wp\/v2\/posts\/8407\/revisions"}],"predecessor-version":[{"id":8410,"href":"https:\/\/www.jornalcontato.com.br\/home\/index.php\/wp-json\/wp\/v2\/posts\/8407\/revisions\/8410"}],"wp:featuredmedia":[{"embeddable":true,"href":"https:\/\/www.jornalcontato.com.br\/home\/index.php\/wp-json\/wp\/v2\/media\/8408"}],"wp:attachment":[{"href":"https:\/\/www.jornalcontato.com.br\/home\/index.php\/wp-json\/wp\/v2\/media?parent=8407"}],"wp:term":[{"taxonomy":"category","embeddable":true,"href":"https:\/\/www.jornalcontato.com.br\/home\/index.php\/wp-json\/wp\/v2\/categories?post=8407"},{"taxonomy":"post_tag","embeddable":true,"href":"https:\/\/www.jornalcontato.com.br\/home\/index.php\/wp-json\/wp\/v2\/tags?post=8407"}],"curies":[{"name":"wp","href":"https:\/\/api.w.org\/{rel}","templated":true}]}}