{"id":8389,"date":"2014-07-01T10:09:19","date_gmt":"2014-07-01T13:09:19","guid":{"rendered":"http:\/\/jornalcontato.com.br\/home\/?p=8389"},"modified":"2016-04-05T15:39:31","modified_gmt":"2016-04-05T18:39:31","slug":"veja-o-abandono-da-capela-do-pilar","status":"publish","type":"post","link":"https:\/\/www.jornalcontato.com.br\/home\/index.php\/veja-o-abandono-da-capela-do-pilar\/","title":{"rendered":"Veja o abandono da Capela do Pilar"},"content":{"rendered":"<p><strong><em>CONTATO reuniu fotos de diversas proced\u00eancias para registrar o grau de abandono em que se encontra um dos maiores patrim\u00f4nios hist\u00f3ricos da terra de Lobato. <!--more-->Sua propriet\u00e1ria, a Mitra Diocesana, tem a obriga\u00e7\u00e3o de arcar com a conserva\u00e7\u00e3o desse precioso im\u00f3vel. Caso n\u00e3o o fa\u00e7a, caberia \u00e0 Prefeitura tomar as provid\u00eancias necess\u00e1rias para que o mesmo n\u00e3o deteriore ainda mais \u2013 hoje \u00e9 usado por viciados em crack \u2013 e seja reincorporado circuito tur\u00edstico e hist\u00f3rico<\/em><\/strong><\/p>\n<div id=\"attachment_8391\" style=\"width: 700px\" class=\"wp-caption aligncenter\"><a href=\"http:\/\/jornalcontato.com.br\/home\/wp-content\/uploads\/2014\/07\/CAM00031.jpg\"><img loading=\"lazy\" decoding=\"async\" aria-describedby=\"caption-attachment-8391\" class=\"size-full wp-image-8391\" title=\"At\u00e9 pichador tem consci\u00eancia do abandono da Capela do Pilar \" src=\"http:\/\/jornalcontato.com.br\/home\/wp-content\/uploads\/2014\/07\/CAM00031.jpg\" alt=\"At\u00e9 pichador tem consci\u00eancia do abandono da Capela do Pilar \" width=\"700\" height=\"500\" srcset=\"https:\/\/jornalcontato.com.br\/home\/wp-content\/uploads\/2014\/07\/CAM00031.jpg 700w, https:\/\/jornalcontato.com.br\/home\/wp-content\/uploads\/2014\/07\/CAM00031-300x214.jpg 300w\" sizes=\"auto, (max-width: 700px) 100vw, 700px\" \/><\/a><p id=\"caption-attachment-8391\" class=\"wp-caption-text\">At\u00e9 pichador tem consci\u00eancia do abandono da Capela do Pilar<\/p><\/div>\n<p>&nbsp;<\/p>\n<div id=\"attachment_8392\" style=\"width: 700px\" class=\"wp-caption aligncenter\"><a href=\"http:\/\/jornalcontato.com.br\/home\/wp-content\/uploads\/2014\/07\/CAM00032.jpg\"><img loading=\"lazy\" decoding=\"async\" aria-describedby=\"caption-attachment-8392\" class=\"size-full wp-image-8392\" title=\"Capela divide espa\u00e7o com lixo e muambas\" src=\"http:\/\/jornalcontato.com.br\/home\/wp-content\/uploads\/2014\/07\/CAM00032.jpg\" alt=\"Capela divide espa\u00e7o com lixo e muambas\" width=\"700\" height=\"500\" srcset=\"https:\/\/jornalcontato.com.br\/home\/wp-content\/uploads\/2014\/07\/CAM00032.jpg 700w, https:\/\/jornalcontato.com.br\/home\/wp-content\/uploads\/2014\/07\/CAM00032-300x214.jpg 300w\" sizes=\"auto, (max-width: 700px) 100vw, 700px\" \/><\/a><p id=\"caption-attachment-8392\" class=\"wp-caption-text\">Capela divide espa\u00e7o com lixo e muambas<\/p><\/div>\n<p>&nbsp;<\/p>\n<div id=\"attachment_8393\" style=\"width: 700px\" class=\"wp-caption aligncenter\"><a href=\"http:\/\/jornalcontato.com.br\/home\/wp-content\/uploads\/2014\/07\/pilar-2.jpg\"><img loading=\"lazy\" decoding=\"async\" aria-describedby=\"caption-attachment-8393\" class=\"size-full wp-image-8393\" title=\"A deteriora\u00e7\u00e3o n\u00e3o poupa o interior da Capela\" src=\"http:\/\/jornalcontato.com.br\/home\/wp-content\/uploads\/2014\/07\/pilar-2.jpg\" alt=\"A deteriora\u00e7\u00e3o n\u00e3o poupa o interior da Capela\" width=\"700\" height=\"500\" srcset=\"https:\/\/jornalcontato.com.br\/home\/wp-content\/uploads\/2014\/07\/pilar-2.jpg 700w, https:\/\/jornalcontato.com.br\/home\/wp-content\/uploads\/2014\/07\/pilar-2-300x214.jpg 300w\" sizes=\"auto, (max-width: 700px) 100vw, 700px\" \/><\/a><p id=\"caption-attachment-8393\" class=\"wp-caption-text\">A deteriora\u00e7\u00e3o n\u00e3o poupa o interior da Capela<\/p><\/div>\n<p>&nbsp;<\/p>\n<div id=\"attachment_8394\" style=\"width: 700px\" class=\"wp-caption aligncenter\"><a href=\"http:\/\/jornalcontato.com.br\/home\/wp-content\/uploads\/2014\/07\/pilar3.jpg\"><img loading=\"lazy\" decoding=\"async\" aria-describedby=\"caption-attachment-8394\" class=\"size-full wp-image-8394\" title=\"Buraco na porta serve de passagem para usu\u00e1rios de drogas, traficantes e moradores de rua\" src=\"http:\/\/jornalcontato.com.br\/home\/wp-content\/uploads\/2014\/07\/pilar3.jpg\" alt=\"Buraco na porta serve de passagem para usu\u00e1rios de drogas, traficantes e moradores de rua\" width=\"700\" height=\"500\" srcset=\"https:\/\/jornalcontato.com.br\/home\/wp-content\/uploads\/2014\/07\/pilar3.jpg 700w, https:\/\/jornalcontato.com.br\/home\/wp-content\/uploads\/2014\/07\/pilar3-300x214.jpg 300w\" sizes=\"auto, (max-width: 700px) 100vw, 700px\" \/><\/a><p id=\"caption-attachment-8394\" class=\"wp-caption-text\">Buraco na porta serve de passagem para usu\u00e1rios de drogas, traficantes e moradores de rua<\/p><\/div>\n<p>&nbsp;<\/p>\n<div id=\"attachment_8395\" style=\"width: 700px\" class=\"wp-caption aligncenter\"><a href=\"http:\/\/jornalcontato.com.br\/home\/wp-content\/uploads\/2014\/07\/SAM_0704.jpg\"><img loading=\"lazy\" decoding=\"async\" aria-describedby=\"caption-attachment-8395\" class=\"size-full wp-image-8395\" title=\"Um dos port\u00f5es que deveria manter os intrusos fora da Capela\" src=\"http:\/\/jornalcontato.com.br\/home\/wp-content\/uploads\/2014\/07\/SAM_0704.jpg\" alt=\"Um dos port\u00f5es que deveria manter os intrusos fora da Capela\" width=\"700\" height=\"500\" srcset=\"https:\/\/jornalcontato.com.br\/home\/wp-content\/uploads\/2014\/07\/SAM_0704.jpg 700w, https:\/\/jornalcontato.com.br\/home\/wp-content\/uploads\/2014\/07\/SAM_0704-300x214.jpg 300w\" sizes=\"auto, (max-width: 700px) 100vw, 700px\" \/><\/a><p id=\"caption-attachment-8395\" class=\"wp-caption-text\">Port\u00e3o que deveria manter os intrusos fora da Capela<\/p><\/div>\n<p>&nbsp;<\/p>\n<div id=\"attachment_8396\" style=\"width: 700px\" class=\"wp-caption aligncenter\"><a href=\"http:\/\/jornalcontato.com.br\/home\/wp-content\/uploads\/2014\/07\/SAM_0713.jpg\"><img loading=\"lazy\" decoding=\"async\" aria-describedby=\"caption-attachment-8396\" class=\"size-full wp-image-8396\" title=\"Estado alarmante da caixa de luz da Capela\" src=\"http:\/\/jornalcontato.com.br\/home\/wp-content\/uploads\/2014\/07\/SAM_0713.jpg\" alt=\"Estado alarmante da caixa de luz da Capela\" width=\"700\" height=\"500\" srcset=\"https:\/\/jornalcontato.com.br\/home\/wp-content\/uploads\/2014\/07\/SAM_0713.jpg 700w, https:\/\/jornalcontato.com.br\/home\/wp-content\/uploads\/2014\/07\/SAM_0713-300x214.jpg 300w\" sizes=\"auto, (max-width: 700px) 100vw, 700px\" \/><\/a><p id=\"caption-attachment-8396\" class=\"wp-caption-text\">Estado alarmante da caixa de luz da Capela<\/p><\/div>\n<p>&nbsp;<\/p>\n<div id=\"attachment_8397\" style=\"width: 700px\" class=\"wp-caption aligncenter\"><a href=\"http:\/\/jornalcontato.com.br\/home\/wp-content\/uploads\/2014\/07\/SAM_0726.jpg\"><img loading=\"lazy\" decoding=\"async\" aria-describedby=\"caption-attachment-8397\" class=\"size-full wp-image-8397\" title=\"Instala\u00e7\u00e3o el\u00e9trica prec\u00e1ria com o uso de materiais inadequados\" src=\"http:\/\/jornalcontato.com.br\/home\/wp-content\/uploads\/2014\/07\/SAM_0726.jpg\" alt=\"Instala\u00e7\u00e3o el\u00e9trica prec\u00e1ria com o uso de materiais inadequados\" width=\"700\" height=\"500\" srcset=\"https:\/\/jornalcontato.com.br\/home\/wp-content\/uploads\/2014\/07\/SAM_0726.jpg 700w, https:\/\/jornalcontato.com.br\/home\/wp-content\/uploads\/2014\/07\/SAM_0726-300x214.jpg 300w\" sizes=\"auto, (max-width: 700px) 100vw, 700px\" \/><\/a><p id=\"caption-attachment-8397\" class=\"wp-caption-text\">Instala\u00e7\u00e3o el\u00e9trica prec\u00e1ria com o uso de materiais inadequados<\/p><\/div>\n<p>&nbsp;<\/p>\n<div id=\"attachment_8398\" style=\"width: 700px\" class=\"wp-caption aligncenter\"><a href=\"http:\/\/jornalcontato.com.br\/home\/wp-content\/uploads\/2014\/07\/tombamento.jpg\"><img loading=\"lazy\" decoding=\"async\" aria-describedby=\"caption-attachment-8398\" class=\"size-full wp-image-8398\" title=\"Decreto de tombamento da Capela do Pilar datado de 13 de agosto de 1984\" src=\"http:\/\/jornalcontato.com.br\/home\/wp-content\/uploads\/2014\/07\/tombamento.jpg\" alt=\"Decreto de tombamento da Capela do Pilar datado de 13 de agosto de 1984\" width=\"700\" height=\"1189\" srcset=\"https:\/\/jornalcontato.com.br\/home\/wp-content\/uploads\/2014\/07\/tombamento.jpg 700w, https:\/\/jornalcontato.com.br\/home\/wp-content\/uploads\/2014\/07\/tombamento-176x300.jpg 176w, https:\/\/jornalcontato.com.br\/home\/wp-content\/uploads\/2014\/07\/tombamento-602x1024.jpg 602w\" sizes=\"auto, (max-width: 700px) 100vw, 700px\" \/><\/a><p id=\"caption-attachment-8398\" class=\"wp-caption-text\">Decreto de tombamento da Capela do Pilar datado de 13 de agosto de 1984<\/p><\/div>\n<p><strong><em><br \/>\n<\/em><\/strong><\/p>\n","protected":false},"excerpt":{"rendered":"<p>CONTATO reuniu fotos de diversas proced\u00eancias para registrar o grau de abandono em que se encontra um dos maiores patrim\u00f4nios hist\u00f3ricos da terra de Lobato.<\/p>\n","protected":false},"author":1,"featured_media":8390,"comment_status":"open","ping_status":"open","sticky":false,"template":"","format":"standard","meta":{"footnotes":""},"categories":[29,7],"tags":[],"class_list":["post-8389","post","type-post","status-publish","format-standard","has-post-thumbnail","hentry","category-regional","category-reportagem"],"_links":{"self":[{"href":"https:\/\/www.jornalcontato.com.br\/home\/index.php\/wp-json\/wp\/v2\/posts\/8389","targetHints":{"allow":["GET"]}}],"collection":[{"href":"https:\/\/www.jornalcontato.com.br\/home\/index.php\/wp-json\/wp\/v2\/posts"}],"about":[{"href":"https:\/\/www.jornalcontato.com.br\/home\/index.php\/wp-json\/wp\/v2\/types\/post"}],"author":[{"embeddable":true,"href":"https:\/\/www.jornalcontato.com.br\/home\/index.php\/wp-json\/wp\/v2\/users\/1"}],"replies":[{"embeddable":true,"href":"https:\/\/www.jornalcontato.com.br\/home\/index.php\/wp-json\/wp\/v2\/comments?post=8389"}],"version-history":[{"count":9,"href":"https:\/\/www.jornalcontato.com.br\/home\/index.php\/wp-json\/wp\/v2\/posts\/8389\/revisions"}],"predecessor-version":[{"id":10841,"href":"https:\/\/www.jornalcontato.com.br\/home\/index.php\/wp-json\/wp\/v2\/posts\/8389\/revisions\/10841"}],"wp:featuredmedia":[{"embeddable":true,"href":"https:\/\/www.jornalcontato.com.br\/home\/index.php\/wp-json\/wp\/v2\/media\/8390"}],"wp:attachment":[{"href":"https:\/\/www.jornalcontato.com.br\/home\/index.php\/wp-json\/wp\/v2\/media?parent=8389"}],"wp:term":[{"taxonomy":"category","embeddable":true,"href":"https:\/\/www.jornalcontato.com.br\/home\/index.php\/wp-json\/wp\/v2\/categories?post=8389"},{"taxonomy":"post_tag","embeddable":true,"href":"https:\/\/www.jornalcontato.com.br\/home\/index.php\/wp-json\/wp\/v2\/tags?post=8389"}],"curies":[{"name":"wp","href":"https:\/\/api.w.org\/{rel}","templated":true}]}}