{"id":8180,"date":"2014-06-03T17:28:33","date_gmt":"2014-06-03T20:28:33","guid":{"rendered":"http:\/\/jornalcontato.com.br\/home\/?p=8180"},"modified":"2016-04-05T16:22:10","modified_gmt":"2016-04-05T19:22:10","slug":"pre-candidato-a-governador-pelo-pv-visita-taubate","status":"publish","type":"post","link":"https:\/\/www.jornalcontato.com.br\/home\/index.php\/pre-candidato-a-governador-pelo-pv-visita-taubate\/","title":{"rendered":"Pr\u00e9-candidato a governador pelo PV visita Taubat\u00e9"},"content":{"rendered":"<p>Gilberto Natalini, 62 anos, m\u00e9dico cirurgi\u00e3o, no quarto mandato de vereador na capital paulista, \u00e9 o pr\u00e9-candidato do Partido Verde ao governo do estado. <!--more-->Na segunda-feira, 02, nossa reportagem entrevistou-o no escrit\u00f3rio pol\u00edtico do deputado estadual Padre Afonso Lobato, que acompanhou a conversa ao lado do tamb\u00e9m m\u00e9dico Isael Domingues, vice-prefeito de Pindamonhangaba e pr\u00e9-candidato a deputado federal.<\/p>\n<p>Natalini tem uma longa milit\u00e2ncia no movimento popular, particularmente na zona leste de S\u00e3o Paulo, desde 1970. Al\u00e9m dos in\u00fameros cargos p\u00fablicos que exerceu concomitantemente, \u00e9 vice-presidente da Comiss\u00e3o da Verdade da C\u00e2mara Municipal paulistana.<\/p>\n<p>Ex-militante do PCdoB, abandonou quando aquele partido se alinhou ao PT, e do PSDB, do qual se afastou depois do ruidoso sil\u00eancio diante dos esc\u00e2ndalos que envolveram militantes da sigla, Natalini \u00e9 membro do Partido Verde desde 2011. Foi convidado para ser candidato a governador pela sua milit\u00e2ncia nos movimentos sociais ligados \u00e0 sa\u00fade e ao meio ambiente.<\/p>\n<p>Eis o resumo de um jogo r\u00e1pido que manteve com nosso diretor de reda\u00e7\u00e3o:<\/p>\n<p>Como foi sua milit\u00e2ncia pol\u00edtica durante a ditadura? Juntamente com muitos companheiros, quase morremos por defender a democracia. Fui preso 17 vezes.<\/p>\n<p>Valeu a pena? Valeu. Mas infelizmente transformaram a democracia em uma lamban\u00e7a. Isso que est\u00e1 a\u00ed n\u00e3o \u00e9 a democracia pela qual lutamos.<\/p>\n<p>Nunca pensou em filiar-se ao Partido dos Trabalhadores (PT)? Sempre vimos o PT com muita desconfian\u00e7a. No PCdo B dizia-se que era uma falsa oposi\u00e7\u00e3o criada pela burguesia para impedir que lideran\u00e7as como Carlos Prestes, Miguel Arraes e Leonel Brizola voltassem \u00e0 vida pol\u00edtica. Lula era uma lideran\u00e7a popular ligado \u00e0s for\u00e7as mais retr\u00f3gradas da sociedade.<\/p>\n<p>Porque saiu do PCdoB? Sa\u00ed quando ele se rendeu ao PT. N\u00e3o fui e nunca serei carrapato do PT.<\/p>\n<p>E como foi sua decis\u00e3o de aderir ao PSDB? Quando fui convidado por M\u00e1rio Covas.<\/p>\n<p>E o PV? Por ser um partido tem\u00e1tico onde \u00e9 poss\u00edvel fazer meu trabalho voltado ao meio ambiente.<\/p>\n<p>Quais suas principais bandeiras? S\u00e3o tr\u00eas: defesa da democracia, da natureza e da vida, e da \u00e9tica na pol\u00edtica.<\/p>\n<p>E para Taubat\u00e9 e o Vale do Para\u00edba? Acabar com essa briga entre os governos do Rio e S\u00e3o Paulo pelas \u00e1guas do rio Para\u00edba. Mas sempre refor\u00e7ando a quest\u00e3o da sa\u00fade. Taubat\u00e9 est\u00e1 afogada diante da demanda por servi\u00e7os de sa\u00fade. Meu compromisso \u00e9 aumentar de 12 % para 15 % o or\u00e7amento da sa\u00fade. Uma medida aparentemenre simples que poder\u00e1 desafogar muitas prefeituras. Tem cidade que tem mais de 36 % de seu or\u00e7amento comprometido com a sa\u00fade.<\/p>\n<p>Mais algum ponto? A gest\u00e3o atual \u00e9 muito autorit\u00e1ria, vamos democratiz\u00e1-la. E temos um projeto sobre mobilidade urbana com o uso de trens. Inicialmente, ser\u00e3o implantadas linhas ferrovi\u00e1rias entre as regi\u00f5es de Campinas e Sorocaba, na Baixada Santista e entre as cidades do Vale do Para\u00edba.<\/p>\n<p>O PV \u00e9 da base do governador Geraldo Alckmin; isso altera alguma coisa? O partido \u00e9 da base para garantir a governabilidade. No primeiro turno debateremos nossas propostas. O segundo depende do que ser\u00e1 reavaliado.<\/p>\n","protected":false},"excerpt":{"rendered":"<p>Gilberto Natalini, 62 anos, m\u00e9dico cirurgi\u00e3o, no quarto mandato de vereador na capital paulista, \u00e9 o pr\u00e9-candidato do Partido Verde ao governo do estado.<\/p>\n","protected":false},"author":1,"featured_media":8181,"comment_status":"open","ping_status":"open","sticky":false,"template":"","format":"standard","meta":{"footnotes":""},"categories":[29,7],"tags":[],"class_list":["post-8180","post","type-post","status-publish","format-standard","has-post-thumbnail","hentry","category-regional","category-reportagem"],"_links":{"self":[{"href":"https:\/\/www.jornalcontato.com.br\/home\/index.php\/wp-json\/wp\/v2\/posts\/8180","targetHints":{"allow":["GET"]}}],"collection":[{"href":"https:\/\/www.jornalcontato.com.br\/home\/index.php\/wp-json\/wp\/v2\/posts"}],"about":[{"href":"https:\/\/www.jornalcontato.com.br\/home\/index.php\/wp-json\/wp\/v2\/types\/post"}],"author":[{"embeddable":true,"href":"https:\/\/www.jornalcontato.com.br\/home\/index.php\/wp-json\/wp\/v2\/users\/1"}],"replies":[{"embeddable":true,"href":"https:\/\/www.jornalcontato.com.br\/home\/index.php\/wp-json\/wp\/v2\/comments?post=8180"}],"version-history":[{"count":8,"href":"https:\/\/www.jornalcontato.com.br\/home\/index.php\/wp-json\/wp\/v2\/posts\/8180\/revisions"}],"predecessor-version":[{"id":10976,"href":"https:\/\/www.jornalcontato.com.br\/home\/index.php\/wp-json\/wp\/v2\/posts\/8180\/revisions\/10976"}],"wp:featuredmedia":[{"embeddable":true,"href":"https:\/\/www.jornalcontato.com.br\/home\/index.php\/wp-json\/wp\/v2\/media\/8181"}],"wp:attachment":[{"href":"https:\/\/www.jornalcontato.com.br\/home\/index.php\/wp-json\/wp\/v2\/media?parent=8180"}],"wp:term":[{"taxonomy":"category","embeddable":true,"href":"https:\/\/www.jornalcontato.com.br\/home\/index.php\/wp-json\/wp\/v2\/categories?post=8180"},{"taxonomy":"post_tag","embeddable":true,"href":"https:\/\/www.jornalcontato.com.br\/home\/index.php\/wp-json\/wp\/v2\/tags?post=8180"}],"curies":[{"name":"wp","href":"https:\/\/api.w.org\/{rel}","templated":true}]}}