{"id":8160,"date":"2014-06-03T14:21:24","date_gmt":"2014-06-03T17:21:24","guid":{"rendered":"http:\/\/jornalcontato.com.br\/home\/?p=8160"},"modified":"2014-06-10T16:31:41","modified_gmt":"2014-06-10T19:31:41","slug":"mordida-pelo-proprio-veneno-ex-reitora-da-unitau-e-condenada-a-pagar-cinco-5-salarios-por-improbidade-administrativa","status":"publish","type":"post","link":"https:\/\/www.jornalcontato.com.br\/home\/index.php\/mordida-pelo-proprio-veneno-ex-reitora-da-unitau-e-condenada-a-pagar-cinco-5-salarios-por-improbidade-administrativa\/","title":{"rendered":"Mordida pelo pr\u00f3prio veneno"},"content":{"rendered":"<p>Ex-reitora da UNITAU \u00e9 condenada a pagar cinco (5) sal\u00e1rios do cargo por improbidade administrativa.<\/p>\n<p><span style=\"font-size: 13px;\">Inconformado, em parte, com a decis\u00e3o da Vara da Fazenda de Taubat\u00e9, o Minist\u00e9rio P\u00fablico recorreu e conseguiu a condena\u00e7\u00e3o da ex-reitora da Unitau Maria Lucila Junqueira Barbosa pela pr\u00e1tica dos il\u00edcitos por \u201cdesobedecer reiteradamente ordens judiciais em desprestigio ao interesse p\u00fablico e ofensa \u00e0 probidade administrativa\u201d.<!--more--><\/span><\/p>\n<p>A a\u00e7\u00e3o civil p\u00fablica baseou-se em \u201cimprobidade administrativa ajuizada em raz\u00e3o da nomea\u00e7\u00e3o da escritur\u00e1ria Luciana Aparecida dos Santos para exercer, em comiss\u00e3o, o cargo de advogado, padr\u00e3o S\/24\u201d. Argumenta o magistrado que \u201ca inten\u00e7\u00e3o da Lei de Improbidade Administrativa \u00e9 coibir atos praticados com inten\u00e7\u00e3o lesiva \u00e0 Administra\u00e7\u00e3o P\u00fablica e n\u00e3o apenas atos que, embora ilegais ou irregulares, tenham sido praticados por administradores in\u00e1beis sem a comprova\u00e7\u00e3o de m\u00e1-f\u00e9\u201d. Nesse caso \u201cn\u00e3o \u00e9 poss\u00edvel reconhecer boa-f\u00e9 na conduta da ex-Reitora da Universidade de Taubat\u00e9, Maria Lucila Junqueira Barbosa, que nomeou servidora dos quadros da Universidade para exercer, em comiss\u00e3o, cargo t\u00e9cnico de advogado, em manifesta afronta \u00e0 senten\u00e7a proferida\u201d pela Justi\u00e7a, e que \u201cn\u00e3o h\u00e1 raz\u00e3o l\u00f3gica que justifique ser declarado de livre provimento e exonera\u00e7\u00e3o, cargos como o de advogado\u201d (&#8230;)<\/p>\n<p>\u201cA senten\u00e7a datada de 14 de janeiro de 2008 transitou em julgado para a Universidade de Taubat\u00e9 trinta dias ap\u00f3s sua publica\u00e7\u00e3o, \u00e0 falta de recurso no momento oportuno\u201d. Mais adiante o magistrado afirma que \u201ca Portaria n\u00ba 432, de 10 de novembro de 2008, vai de encontro \u00e0 ordem judicial e, mais grave que isso, revela de forma inequ\u00edvoca a inten\u00e7\u00e3o livre e consciente do agente p\u00fablico (lucila) de atentar contra os princ\u00edpios constitucionais da administra\u00e7\u00e3o, em especial a legalidade e a moralidade\u201d (&#8230;)<\/p>\n<p>E conclui que \u201cdiante dessas circunst\u00e2ncias, imp\u00f5e-se a condena\u00e7\u00e3o de Maria Lucila Junqueira Barbosa no pagamento pena de multa civil equivalente a cinco (05) vezes o valor de sua remunera\u00e7\u00e3o como Reitora da Universidade de Taubat\u00e9 ao<span style=\"font-size: 13px;\">tempo da nomea\u00e7\u00e3o\u201d. (&#8230;)<\/span><\/p>\n<p>D\u00c9CIO NOTARANGELI<\/p>\n<p>Relator<\/p>\n","protected":false},"excerpt":{"rendered":"<p>Ex-reitora da UNITAU \u00e9 condenada a pagar cinco (5) sal\u00e1rios do cargo por improbidade administrativa. Inconformado, em parte, com a decis\u00e3o da Vara da Fazenda &#8230;<\/p>\n","protected":false},"author":1,"featured_media":8173,"comment_status":"open","ping_status":"open","sticky":false,"template":"","format":"standard","meta":{"footnotes":""},"categories":[7],"tags":[],"class_list":["post-8160","post","type-post","status-publish","format-standard","has-post-thumbnail","hentry","category-reportagem"],"_links":{"self":[{"href":"https:\/\/www.jornalcontato.com.br\/home\/index.php\/wp-json\/wp\/v2\/posts\/8160","targetHints":{"allow":["GET"]}}],"collection":[{"href":"https:\/\/www.jornalcontato.com.br\/home\/index.php\/wp-json\/wp\/v2\/posts"}],"about":[{"href":"https:\/\/www.jornalcontato.com.br\/home\/index.php\/wp-json\/wp\/v2\/types\/post"}],"author":[{"embeddable":true,"href":"https:\/\/www.jornalcontato.com.br\/home\/index.php\/wp-json\/wp\/v2\/users\/1"}],"replies":[{"embeddable":true,"href":"https:\/\/www.jornalcontato.com.br\/home\/index.php\/wp-json\/wp\/v2\/comments?post=8160"}],"version-history":[{"count":12,"href":"https:\/\/www.jornalcontato.com.br\/home\/index.php\/wp-json\/wp\/v2\/posts\/8160\/revisions"}],"predecessor-version":[{"id":8244,"href":"https:\/\/www.jornalcontato.com.br\/home\/index.php\/wp-json\/wp\/v2\/posts\/8160\/revisions\/8244"}],"wp:featuredmedia":[{"embeddable":true,"href":"https:\/\/www.jornalcontato.com.br\/home\/index.php\/wp-json\/wp\/v2\/media\/8173"}],"wp:attachment":[{"href":"https:\/\/www.jornalcontato.com.br\/home\/index.php\/wp-json\/wp\/v2\/media?parent=8160"}],"wp:term":[{"taxonomy":"category","embeddable":true,"href":"https:\/\/www.jornalcontato.com.br\/home\/index.php\/wp-json\/wp\/v2\/categories?post=8160"},{"taxonomy":"post_tag","embeddable":true,"href":"https:\/\/www.jornalcontato.com.br\/home\/index.php\/wp-json\/wp\/v2\/tags?post=8160"}],"curies":[{"name":"wp","href":"https:\/\/api.w.org\/{rel}","templated":true}]}}