{"id":8120,"date":"2014-05-27T17:48:36","date_gmt":"2014-05-27T20:48:36","guid":{"rendered":"http:\/\/jornalcontato.com.br\/home\/?p=8120"},"modified":"2014-06-10T16:31:27","modified_gmt":"2014-06-10T19:31:27","slug":"cei-da-dengue-numeros-da-vigilancia-epidemiologica-nao-convencem","status":"publish","type":"post","link":"https:\/\/www.jornalcontato.com.br\/home\/index.php\/cei-da-dengue-numeros-da-vigilancia-epidemiologica-nao-convencem\/","title":{"rendered":"CEI da dengue: N\u00fameros da Vigil\u00e2ncia Epidemiol\u00f3gica n\u00e3o convencem"},"content":{"rendered":"<p>\u201cEstamos trazendo os n\u00fameros que temos, mas voc\u00eas querem saber o n\u00famero que n\u00e3o temos\u201d, disse Stella Zollner, Coordenadora da Vigil\u00e2ncia Epidemiol\u00f3gica, ao ser questionada pelos vereadores sobre os n\u00fameros de pessoas contaminadas<!--more--><\/p>\n<p>O desleixo com o envio das notifica\u00e7\u00f5es pelas unidades de sa\u00fade, cl\u00ednicas e hospitais seria a causa da diferen\u00e7a dos n\u00fameros divulgados pela Vigil\u00e2ncia Epidemiol\u00f3gica a respeito de pessoas contaminadas de dengue com os n\u00fameros apontados por vereadores de Taubat\u00e9. Pelo menos foi essa a resposta de Stella Z\u00f6llner, Coordenadora da Vigil\u00e2ncia Epidemiol\u00f3gica, aos parlamentares Luizinho da Farm\u00e1cia (PROS), Nunes Coelho (PRB) e Paulo Miranda (PP) na primeira reuni\u00e3o da CEI para apurar a dimens\u00e3o da epidemia de dengue na cidade.<br \/>\nSegundo Z\u00f6llner, n\u00e3o se pode trabalhar em cima de suposi\u00e7\u00f5es: \u201cEu tenho a obriga\u00e7\u00e3o de trabalhar com n\u00fameros reais. Se um m\u00e9dico me notificou seus casos com atraso, s\u00f3 ser\u00e1 computado quando chegar \u00e0 Vigil\u00e2ncia [Epidemiol\u00f3gica]. Se a unidade de sa\u00fade n\u00e3o notificou, [ela] est\u00e1 cometendo um crime contra a sa\u00fade p\u00fablica. A notifica\u00e7\u00e3o \u00e9 compuls\u00f3ria\u201d.<br \/>\nMesmo com prazo de 15 dias para que o diagn\u00f3stico seja comprovado atrav\u00e9s de exames \u2013 hemograma e sorologia \u2013, a suspeita da doen\u00e7a pode ser notificada. \u201cQualquer mun\u00edcipe que suspeite ser portador da doen\u00e7a pode enviar sua pr\u00f3pria notifica\u00e7\u00e3o atrav\u00e9s de email (pmt.epidemiologia@taubate.sp.gov.br), por telefone (12 3629-6232) ou comparecer \u00e0 Vigil\u00e2ncia Epidemiol\u00f3gica, na Rua dos Oper\u00e1rio, 299, centro da cidade\u201d, disse Z\u00f6llner.<br \/>\nNunes Coelho questionou a m\u00e9dica sobre o n\u00famero de registros da doen\u00e7a na capital do Estado ser menor que o nosso. Stella explicou que Taubat\u00e9 tem uma densidade demogr\u00e1fica de 460 habitantes por km\u00b2, um dos fatores que contribui negativamente. \u201cBairros que t\u00eam maior n\u00famero de casos s\u00e3o muito populosos.\u201d Nenhum vereador apontou a inconsist\u00eancia da resposta da m\u00e9dica.<\/p>\n<p>Taubat\u00e9 vive uma epidemia<br \/>\nUma cidade s\u00f3 \u00e9 considerada v\u00edtima de uma epidemia quando atinge 100 casos por mil habitantes. H\u00e1 muito tempo que Taubat\u00e9 superou 300 casos pacientes de dengue. A partir desse n\u00famero, o SUS tem como procedimento a suspens\u00e3o do exame de sorologia, de acordo com o protocolo do Minist\u00e9rio da Sa\u00fade e passa-se a considerar o diagn\u00f3stico epidemiol\u00f3gico. \u201cPor isso esperamos para o fechamento do diagn\u00f3stico, e o acumulo de notifica\u00e7\u00f5es que aumentou tanto na \u00faltima semana\u201d, disse Z\u00f6llner.<br \/>\nLuizinho da Farm\u00e1cia sugeriu a a\u00e7\u00e3o das For\u00e7as Armadas para exterminar o mosquito, j\u00e1 que a cidade vive um estado de calamidade. Por\u00e9m, a m\u00e9dica contestou afirmando que Taubat\u00e9 n\u00e3o est\u00e1 num estado de descontrole. \u201cPara cada condi\u00e7\u00e3o existe uma estrat\u00e9gia, que pode ser mudada a qualquer momento, como aconteceu agora. Em janeiro o n\u00famero de mosquitos estava controlado. Nosso contingente \u00e9 suficiente\u201d, disse Zollner.<\/p>\n<p>Faltou dinheiro para a preven\u00e7\u00e3o?<br \/>\nApesar de o Minist\u00e9rio da Sa\u00fade preconizar a necessidade de um agente para cada mil habitantes, a equipe em Taubat\u00e9 \u00e9 composta por 60 agentes, mais 27 que ainda ser\u00e3o integrados a partir dessa semana, para fiscalizar cerca de 1.200 resid\u00eancias da cidade. Zollner foi categ\u00f3rica ao afirmar que n\u00e3o falta dinheiro para as opera\u00e7\u00e3o de preven\u00e7\u00e3o da dengue: \u201cN\u00e3o falta recursos para desempenharmos o nosso trabalho de maneira fiel, adequada e eficiente\u201d.<\/p>\n<p>Faltou tempo e &#8230;<br \/>\nPara a coordenadora da Vigil\u00e2ncia, o poder p\u00fablico teria feito a li\u00e7\u00e3o de casa. Para ela, \u201co pior problema s\u00e3o as pend\u00eancias, apesar da divulga\u00e7\u00e3o pr\u00e9via sobre as visitas dos agentes de sa\u00fade\u201d. Foram distribu\u00eddos 36 mil panfletos sobre os eventos educativos que aconteceram na cidade. \u201cNossa equipe tem trabalhado nos feriados e finais de semana para diminuir as pend\u00eancias\u201d. Por\u00e9m, para a m\u00e9dica, o que vai realmente acabar com a epidemia \u00e9 a inspe\u00e7\u00e3o de cada mun\u00edcipe, \u201cos famosos dez minutos contra a dengue dentro da nossa casa\u201d, concluiu.<br \/>\nZ\u00f6llner em nenhum momento contestou os argumentos que a vereadora Pollyana Gama (PPS) apresentou da tribuna revelando expressiva redu\u00e7\u00e3o de recursos or\u00e7ament\u00e1rios da Sa\u00fade destinados \u00e0 preven\u00e7\u00e3o.<\/p>\n<p>&nbsp;<\/p>\n<div id=\"attachment_8123\" style=\"width: 510px\" class=\"wp-caption alignnone\"><a href=\"http:\/\/jornalcontato.com.br\/home\/wp-content\/uploads\/2014\/05\/cei.jpg\"><img loading=\"lazy\" decoding=\"async\" aria-describedby=\"caption-attachment-8123\" class=\"size-full wp-image-8123\" title=\"cei\" src=\"http:\/\/jornalcontato.com.br\/home\/wp-content\/uploads\/2014\/05\/cei.jpg\" alt=\"\" width=\"510\" height=\"364\" srcset=\"https:\/\/jornalcontato.com.br\/home\/wp-content\/uploads\/2014\/05\/cei.jpg 510w, https:\/\/jornalcontato.com.br\/home\/wp-content\/uploads\/2014\/05\/cei-300x214.jpg 300w\" sizes=\"auto, (max-width: 510px) 100vw, 510px\" \/><\/a><p id=\"caption-attachment-8123\" class=\"wp-caption-text\">Vereadores Paulo Miranda, Luizinho da Farm\u00e1cia e Nunes Coelho<\/p><\/div>\n","protected":false},"excerpt":{"rendered":"<p>\u201cEstamos trazendo os n\u00fameros que temos, mas voc\u00eas querem saber o n\u00famero que n\u00e3o temos\u201d, disse Stella Zollner, Coordenadora da Vigil\u00e2ncia Epidemiol\u00f3gica, ao ser questionada &#8230;<\/p>\n","protected":false},"author":1,"featured_media":8121,"comment_status":"open","ping_status":"open","sticky":false,"template":"","format":"standard","meta":{"footnotes":""},"categories":[7],"tags":[],"class_list":["post-8120","post","type-post","status-publish","format-standard","has-post-thumbnail","hentry","category-reportagem"],"_links":{"self":[{"href":"https:\/\/www.jornalcontato.com.br\/home\/index.php\/wp-json\/wp\/v2\/posts\/8120","targetHints":{"allow":["GET"]}}],"collection":[{"href":"https:\/\/www.jornalcontato.com.br\/home\/index.php\/wp-json\/wp\/v2\/posts"}],"about":[{"href":"https:\/\/www.jornalcontato.com.br\/home\/index.php\/wp-json\/wp\/v2\/types\/post"}],"author":[{"embeddable":true,"href":"https:\/\/www.jornalcontato.com.br\/home\/index.php\/wp-json\/wp\/v2\/users\/1"}],"replies":[{"embeddable":true,"href":"https:\/\/www.jornalcontato.com.br\/home\/index.php\/wp-json\/wp\/v2\/comments?post=8120"}],"version-history":[{"count":3,"href":"https:\/\/www.jornalcontato.com.br\/home\/index.php\/wp-json\/wp\/v2\/posts\/8120\/revisions"}],"predecessor-version":[{"id":8125,"href":"https:\/\/www.jornalcontato.com.br\/home\/index.php\/wp-json\/wp\/v2\/posts\/8120\/revisions\/8125"}],"wp:featuredmedia":[{"embeddable":true,"href":"https:\/\/www.jornalcontato.com.br\/home\/index.php\/wp-json\/wp\/v2\/media\/8121"}],"wp:attachment":[{"href":"https:\/\/www.jornalcontato.com.br\/home\/index.php\/wp-json\/wp\/v2\/media?parent=8120"}],"wp:term":[{"taxonomy":"category","embeddable":true,"href":"https:\/\/www.jornalcontato.com.br\/home\/index.php\/wp-json\/wp\/v2\/categories?post=8120"},{"taxonomy":"post_tag","embeddable":true,"href":"https:\/\/www.jornalcontato.com.br\/home\/index.php\/wp-json\/wp\/v2\/tags?post=8120"}],"curies":[{"name":"wp","href":"https:\/\/api.w.org\/{rel}","templated":true}]}}