{"id":7566,"date":"2013-12-09T16:00:21","date_gmt":"2013-12-09T19:00:21","guid":{"rendered":"http:\/\/jornalcontato.com.br\/home\/?p=7566"},"modified":"2013-12-09T16:00:21","modified_gmt":"2013-12-09T19:00:21","slug":"esporte-clube-taubate-apresenta-novo-uniforme","status":"publish","type":"post","link":"https:\/\/www.jornalcontato.com.br\/home\/index.php\/esporte-clube-taubate-apresenta-novo-uniforme\/","title":{"rendered":"Esporte Clube Taubat\u00e9 apresenta novo uniforme"},"content":{"rendered":"<p>Dia 5 de dezembro foi anivers\u00e1rio da cidade. Nesta noite, o Esporte Clube Taubat\u00e9 (ECT) apresentou os novos uniformes oficiais para a temporada 2014, ano do centen\u00e1rio para o Burro da Central. Al\u00e9m dos uniformes oficiais completos, foi apresentada a logomarca oficial do centen\u00e1rio, que ir\u00e1 representar todas as a\u00e7\u00f5es de marketing ligadas \u00e0 importante data para hist\u00f3ria alvi-azul. Tamb\u00e9m foi divulgado o novo escudo que o clube utilizar\u00e1 no per\u00edodo dos festejos. A fornecedora de material esportivo \u00e9 a empresa WA Sport, do Rio de Janeiro.<\/p>\n<p><strong>Descri\u00e7\u00e3o dos uniformes<\/strong><br \/>\nO uniforme n\u00famero 1 abrir\u00e1 o in\u00edcio do resgaste hist\u00f3rico que o clube planeja para o bi\u00eanio 2014-2015. A camisa foi baseada no uniforme que o ECT utilizou no ano de 1919, data de seu primeiro t\u00edtulo, o de Campe\u00e3o do Interior. Assim como o modelo de camisa, o escudo que o Burro da Central envergar\u00e1 no seu centen\u00e1rio ser\u00e1 tamb\u00e9m o de 1919, coincidentemente o primeiro bras\u00e3o que se tem registro na hist\u00f3ria do clube alvi-azul. O emblema possui as iniciais SCT, pois \u00e0 \u00e9poca o clube chamava-se &#8220;Sport Club Taubat\u00e9&#8221;.<br \/>\nJ\u00e1 o segundo uniforme, far\u00e1 uma homenagem ao t\u00edtulo de 1979, conquistado em cima de seu maior rival o S\u00e3o Jos\u00e9 EC, este modelo \u00e9 o mais popular e requisitado n\u00e3o s\u00f3 pela torcida, mas tamb\u00e9m pelos conhecedores do futebol do interior de S\u00e3o Paulo.<br \/>\nNo evento tamb\u00e9m foram divulgados os uniformes de goleiro, o primeiro ser\u00e1 o inverso da camisa 1, ideia solicitada pelo goleiro titular do Burr\u00e3o, Santos, atleta que ir\u00e1 para terceira temporada defendendo as cores do Gigante do Vale. A segunda camisa de arqueiro ser\u00e1 na cor cinza, homenageando um dos maiores atletas da hist\u00f3ria do clube. O Goleir\u00e3o Wagner, Campe\u00e3o Paulista da Divis\u00e3o Intermedi\u00e1ria em 1979, com direito a defesa da linha da marca penal no duelo decisivo contra os j\u00e1 citados rivais valeparaibanos.<br \/>\nA grata surpresa da noite foi a terceira camisa de goleiro. A mesma foi apresentada na cor gren\u00e1, com faixa transversal azul e contar\u00e1 com o desenho de 3 cart\u00f5es postais da cidade de Taubat\u00e9, que aniversariou na data da apresenta\u00e7\u00e3o, dia 5 de dezembro. Ou seja, tr\u00eas modelos diferentes, uma estampada com o conhecido Pr\u00e9dio da CTI, (Companhia Taubat\u00e9 Industrial), outra com o bel\u00edssimo Santu\u00e1rio de Santa Terezinha, primeiro erguido no mundo em homenagem \u00e0 Santa. E a terceira e \u00faltima com o Cristo da cidade.<br \/>\nTamb\u00e9m foram apresentados os uniformes no tamanho feminino, camisas de viagem e passeio e o agasalho do Esporte Clube Taubat\u00e9.<\/p>\n","protected":false},"excerpt":{"rendered":"<p>Dia 5 de dezembro foi anivers\u00e1rio da cidade. Nesta noite, o Esporte Clube Taubat\u00e9 (ECT) apresentou os novos uniformes oficiais para a temporada 2014, ano &#8230;<\/p>\n","protected":false},"author":1,"featured_media":7567,"comment_status":"open","ping_status":"open","sticky":false,"template":"","format":"standard","meta":{"footnotes":""},"categories":[7],"tags":[],"class_list":["post-7566","post","type-post","status-publish","format-standard","has-post-thumbnail","hentry","category-reportagem"],"_links":{"self":[{"href":"https:\/\/www.jornalcontato.com.br\/home\/index.php\/wp-json\/wp\/v2\/posts\/7566","targetHints":{"allow":["GET"]}}],"collection":[{"href":"https:\/\/www.jornalcontato.com.br\/home\/index.php\/wp-json\/wp\/v2\/posts"}],"about":[{"href":"https:\/\/www.jornalcontato.com.br\/home\/index.php\/wp-json\/wp\/v2\/types\/post"}],"author":[{"embeddable":true,"href":"https:\/\/www.jornalcontato.com.br\/home\/index.php\/wp-json\/wp\/v2\/users\/1"}],"replies":[{"embeddable":true,"href":"https:\/\/www.jornalcontato.com.br\/home\/index.php\/wp-json\/wp\/v2\/comments?post=7566"}],"version-history":[{"count":2,"href":"https:\/\/www.jornalcontato.com.br\/home\/index.php\/wp-json\/wp\/v2\/posts\/7566\/revisions"}],"predecessor-version":[{"id":7569,"href":"https:\/\/www.jornalcontato.com.br\/home\/index.php\/wp-json\/wp\/v2\/posts\/7566\/revisions\/7569"}],"wp:featuredmedia":[{"embeddable":true,"href":"https:\/\/www.jornalcontato.com.br\/home\/index.php\/wp-json\/wp\/v2\/media\/7567"}],"wp:attachment":[{"href":"https:\/\/www.jornalcontato.com.br\/home\/index.php\/wp-json\/wp\/v2\/media?parent=7566"}],"wp:term":[{"taxonomy":"category","embeddable":true,"href":"https:\/\/www.jornalcontato.com.br\/home\/index.php\/wp-json\/wp\/v2\/categories?post=7566"},{"taxonomy":"post_tag","embeddable":true,"href":"https:\/\/www.jornalcontato.com.br\/home\/index.php\/wp-json\/wp\/v2\/tags?post=7566"}],"curies":[{"name":"wp","href":"https:\/\/api.w.org\/{rel}","templated":true}]}}