{"id":7494,"date":"2013-11-29T08:46:36","date_gmt":"2013-11-29T11:46:36","guid":{"rendered":"http:\/\/jornalcontato.com.br\/home\/?p=7494"},"modified":"2014-01-17T14:02:59","modified_gmt":"2014-01-17T17:02:59","slug":"edicao-623-do-jornal-contato","status":"publish","type":"post","link":"https:\/\/www.jornalcontato.com.br\/home\/index.php\/edicao-623-do-jornal-contato\/","title":{"rendered":"Edi\u00e7\u00e3o 623 do Jornal CONTATO"},"content":{"rendered":"<p style=\"text-align: center;\"><strong><!--more-->Confira os temperos de Tia Anast\u00e1cia para a edi\u00e7\u00e3o 623 do Jornal CONTATO<\/strong><\/p>\n<p><strong>Disputas natalinas<\/strong><\/p>\n<p><strong>\u00a0\u00a0\u00a0\u00a0\u00a0\u00a0\u00a0\u00a0\u00a0\u00a0\u00a0 <\/strong>Cinco lojistas entraram com a\u00e7\u00e3o judicial contra o Via Vale Garden Shopping. Querem ser ressarcidos por danos morais e materiais. Nossa reportagem apurou que o Shopping tamb\u00e9m teria entrado com a\u00e7\u00e3o para receber alugueis atrasados. A pr\u00f3pria Le Postiche j\u00e1 teria um nome para substituir o franqueado, um dos autores da a\u00e7\u00e3o.<\/p>\n<p><strong>Disputas natalinas 2<\/strong><\/p>\n<p>Nossa reportagem apurou tamb\u00e9m que a a\u00e7\u00e3o pode fazer parte de uma estrat\u00e9gia comercial: tomar a iniciativa antes que sejam realizadas as benfeitorias previstas \u2013 acessos adequados, novas lojas \u00e2ncoras etc. Caso contr\u00e1rio, haveria risco de ter seus argumentos enfraquecidos.\u00a0 \u00a0<strong>\u00a0 \u00a0 \u00a0 \u00a0\u00a0<\/strong><\/p>\n<p><strong>Tratamento&#8230;<\/strong><\/p>\n<p>A filha do vereador Bilili (PSDB) \u00e9 advogada. Ela conseguiu na Justi\u00e7a a marca\u00e7\u00e3o de exames de ultrassom na rede municipal de sa\u00fade para 14 pessoas que n\u00e3o conseguiram marcar os exames nos Pamos (Postos de Atendimento M\u00e9dico e Odontol\u00f3gico). \u201cPara n\u00e3o dizer que eu vou marcar consulta, quem vai marcar \u00e9 o juiz\u201d, disse o vereador tucano, acusado de manter um esquema paralelo de marca\u00e7\u00e3o de consultas e interna\u00e7\u00f5es.<\/p>\n<p><strong>&#8230; diferenciado<\/strong><\/p>\n<p>Um homem de 52 anos morreu\u00a0na tarde de ter\u00e7a-feira, 26, na porta do Pamo do Parque Aeroporto. Foi v\u00edtima de um ataque card\u00edaco. Os funcion\u00e1rios do Posto teriam se negado a realizar o atendimento m\u00e9dico. A secretaria da Sa\u00fade nega o fato e diz que em nenhum momento a v\u00edtima solicitou atendimento naquele Pamo. \u201cVixi, essa hist\u00f3ria est\u00e1 pra l\u00e1 de mal contada\u201d, pensa em voz alta Tia Anast\u00e1cia.<\/p>\n<p><strong>Transitolice 1<\/strong><\/p>\n<p>Em plena crise do Executivo com o Legislativo, a diretora de Tr\u00e2nsito, Dolores Pi\u00f1o, a Lola, que n\u00e3o \u00e9 Lolita, realizou na C\u00e2mara Municipal a audi\u00eancia p\u00fablica para mostrar o novo modelo do servi\u00e7o do motot\u00e1xi.<\/p>\n<p><strong>Transitolice 2<\/strong><\/p>\n<p>Lola, que n\u00e3o \u00e9 Lolita, parece ter entendido que vereador gosta de ser bajulado. Durante a audi\u00eancia, cada parlamentar que chegava ao Plen\u00e1rio recebia da diretora de Tr\u00e2nsito uma sauda\u00e7\u00e3o exclusiva, com direito a anunciar o nome do presente.<\/p>\n<p><strong>Transitolice 3<\/strong><\/p>\n<p>Nem assim Lola, que n\u00e3o \u00e9 Lolita, escapou das cr\u00edticas. Luizinho da Farm\u00e1cia (Pros), por exemplo, disse que a diretora de Tr\u00e2nsito deveria ter mandado antecipadamente as informa\u00e7\u00f5es para os vereadores para que pudessem estudar a proposta e fazer questionamento na audi\u00eancia p\u00fablica. \u201cEssa mo\u00e7a s\u00f3 d\u00e1 bola fora\u201d, pensa em voz alta Tia Anast\u00e1cia.<\/p>\n<p><strong>Mobilidade 1<\/strong><\/p>\n<p>Na edi\u00e7\u00e3o 471, de agosto de 2010, CONTATO publicou a seguinte manchete: \u201cCidade desumana. \u00c9 gritante o desleixo do Poder P\u00fablico para com os portadores de defici\u00eancia f\u00edsica, que acabam trancados em casa por falta de acessibilidade aos logradouros p\u00fablicos\u201d. A reportagem acompanhou Adilson Presoto, cadeirante h\u00e1 25 anos, no deslocamento pelas ruas da terra de Lobato para mostrar a dificuldade em se locomover num munic\u00edpio que n\u00e3o tem o m\u00ednimo de respeito pelas pessoas deficientes.<\/p>\n<p><strong>Mobilidade 2<\/strong><\/p>\n<p>Essa situa\u00e7\u00e3o pode estar pr\u00f3xima do fim. Na manh\u00e3 de quarta-feira, 27, os vereadores aprovaram por unanimidade o projeto de lei 256\/2013, de autoria do prefeito Ortiz J\u00fanior (PSDB), que autoriza o munic\u00edpio a contrair financiamento junto \u00e0 Caixa Econ\u00f4mica Federal para adaptar a cidade aos deficientes. \u201cOremos\u201d, pensa Tia Anast\u00e1cia com seus bot\u00f5es.<\/p>\n<p><strong>Mobilidade 3<\/strong><\/p>\n<p>O investimento previsto \u00e9 de R$ 3,41 milh\u00f5es, sendo R$3.23 milh\u00f5es financiados pela Caixa Econ\u00f4mica Federal, com juros de 6 % ao ano. Est\u00e3o previstos instala\u00e7\u00e3o de sinais sonoros em cinquenta pontos de travessia, adequa\u00e7\u00e3o de acessibilidade com instala\u00e7\u00e3o de faixas de pedestres e rebaixamento de guias, requalifica\u00e7\u00e3o de vias, com implanta\u00e7\u00e3o de faixas exclusivas para \u00f4nibus e recapeamento e sinaliza\u00e7\u00e3o horizontal e vertical. Tudo isso em 12 meses.<\/p>\n<p><strong>Acima do teto <\/strong><strong><\/strong><\/p>\n<p>Liminar expedida pela Vara da Fazenda P\u00fablica, em A\u00e7\u00e3o Civil P\u00fablica proposta pelo Minist\u00e9rio P\u00fablico de Taubat\u00e9, determinou \u00e0 UNITAU n\u00e3o pagar aos dirigentes da institui\u00e7\u00e3o um sal\u00e1rio superior ao do prefeito municipal, que atualmente \u00e9 de R$14 mil. A decis\u00e3o atinge os sal\u00e1rios do reitor, do vice-reitor e de cinco pr\u00f3-reitores. \u201cJ\u00e1 come\u00e7ou a campanha eleitoral na Unitau\u201d, pensa a velha senhora com cara de t\u00e9dio.<\/p>\n<p><strong>CPI da UNITAU 1<\/strong><\/p>\n<p>Professor Jos\u00e9 Carlos Sim\u00f5es Floren\u00e7ano confirmou \u00e0 CPI da UNITAU que pediu demiss\u00e3o do cargo de pr\u00f3-reitor de Finan\u00e7as em 2006 por n\u00e3o concordar com os rumos administrativo-financeiros-pedag\u00f3gicos da gest\u00e3o da reitora Maria Lucila Junqueira Barbosa. Por\u00e9m, foi considerado fraco seu depoimento, prestado no dia 21 de novembro. Para os cr\u00edticos, Floren\u00e7ano teria assumido o cargo de pr\u00f3-reitor de Finan\u00e7as da UNITAU horas antes de sentar-se perante os vereadores. Por\u00e9m, se esqueceram de que ele se encontra interinamente no cargo.<\/p>\n<p><strong>CPI da UNITAU 2<\/strong><\/p>\n<p>Abordado por CONTATO, Floren\u00e7ano refor\u00e7a os fatores que o levaram a se afastar da pr\u00f3-reitoria. Mas n\u00e3o quis dar exemplos. Nossa reportagem apurou que o tempo lhe deu raz\u00e3o com a revela\u00e7\u00e3o dos crit\u00e9rios utilizados para nomea\u00e7\u00e3o assim como os recursos que deixaram de ser repassados ao IPMT e ao FUNCABES. \u201cEsse mo\u00e7o pulou fora do barco na hora certa\u201d, comenta Tia Anast\u00e1cia, cofiando suas madeixas.<\/p>\n<p><strong>CPI da UNITAU 3<\/strong><\/p>\n<p>Os pr\u00f3ximos trabalhos da CPI ser\u00e3o focados no Instituto de Previd\u00eancia do Munic\u00edpio de Taubat\u00e9 (IPMT).<\/p>\n<p><strong>Em tr\u00e2mite&#8230;<\/strong><\/p>\n<p>Na semana retrasada, o vereador Dig\u00e3o foi chamado para prestar depoimento na Justi\u00e7a Federal sobre os esc\u00e2ndalos na \u00e1rea da sa\u00fade registrados no degoverno de Roberto Peixoto (PEN).<\/p>\n<p><a href=\"http:\/\/jornalcontato.com.br\/home\/wp-content\/uploads\/2013\/11\/623.jpg\"><img loading=\"lazy\" decoding=\"async\" class=\"aligncenter size-medium wp-image-7495\" title=\"623\" src=\"http:\/\/jornalcontato.com.br\/home\/wp-content\/uploads\/2013\/11\/623-261x300.jpg\" alt=\"\" width=\"261\" height=\"300\" srcset=\"https:\/\/jornalcontato.com.br\/home\/wp-content\/uploads\/2013\/11\/623-261x300.jpg 261w, https:\/\/jornalcontato.com.br\/home\/wp-content\/uploads\/2013\/11\/623-894x1024.jpg 894w, https:\/\/jornalcontato.com.br\/home\/wp-content\/uploads\/2013\/11\/623.jpg 1624w\" sizes=\"auto, (max-width: 261px) 100vw, 261px\" \/><\/a><\/p>\n","protected":false},"excerpt":{"rendered":"","protected":false},"author":1,"featured_media":7496,"comment_status":"open","ping_status":"open","sticky":false,"template":"","format":"standard","meta":{"footnotes":""},"categories":[7],"tags":[],"class_list":["post-7494","post","type-post","status-publish","format-standard","has-post-thumbnail","hentry","category-reportagem"],"_links":{"self":[{"href":"https:\/\/www.jornalcontato.com.br\/home\/index.php\/wp-json\/wp\/v2\/posts\/7494","targetHints":{"allow":["GET"]}}],"collection":[{"href":"https:\/\/www.jornalcontato.com.br\/home\/index.php\/wp-json\/wp\/v2\/posts"}],"about":[{"href":"https:\/\/www.jornalcontato.com.br\/home\/index.php\/wp-json\/wp\/v2\/types\/post"}],"author":[{"embeddable":true,"href":"https:\/\/www.jornalcontato.com.br\/home\/index.php\/wp-json\/wp\/v2\/users\/1"}],"replies":[{"embeddable":true,"href":"https:\/\/www.jornalcontato.com.br\/home\/index.php\/wp-json\/wp\/v2\/comments?post=7494"}],"version-history":[{"count":4,"href":"https:\/\/www.jornalcontato.com.br\/home\/index.php\/wp-json\/wp\/v2\/posts\/7494\/revisions"}],"predecessor-version":[{"id":7653,"href":"https:\/\/www.jornalcontato.com.br\/home\/index.php\/wp-json\/wp\/v2\/posts\/7494\/revisions\/7653"}],"wp:featuredmedia":[{"embeddable":true,"href":"https:\/\/www.jornalcontato.com.br\/home\/index.php\/wp-json\/wp\/v2\/media\/7496"}],"wp:attachment":[{"href":"https:\/\/www.jornalcontato.com.br\/home\/index.php\/wp-json\/wp\/v2\/media?parent=7494"}],"wp:term":[{"taxonomy":"category","embeddable":true,"href":"https:\/\/www.jornalcontato.com.br\/home\/index.php\/wp-json\/wp\/v2\/categories?post=7494"},{"taxonomy":"post_tag","embeddable":true,"href":"https:\/\/www.jornalcontato.com.br\/home\/index.php\/wp-json\/wp\/v2\/tags?post=7494"}],"curies":[{"name":"wp","href":"https:\/\/api.w.org\/{rel}","templated":true}]}}