{"id":7453,"date":"2013-11-25T15:34:14","date_gmt":"2013-11-25T18:34:14","guid":{"rendered":"http:\/\/jornalcontato.com.br\/home\/?p=7453"},"modified":"2016-04-06T15:13:49","modified_gmt":"2016-04-06T18:13:49","slug":"acit-palestra-gratuita-sobre-como-se-tornar-um-microempreendedor","status":"publish","type":"post","link":"https:\/\/www.jornalcontato.com.br\/home\/index.php\/acit-palestra-gratuita-sobre-como-se-tornar-um-microempreendedor\/","title":{"rendered":"ACIT: palestra gratuita sobre como se tornar um microempreendedor"},"content":{"rendered":"<p>Foto divulga\u00e7\u00e3o<\/p>\n<p>A ACIT (Associa\u00e7\u00e3o Comercial e Industrial de Taubat\u00e9), em parceria com o SEBRAE, promove a palestra \u201cComo se tornar um microempreendedor individual\u201d. O evento ser\u00e1 realizado gratuitamente no dia 28 de novembro, das 14h \u00e0s 16h. A atividade tem o objetivo de apresentar as vantagens de se obter o CNPJ como MEI.<\/p>\n<p>A analista do Sebrae Tatiana Amorim ir\u00e1 abordar temas como tributa\u00e7\u00e3o e contabilidade, regulariza\u00e7\u00e3o do empreendimento e obriga\u00e7\u00f5es fiscais, al\u00e9m de mostrar os benef\u00edcios da formaliza\u00e7\u00e3o.<\/p>\n<p>As inscri\u00e7\u00f5es devem ser feitas pelo telefone (12) 3621 5223 ou 0800 570 0800. A palestra acontece no audit\u00f3rio da ACIT, que fica na Pra\u00e7a Monsenhor Silva Barros, n\u00ba 57, no centro de Taubat\u00e9.<\/p>\n","protected":false},"excerpt":{"rendered":"<p>Foto divulga\u00e7\u00e3o A ACIT (Associa\u00e7\u00e3o Comercial e Industrial de Taubat\u00e9), em parceria com o SEBRAE, promove a palestra \u201cComo se tornar um microempreendedor individual\u201d. O &#8230;<\/p>\n","protected":false},"author":1,"featured_media":7454,"comment_status":"open","ping_status":"open","sticky":false,"template":"","format":"standard","meta":{"footnotes":""},"categories":[29,7],"tags":[],"class_list":["post-7453","post","type-post","status-publish","format-standard","has-post-thumbnail","hentry","category-regional","category-reportagem"],"_links":{"self":[{"href":"https:\/\/www.jornalcontato.com.br\/home\/index.php\/wp-json\/wp\/v2\/posts\/7453","targetHints":{"allow":["GET"]}}],"collection":[{"href":"https:\/\/www.jornalcontato.com.br\/home\/index.php\/wp-json\/wp\/v2\/posts"}],"about":[{"href":"https:\/\/www.jornalcontato.com.br\/home\/index.php\/wp-json\/wp\/v2\/types\/post"}],"author":[{"embeddable":true,"href":"https:\/\/www.jornalcontato.com.br\/home\/index.php\/wp-json\/wp\/v2\/users\/1"}],"replies":[{"embeddable":true,"href":"https:\/\/www.jornalcontato.com.br\/home\/index.php\/wp-json\/wp\/v2\/comments?post=7453"}],"version-history":[{"count":4,"href":"https:\/\/www.jornalcontato.com.br\/home\/index.php\/wp-json\/wp\/v2\/posts\/7453\/revisions"}],"predecessor-version":[{"id":11035,"href":"https:\/\/www.jornalcontato.com.br\/home\/index.php\/wp-json\/wp\/v2\/posts\/7453\/revisions\/11035"}],"wp:featuredmedia":[{"embeddable":true,"href":"https:\/\/www.jornalcontato.com.br\/home\/index.php\/wp-json\/wp\/v2\/media\/7454"}],"wp:attachment":[{"href":"https:\/\/www.jornalcontato.com.br\/home\/index.php\/wp-json\/wp\/v2\/media?parent=7453"}],"wp:term":[{"taxonomy":"category","embeddable":true,"href":"https:\/\/www.jornalcontato.com.br\/home\/index.php\/wp-json\/wp\/v2\/categories?post=7453"},{"taxonomy":"post_tag","embeddable":true,"href":"https:\/\/www.jornalcontato.com.br\/home\/index.php\/wp-json\/wp\/v2\/tags?post=7453"}],"curies":[{"name":"wp","href":"https:\/\/api.w.org\/{rel}","templated":true}]}}