{"id":7439,"date":"2013-11-23T13:00:34","date_gmt":"2013-11-23T16:00:34","guid":{"rendered":"http:\/\/jornalcontato.com.br\/home\/?p=7439"},"modified":"2013-12-03T09:27:48","modified_gmt":"2013-12-03T12:27:48","slug":"nao-faz-sentido-chamar-petistas-de-presos-politicos","status":"publish","type":"post","link":"https:\/\/www.jornalcontato.com.br\/home\/index.php\/nao-faz-sentido-chamar-petistas-de-presos-politicos\/","title":{"rendered":"N\u00e3o faz sentido chamar petistas de presos pol\u00edticos"},"content":{"rendered":"<p>Daniel Aar\u00e3o Reis, professor de Hist\u00f3ria da UFF e colunista de CONTATO, concedeu entrevista ao jornal O Estado de S.Paulo sobre a pris\u00e3o dos petistas do mensal\u00e3o. Clique na imagem abaixo\u00a0para ler na \u00edntegra.<\/p>\n<p><!--more--><\/p>\n<p style=\"text-align: center;\"><a href=\"http:\/\/jornalcontato.com.br\/home\/wp-content\/uploads\/2013\/11\/estadao1.jpg\" target=\"_blank\"><img loading=\"lazy\" decoding=\"async\" class=\"aligncenter  wp-image-7441\" title=\"estadao\" src=\"http:\/\/jornalcontato.com.br\/home\/wp-content\/uploads\/2013\/11\/estadao1-1024x993.jpg\" alt=\"\" width=\"630\" height=\"610\" srcset=\"https:\/\/jornalcontato.com.br\/home\/wp-content\/uploads\/2013\/11\/estadao1-1024x993.jpg 1024w, https:\/\/jornalcontato.com.br\/home\/wp-content\/uploads\/2013\/11\/estadao1-300x291.jpg 300w, https:\/\/jornalcontato.com.br\/home\/wp-content\/uploads\/2013\/11\/estadao1.jpg 1156w\" sizes=\"auto, (max-width: 630px) 100vw, 630px\" \/><\/a><\/p>\n","protected":false},"excerpt":{"rendered":"<p>Daniel Aar\u00e3o Reis, professor de Hist\u00f3ria da UFF e colunista de CONTATO, concedeu entrevista ao jornal O Estado de S.Paulo sobre a pris\u00e3o dos petistas &#8230;<\/p>\n","protected":false},"author":1,"featured_media":7442,"comment_status":"open","ping_status":"open","sticky":false,"template":"","format":"standard","meta":{"footnotes":""},"categories":[7],"tags":[],"class_list":["post-7439","post","type-post","status-publish","format-standard","has-post-thumbnail","hentry","category-reportagem"],"_links":{"self":[{"href":"https:\/\/www.jornalcontato.com.br\/home\/index.php\/wp-json\/wp\/v2\/posts\/7439","targetHints":{"allow":["GET"]}}],"collection":[{"href":"https:\/\/www.jornalcontato.com.br\/home\/index.php\/wp-json\/wp\/v2\/posts"}],"about":[{"href":"https:\/\/www.jornalcontato.com.br\/home\/index.php\/wp-json\/wp\/v2\/types\/post"}],"author":[{"embeddable":true,"href":"https:\/\/www.jornalcontato.com.br\/home\/index.php\/wp-json\/wp\/v2\/users\/1"}],"replies":[{"embeddable":true,"href":"https:\/\/www.jornalcontato.com.br\/home\/index.php\/wp-json\/wp\/v2\/comments?post=7439"}],"version-history":[{"count":3,"href":"https:\/\/www.jornalcontato.com.br\/home\/index.php\/wp-json\/wp\/v2\/posts\/7439\/revisions"}],"predecessor-version":[{"id":7547,"href":"https:\/\/www.jornalcontato.com.br\/home\/index.php\/wp-json\/wp\/v2\/posts\/7439\/revisions\/7547"}],"wp:featuredmedia":[{"embeddable":true,"href":"https:\/\/www.jornalcontato.com.br\/home\/index.php\/wp-json\/wp\/v2\/media\/7442"}],"wp:attachment":[{"href":"https:\/\/www.jornalcontato.com.br\/home\/index.php\/wp-json\/wp\/v2\/media?parent=7439"}],"wp:term":[{"taxonomy":"category","embeddable":true,"href":"https:\/\/www.jornalcontato.com.br\/home\/index.php\/wp-json\/wp\/v2\/categories?post=7439"},{"taxonomy":"post_tag","embeddable":true,"href":"https:\/\/www.jornalcontato.com.br\/home\/index.php\/wp-json\/wp\/v2\/tags?post=7439"}],"curies":[{"name":"wp","href":"https:\/\/api.w.org\/{rel}","templated":true}]}}