{"id":7422,"date":"2013-11-21T16:08:43","date_gmt":"2013-11-21T19:08:43","guid":{"rendered":"http:\/\/jornalcontato.com.br\/home\/?p=7422"},"modified":"2013-12-03T09:27:11","modified_gmt":"2013-12-03T12:27:11","slug":"sindicato-dos-metalurgicos-taubate-novo-presidente-critica-antiga-gestao-confira-auditoria-nas-contas-da-entidade-e-promete-rever-acordo-com-a-volks","status":"publish","type":"post","link":"https:\/\/www.jornalcontato.com.br\/home\/index.php\/sindicato-dos-metalurgicos-taubate-novo-presidente-critica-antiga-gestao-confira-auditoria-nas-contas-da-entidade-e-promete-rever-acordo-com-a-volks\/","title":{"rendered":"Sindicato dos Metal\u00fargicos Taubat\u00e9: novo presidente critica antiga gest\u00e3o, confira auditoria nas contas da entidade e promete rever acordo com a Volks"},"content":{"rendered":"<p><!--more-->Por Marcos Lim\u00e3o<\/p>\n<p>Candidato da oposi\u00e7\u00e3o nas elei\u00e7\u00f5es do Sindicato dos Metal\u00fargicos, realizadas em maio e junho de 2013, Hernani Oliveira Lobato conseguiu uma expressiva vota\u00e7\u00e3o. Conquistou, por exemplo, vencer nas f\u00e1bricas mais importantes da categoria, a Volks e a Ford.<\/p>\n<p>Na pr\u00e1tica, a vit\u00f3ria de Hernani representa o retorno do Sindicato ao grupo liderado pelo ex-presidente Biro-Biro, atual presidente da Federa\u00e7\u00e3o Estadual dos Metal\u00fargicos (FEM), que ocupar\u00e1 o cargo de vice-presidente na atual gest\u00e3o. Segundo Biro, trata-se de um retorno \u00e0 pol\u00edtica que foca o sindicato e a categoria e n\u00e3o a carreira pol\u00edtica pessoal de um dirigente, como ocorreu durante a gest\u00e3o de Isaac do Carmo.<\/p>\n<p>O evento de posse aconteceu na tarde de quarta-feira, 20, sem a presen\u00e7a Isaac. Ap\u00f3s assumir o cargo, Hernani concedeu entrevista coletiva na qual criticou a antiga gest\u00e3o, confirmou a realiza\u00e7\u00e3o de uma auditoria nas contas da entidade e prometeu rever o acordo firmado entre o sindicato e a empresa Volkswagen, assinado na gest\u00e3o de Isaac do Carmo, por entender que \u201co trabalhador saiu prejudicado\u201d. Na foto, membros da atual diretoria:\u00a0Milson (sec. de finan\u00e7as do sindicato), Hernani (presidente do sindicato) e Biro-biro (vice-presidente do sindicato). Confira os principais trechos da entrevista com Hernani Lobato.<\/p>\n<p><strong>Como \u00e9 o seu contato com os grandes empres\u00e1rios?<\/strong><\/p>\n<p>[S\u00f3] agora que eu vou come\u00e7ar a ter esses contatos. At\u00e9 ent\u00e3o, eu era o Hernani das Volkswagen, n\u00e3o era o Hernani presidente do sindicato. Eu sempre fui um l\u00edder dentro da Volks. Aqui fora poucos me conheciam.<\/p>\n<p><strong>Na gest\u00e3o de Isaac do Carmo as a\u00e7\u00f5es eram pautadas pela partidariza\u00e7\u00e3o, colocando os interesses do PT acima dos interesses dos metal\u00fargicos. Como pretende n\u00e3o seguir por este caminho se o sindicato continua ligado \u00e0 CUT?<\/strong><\/p>\n<p>Defendo a bandeira da CUT e sempre vou defender. Entendo que \u00e9 a melhor central para representar a classe metal\u00fargica. Eu n\u00e3o tenho hoje pretens\u00e3o nenhuma em disputar cargo p\u00fablico. Eu acho que uma das dificuldades da gest\u00e3o anterior foi justamente n\u00e3o saber diferenciar o sindicato do partido. Aqui [no sindicato] eu vou defender a classe metal\u00fargica. A discuss\u00e3o de partido pode ocorrer, mas fora do sindicato. Mas sempre vamos defender as bandeiras da CUT. Uma \u00e9 liberdade de express\u00e3o, a outra \u00e9 democracia. Muita gente fala democracia, mas, na hora de exerc\u00ea-la, esquece o que \u00e9. Uma palavra que \u00e9 f\u00e1cil de falar, mas poucos conseguem exerc\u00ea-la. Foi isso o que aconteceu nessa elei\u00e7\u00e3o do sindicato.<\/p>\n<p><strong>Pretende se filiar ao PT?<\/strong><\/p>\n<p>Pretendo sim.<\/p>\n<p><strong>Por qu\u00ea?<\/strong><\/p>\n<p>O PT precisa de uma cara nova em Taubat\u00e9. Muitos metal\u00fargicos est\u00e3o esperando isso. Eu n\u00e3o sei o momento [da filia\u00e7\u00e3o]. Como eu falei, tenho que separar um pouco a situa\u00e7\u00e3o partid\u00e1ria e do sindicato. Primeiro, a classe metal\u00fargica. N\u00e3o pretendo agora disputar nenhum cargo p\u00fablico. E se um dia eu pretender pode ter certeza que eu vou pedir autoriza\u00e7\u00e3o para aqueles que me colocaram nesta cadeira [de presidente do sindicato], que foram os metal\u00fargicos. At\u00e9 hoje, n\u00e3o vi ningu\u00e9m fazer. Porque se eles acharem que eu estou preparado para representa-los noLegislativo ou Executivo, eles t\u00eam de me dar esta autoriza\u00e7\u00e3o. Como eles confiaram em mim e neste grupo que est\u00e1 chegando para que a gente possa fazer um trabalho melhor do que foi feito at\u00e9 hoje.<\/p>\n<p><strong>Como pretende manter o di\u00e1logo com os pol\u00edticos e com o governo municipal?<\/strong><\/p>\n<p>O di\u00e1logo \u00e9 primordial em todos os aspectos. Eu quero ter um di\u00e1logo com todas as autoridades independente de partidos, at\u00e9 porque eu estou aqui pensando na classe metal\u00fargica. Eu pretendo ter um di\u00e1logo com o prefeito para conseguir atrair mais investimentos, gerando empregos e melhorando as quest\u00f5es da cidade. O di\u00e1logo \u00e9 importante para as duas partes. Eu n\u00e3o posso entrar numa guerra porque, amanh\u00e3 ou depois, pode haver uma crise e eu terei que conversar com o prefeito.<\/p>\n<p><strong>J\u00e1 teve alguma conversa com o prefeito?<\/strong><\/p>\n<p>Uma vez, bem depois da elei\u00e7\u00e3o sindical. Hoje, eu n\u00e3o tenho contato com o prefeito. Eu n\u00e3o posso achar que, por eu defender a CUT, eu n\u00e3o vou ter um di\u00e1logo com o prefeito. Esse vai ser um diferencial tamb\u00e9m do que ocorria na gest\u00e3o passada.<\/p>\n<p><strong>Como e quando ter\u00e1 in\u00edcio a auditoria prometida durante sua campanha?<\/strong><\/p>\n<p>Tem uma pessoa pesquisando algumas empresas [especializadas em realiza\u00e7\u00e3o de auditorias] e essa auditoria vai ocorrer. N\u00e3o estou dizendo que houve ou n\u00e3o desvio. Mas, como estou assumindo uma entidade t\u00e3o importante como essa, eu preciso saber o que aconteceu nesses anos.<\/p>\n<p><strong>Porque quer rever acordo com a Volks?<\/strong><\/p>\n<p>Para procurar melhorar alguns pontos do acordo, mas com toda responsabilidade e equil\u00edbrio. O trabalhador saiu prejudicado em alguns pontos que eu quero rever, mas com responsabilidade. Ningu\u00e9m est\u00e1 dizendo que vai desfazer o acordo, o que seria uma irresponsabilidade. Por esse acordo, ao poucos o [modelo] Gol est\u00e1 saindo daqui e indo para a [f\u00e1brica na via] Anchieta. Todos n\u00f3s sabemos que [o carro] \u00e9 l\u00edder de mercado. E a\u00ed voc\u00ea est\u00e1 apostando num carro novo [para ser fabricado em Taubat\u00e9]. Outro ponto \u00e9 a data-base, uma conquista que foi alterada. Outro ponto \u00e9 a PLR [Participa\u00e7\u00e3o nos Lucros e Resultados]. [Espero] rever esse acordo, porque n\u00e3o fui quem assinou.<\/p>\n","protected":false},"excerpt":{"rendered":"","protected":false},"author":1,"featured_media":7424,"comment_status":"open","ping_status":"open","sticky":false,"template":"","format":"standard","meta":{"footnotes":""},"categories":[7],"tags":[],"class_list":["post-7422","post","type-post","status-publish","format-standard","has-post-thumbnail","hentry","category-reportagem"],"_links":{"self":[{"href":"https:\/\/www.jornalcontato.com.br\/home\/index.php\/wp-json\/wp\/v2\/posts\/7422","targetHints":{"allow":["GET"]}}],"collection":[{"href":"https:\/\/www.jornalcontato.com.br\/home\/index.php\/wp-json\/wp\/v2\/posts"}],"about":[{"href":"https:\/\/www.jornalcontato.com.br\/home\/index.php\/wp-json\/wp\/v2\/types\/post"}],"author":[{"embeddable":true,"href":"https:\/\/www.jornalcontato.com.br\/home\/index.php\/wp-json\/wp\/v2\/users\/1"}],"replies":[{"embeddable":true,"href":"https:\/\/www.jornalcontato.com.br\/home\/index.php\/wp-json\/wp\/v2\/comments?post=7422"}],"version-history":[{"count":5,"href":"https:\/\/www.jornalcontato.com.br\/home\/index.php\/wp-json\/wp\/v2\/posts\/7422\/revisions"}],"predecessor-version":[{"id":7544,"href":"https:\/\/www.jornalcontato.com.br\/home\/index.php\/wp-json\/wp\/v2\/posts\/7422\/revisions\/7544"}],"wp:featuredmedia":[{"embeddable":true,"href":"https:\/\/www.jornalcontato.com.br\/home\/index.php\/wp-json\/wp\/v2\/media\/7424"}],"wp:attachment":[{"href":"https:\/\/www.jornalcontato.com.br\/home\/index.php\/wp-json\/wp\/v2\/media?parent=7422"}],"wp:term":[{"taxonomy":"category","embeddable":true,"href":"https:\/\/www.jornalcontato.com.br\/home\/index.php\/wp-json\/wp\/v2\/categories?post=7422"},{"taxonomy":"post_tag","embeddable":true,"href":"https:\/\/www.jornalcontato.com.br\/home\/index.php\/wp-json\/wp\/v2\/tags?post=7422"}],"curies":[{"name":"wp","href":"https:\/\/api.w.org\/{rel}","templated":true}]}}