{"id":7340,"date":"2013-11-14T16:14:42","date_gmt":"2013-11-14T19:14:42","guid":{"rendered":"http:\/\/jornalcontato.com.br\/home\/?p=7340"},"modified":"2016-04-06T15:13:58","modified_gmt":"2016-04-06T18:13:58","slug":"defensoria-publica-ingressa-com-acao-contra-a-terceirizacao-de-servicos-de-educacao","status":"publish","type":"post","link":"https:\/\/www.jornalcontato.com.br\/home\/index.php\/defensoria-publica-ingressa-com-acao-contra-a-terceirizacao-de-servicos-de-educacao\/","title":{"rendered":"Defensoria P\u00fablica ingressa com a\u00e7\u00e3o contra a terceiriza\u00e7\u00e3o de servi\u00e7os de Educa\u00e7\u00e3o"},"content":{"rendered":"<p>A Defensoria P\u00fablica ingressou com a\u00e7\u00e3o judicial, com pedido de liminar, com o objetivo de suspender os efeitos da Lei Municipal n\u00ba 4.752\/2013,\u00a0que disp\u00f5e sobre as Organiza\u00e7\u00f5es Sociais no munic\u00edpio.\u00a0\u00a0Em suma, a a\u00e7\u00e3o contesta a transfer\u00eancia de administra\u00e7\u00e3o de 78 creches, ber\u00e7\u00e1rios e escolas infantis do sistema p\u00fablico municipal para organiza\u00e7\u00f5es sociais.<\/p>\n<p>No dia 31 de outubro, foi publicado o edital de chamamento p\u00fablico para firmar conv\u00eanios com entidades privadas na \u00e1rea de educa\u00e7\u00e3o de crian\u00e7as de 0 a 5 anos, a um custo estimado de cerca de R$ 14 milh\u00f5es.<\/p>\n<p>Para o Defensor P\u00fablico Wagner Giron de La Torre, autor da a\u00e7\u00e3o, o projeto viola dispositivos constitucionais e legais e n\u00e3o traz qualquer benef\u00edcio para solucionar o d\u00e9ficit de vagas na educa\u00e7\u00e3o infantil em Taubat\u00e9. \u201c\u00c9 uma simples transfer\u00eancia de gest\u00e3o dos equipamentos existentes. N\u00e3o h\u00e1 qualquer obrigatoriedade de as OSs investirem no aumento de vagas no setor\u201d, disse.<\/p>\n","protected":false},"excerpt":{"rendered":"<p>A Defensoria P\u00fablica ingressou com a\u00e7\u00e3o judicial, com pedido de liminar, com o objetivo de suspender os efeitos da Lei Municipal n\u00ba 4.752\/2013,\u00a0que disp\u00f5e sobre &#8230;<\/p>\n","protected":false},"author":1,"featured_media":7341,"comment_status":"open","ping_status":"open","sticky":false,"template":"","format":"standard","meta":{"footnotes":""},"categories":[29,7],"tags":[],"class_list":["post-7340","post","type-post","status-publish","format-standard","has-post-thumbnail","hentry","category-regional","category-reportagem"],"_links":{"self":[{"href":"https:\/\/www.jornalcontato.com.br\/home\/index.php\/wp-json\/wp\/v2\/posts\/7340","targetHints":{"allow":["GET"]}}],"collection":[{"href":"https:\/\/www.jornalcontato.com.br\/home\/index.php\/wp-json\/wp\/v2\/posts"}],"about":[{"href":"https:\/\/www.jornalcontato.com.br\/home\/index.php\/wp-json\/wp\/v2\/types\/post"}],"author":[{"embeddable":true,"href":"https:\/\/www.jornalcontato.com.br\/home\/index.php\/wp-json\/wp\/v2\/users\/1"}],"replies":[{"embeddable":true,"href":"https:\/\/www.jornalcontato.com.br\/home\/index.php\/wp-json\/wp\/v2\/comments?post=7340"}],"version-history":[{"count":4,"href":"https:\/\/www.jornalcontato.com.br\/home\/index.php\/wp-json\/wp\/v2\/posts\/7340\/revisions"}],"predecessor-version":[{"id":11036,"href":"https:\/\/www.jornalcontato.com.br\/home\/index.php\/wp-json\/wp\/v2\/posts\/7340\/revisions\/11036"}],"wp:featuredmedia":[{"embeddable":true,"href":"https:\/\/www.jornalcontato.com.br\/home\/index.php\/wp-json\/wp\/v2\/media\/7341"}],"wp:attachment":[{"href":"https:\/\/www.jornalcontato.com.br\/home\/index.php\/wp-json\/wp\/v2\/media?parent=7340"}],"wp:term":[{"taxonomy":"category","embeddable":true,"href":"https:\/\/www.jornalcontato.com.br\/home\/index.php\/wp-json\/wp\/v2\/categories?post=7340"},{"taxonomy":"post_tag","embeddable":true,"href":"https:\/\/www.jornalcontato.com.br\/home\/index.php\/wp-json\/wp\/v2\/tags?post=7340"}],"curies":[{"name":"wp","href":"https:\/\/api.w.org\/{rel}","templated":true}]}}