{"id":7334,"date":"2013-11-14T13:46:28","date_gmt":"2013-11-14T16:46:28","guid":{"rendered":"http:\/\/jornalcontato.com.br\/home\/?p=7334"},"modified":"2013-11-14T13:46:28","modified_gmt":"2013-11-14T16:46:28","slug":"superacao-apos-acidente-de-trabalho-policial-militar-vira-atleta-cadeirante","status":"publish","type":"post","link":"https:\/\/www.jornalcontato.com.br\/home\/index.php\/superacao-apos-acidente-de-trabalho-policial-militar-vira-atleta-cadeirante\/","title":{"rendered":"Supera\u00e7\u00e3o: ap\u00f3s acidente de trabalho, policial militar vira atleta cadeirante"},"content":{"rendered":"<p><!--more-->Por Jo\u00e3o Gibier \/ Top10Comunica<\/p>\n<p>No ano de 2007, Andr\u00e9 Luis da Rocha Antunes foi obrigado a deixar a farda de policial militar. A decis\u00e3o n\u00e3o foi por op\u00e7\u00e3o, mas sim por circunst\u00e2ncias da vida. Durante o atendimento de ocorr\u00eancia, a queda sobre um muro mudou o futuro do PM que atuava na For\u00e7a T\u00e1tica.<\/p>\n<p>\u201cDevido ao acidente de trabalho, sofri uma les\u00e3o na coluna e tive sequelas nos membros inferiores. Tive que passar por cinco cirurgias e ainda foi preciso colocar marca-passo para controlar a dor, que era intensa. Foram tr\u00eas anos de muita morfina\u201d, lembrou Andr\u00e9.<\/p>\n<p>Com o afastamento definitivo do servi\u00e7o, foi tomado pela depress\u00e3o. O rem\u00e9dio para superar os obst\u00e1culos veio atrav\u00e9s do apoio da fam\u00edlia. Casado e pai de tr\u00eas filhos, Andr\u00e9 descobriu que era poss\u00edvel enfrentar as limita\u00e7\u00f5es f\u00edsicas e principalmente as psicol\u00f3gicas.<\/p>\n<p>\u201cS\u00f3 tenho que agradecer a Deus, esposa, filho e amigos. Eles nunca me abandonaram e sempre ficaram ao meu lado. Al\u00e9m disso, o tratamento com fisioterapia e hidroterapia foi essencial para minha recupera\u00e7\u00e3o\u201d, explicou o PM reformado.<\/p>\n<p>Hoje, aos 36 anos de idade, Andr\u00e9 transformou a depress\u00e3o em alegria de viver. Depois de conhecer o Projeto Esporte para Todos, de Taubat\u00e9, conseguiu enxergar um futuro mais intenso e cheio de surpresas.<\/p>\n<p>\u201cEm agosto deste ano a minha vida teve uma mudan\u00e7a 100% radical em todos os aspectos. Na equipe um sempre aprende com o problema do outro. Me sinto bem n\u00e3o s\u00f3 fisicamente, como psicologicamente. Algo fant\u00e1stico e magn\u00edfico. At\u00e9 o meu relacionamento dentro de casa melhorou\u201d, ressaltou.<\/p>\n<p>Basquete sobre rodas, arremesso de peso e disco s\u00e3o as modalidades que est\u00e3o na rotina de Andr\u00e9 Luis. Mesmo com pouco tempo de experi\u00eancia, j\u00e1 garantiu medalha de ouro na 2\u00aa Copa S\u00e3o Paulo de Paratletismo, realizada em outubro, al\u00e9m do \u00edndice nacional no arremesso de peso. Por\u00e9m se engana quem acha que \u00e9 o suficiente para o esportista. A meta agora \u00e9 a Paralimp\u00edadas do Rio em 2016.<\/p>\n<p>\u201cEstou pr\u00f3ximo de bater o recorde nacional, que \u00e9 de 10,08 metros. Nos treinos j\u00e1 cheguei a 9,80 e sei que posso ir mais longe. Sonho com as Paralimp\u00edadas e sei que isso \u00e9 poss\u00edvel. Com a orienta\u00e7\u00e3o do professor Asdr\u00fabal Nascimento e o apoio da minha fam\u00edlia, posso ir mais al\u00e9m. Quero representar Taubat\u00e9 e o Brasil nas competi\u00e7\u00f5es\u201d, completou o campe\u00e3o.<\/p>\n<p>&nbsp;<\/p>\n","protected":false},"excerpt":{"rendered":"","protected":false},"author":1,"featured_media":7335,"comment_status":"open","ping_status":"open","sticky":false,"template":"","format":"standard","meta":{"footnotes":""},"categories":[7],"tags":[],"class_list":["post-7334","post","type-post","status-publish","format-standard","has-post-thumbnail","hentry","category-reportagem"],"_links":{"self":[{"href":"https:\/\/www.jornalcontato.com.br\/home\/index.php\/wp-json\/wp\/v2\/posts\/7334","targetHints":{"allow":["GET"]}}],"collection":[{"href":"https:\/\/www.jornalcontato.com.br\/home\/index.php\/wp-json\/wp\/v2\/posts"}],"about":[{"href":"https:\/\/www.jornalcontato.com.br\/home\/index.php\/wp-json\/wp\/v2\/types\/post"}],"author":[{"embeddable":true,"href":"https:\/\/www.jornalcontato.com.br\/home\/index.php\/wp-json\/wp\/v2\/users\/1"}],"replies":[{"embeddable":true,"href":"https:\/\/www.jornalcontato.com.br\/home\/index.php\/wp-json\/wp\/v2\/comments?post=7334"}],"version-history":[{"count":2,"href":"https:\/\/www.jornalcontato.com.br\/home\/index.php\/wp-json\/wp\/v2\/posts\/7334\/revisions"}],"predecessor-version":[{"id":7338,"href":"https:\/\/www.jornalcontato.com.br\/home\/index.php\/wp-json\/wp\/v2\/posts\/7334\/revisions\/7338"}],"wp:featuredmedia":[{"embeddable":true,"href":"https:\/\/www.jornalcontato.com.br\/home\/index.php\/wp-json\/wp\/v2\/media\/7335"}],"wp:attachment":[{"href":"https:\/\/www.jornalcontato.com.br\/home\/index.php\/wp-json\/wp\/v2\/media?parent=7334"}],"wp:term":[{"taxonomy":"category","embeddable":true,"href":"https:\/\/www.jornalcontato.com.br\/home\/index.php\/wp-json\/wp\/v2\/categories?post=7334"},{"taxonomy":"post_tag","embeddable":true,"href":"https:\/\/www.jornalcontato.com.br\/home\/index.php\/wp-json\/wp\/v2\/tags?post=7334"}],"curies":[{"name":"wp","href":"https:\/\/api.w.org\/{rel}","templated":true}]}}