{"id":7324,"date":"2013-11-14T12:56:39","date_gmt":"2013-11-14T15:56:39","guid":{"rendered":"http:\/\/jornalcontato.com.br\/home\/?p=7324"},"modified":"2013-11-23T13:06:48","modified_gmt":"2013-11-23T16:06:48","slug":"vera-saba-sobre-as-eleicoes-no-pt-de-taubate-tem-vicios-no-processo-do-comeco-ao-fim-eu-quero-esclarecimentos-em-relacao-a-tudo","status":"publish","type":"post","link":"https:\/\/www.jornalcontato.com.br\/home\/index.php\/vera-saba-sobre-as-eleicoes-no-pt-de-taubate-tem-vicios-no-processo-do-comeco-ao-fim-eu-quero-esclarecimentos-em-relacao-a-tudo\/","title":{"rendered":"Vera Saba sobre as elei\u00e7\u00f5es no PT de Taubat\u00e9: \u201cTem v\u00edcios no processo do come\u00e7o ao fim. Eu quero esclarecimentos em rela\u00e7\u00e3o a tudo\u201d"},"content":{"rendered":"<p><!--more-->Por Marcos Lim\u00e3o<\/p>\n<p>Confira a entrevista exclusiva feita por CONTATO com a vereadora Vera Saba (PT), na tarde de quarta-feira, dia 13 de novembro, durante sess\u00e3o ordin\u00e1ria na C\u00e2mara Municipal de Taubat\u00e9, sobre o Processo de Elei\u00e7\u00f5es Direta no PT. Foto que ilustra esta entrevista retrata momento do debate entre os candidatos a Presid\u00eancia do PT, Salvador Khuriyeh e Vera Saba, realizada no dia 27 de outubro.<\/p>\n<p><strong>Qual a sua avalia\u00e7\u00e3o do PED?<\/strong><strong><\/strong><\/p>\n<p>Estou num momento de reflex\u00e3o de tudo o que aconteceu. Existem processos em andamento em rela\u00e7\u00e3o [aos questionamentos quanto \u00e0 lisura do pleito] \u00e0 resposta da [executiva] estadual e encaminhado recurso na [executiva] nacional. Eu preciso verificar se j\u00e1 obtive um retorno disso pra tomar algumas decis\u00f5es e a\u00e7\u00f5es.<\/p>\n<p><strong>Que decis\u00f5es e a\u00e7\u00f5es s\u00e3o essas?<\/strong><strong><\/strong><\/p>\n<p>Depende muito do que vai ser passado pra mim [pelas executivas estadual e nacional]. Eu fui para o pleito sem ter resposta em rela\u00e7\u00e3o a questionamentos importantes do processo, como a institui\u00e7\u00e3o de uma comiss\u00e3o eleitoral que garantisse a ambas as partes a proporcionalidade, a quest\u00e3o da lista de frequ\u00eancia das atividades, que n\u00f3s n\u00e3o t\u00ednhamos acesso. Solicitamos que houvesse lisura na parte dos contemplados, que se tornaram aptos, que foram tamb\u00e9m de 222 nomes aproximadamente [npumero de votos obtidos por Salvador Khuryieh]. N\u00f3s n\u00e3o tivemos acesso principalmente \u00e0 lista. Tivemos acesso a uma lista que estava completamente desatualizada, com problemas tamb\u00e9m em rela\u00e7\u00e3o a endere\u00e7o [dos filiados]. N\u00f3s sab\u00edamos que isso poderia acontecer, porque n\u00f3s n\u00e3o t\u00ednhamos o dom\u00ednio do processo. Outro questionamento foi o dos aptos, porque no pagamento coletivo, n\u00e3o tem pagamento parcial, existe um pagamento de todos os filiados e os mais de 1 mil filiados [no PT em Taubat\u00e9] n\u00e3o se tornaram aptos. O questionamento que fiz para a Nacional j\u00e1 foi em cima do teor de filiados que deram \u00f3bito e estavam presente nessa lista.<\/p>\n<p><strong>CONTATO encontrou o nome de um morto na lista. Fazendo visita \u00e0s casas, voc\u00ea encontrou mais algu\u00e9m?<\/strong><\/p>\n<p>Tem mais dois casos que foram identificados. \u00c9 preciso identificar esses nomes para fazer um questionamento com a Nacional. Mas somente a dela [reportagem do Jornal CONTATO, edi\u00e7\u00e3o 619, sobre o surgimento de um militante morto na lista de aptos], j\u00e1 foi suficiente para encaminharmos o documento [questionando a lisura]. N\u00f3s demos \u00eanfase na fala do secret\u00e1rio-geral do partido [para CONTATO], que deixou bem claro que a quita\u00e7\u00e3o s\u00f3 poderia ser feito por meio desse pagamento coletivo, desde que todos os filiados do partido fizessem parte desse processo [a quita\u00e7\u00e3o coletiva do PT Taubat\u00e9 n\u00e3o atingiu os mais de mil filiados]. \u00a0Em nenhum momento ele [secret\u00e1rio-geral] estabeleceu os crit\u00e9rios de quem participaria ou n\u00e3o da lista, das atividades. Ficou bem confuso o processo, independente de quantidade de votos, exatamente os votantes [em Salvador Khuriyeh] est\u00e3o dando o n\u00famero de pessoas que foram habilitadas no processo de pagamento coletivo [feito pela comiss\u00e3o eleitoral, que \u00e9 dominada por aliados de Khuriyeh]. Bateu o n\u00famero de acordo com o nosso questionamento.<\/p>\n<p><strong>Voc\u00ea acredita ent\u00e3o que voc\u00ea foi boicotada nessa elei\u00e7\u00e3o?<\/strong><\/p>\n<p><strong>\u00a0\u00a0\u00a0\u00a0\u00a0\u00a0\u00a0\u00a0\u00a0\u00a0\u00a0 <\/strong>Boicotada n\u00e3o. Eu acredito que literalmente o processo tem v\u00edcios, do in\u00edcio ao final. E n\u00f3s precisamos de esclarecimentos, o que ainda n\u00e3o temos.<\/p>\n<p><strong>Mas o grupo que assumiu a presid\u00eancia do PT em Taubat\u00e9 \u00e9 um grupo hegem\u00f4nico tanto na esfera estadual como na federal. Voc\u00ea acredita com esse recurso interno voc\u00ea vai ter algum sucesso?<\/strong><\/p>\n<p><strong>\u00a0\u00a0\u00a0\u00a0\u00a0\u00a0\u00a0\u00a0\u00a0\u00a0\u00a0 <\/strong>Ent\u00e3o, eu fa\u00e7o parte da [corrente] CNB [Construindo um Novo Brasil] e esse grupo tamb\u00e9m se diz CNB. Eu acredito que independente dos grupos que o partido tem, s\u00e3o normativas. O partido tem um estatuto e nesse per\u00edodo ele foi regido por um processo burocr\u00e1tico que regulamenta as elei\u00e7\u00f5es. Ent\u00e3o, tem que ser respeitado, as normas est\u00e3o a\u00ed. O partido \u00e9 muito s\u00e9rio, que defende a democracia, que realiza esse processo eleitoral, de elei\u00e7\u00f5es diretas, onde o filiado tem que ter a certeza e a seguran\u00e7a de que est\u00e1 indo votar, mas num processo que foi l\u00edcito do in\u00edcio ao fim. Ele tem que ter essa certeza, independente da quantidade de votos de um candidato para o outro, que ser garantida a lisura e o cumprimento de todas as normas internas e externas, porque n\u00f3s estamos regidos tamb\u00e9m pela Constitui\u00e7\u00e3o Federal, por valores e princ\u00edpios e que devem ser respeitados.<\/p>\n<p><strong>Houve denuncia de utiliza\u00e7\u00e3o na estrutura do Sindicato dos Metal\u00fargicos a favor da elei\u00e7\u00e3o do Salvador Khuriyeh?<\/strong><\/p>\n<p>Eu um momento eu vi nas redes sociais que estariam utilizando o carro do sindicato para fazer as visitas, eu n\u00e3o tenho provas disso. Eu vi essa publica\u00e7\u00e3o nas redes sociais. N\u00e3o tenho certeza, n\u00e3o tenho isso oficial para dizer. O que sei \u00e9 o que foi divulgado nas redes. Quando chegaram as informa\u00e7\u00f5es que estavam fazendo uso da m\u00e1quina, imediatamente [eles] mudaram a estrat\u00e9gia. Mas \u00e9 um processo que com certeza contou com o apoio do Sindicato dos Metal\u00fargicos. Isso o pr\u00f3ximo presidente vai fazer por meio da auditoria, que tem condi\u00e7\u00f5es de avaliar melhor o uso da m\u00e1quina ou n\u00e3o. Agora eu n\u00e3o tenho como afirmar nada em rela\u00e7\u00e3o a isso.<\/p>\n<p><strong>E voc\u00ea pensa em sair do partido?<\/strong><\/p>\n<p>N\u00e3o me posicionei em rela\u00e7\u00e3o a minha sa\u00edda. Eu n\u00e3o quero sair do Partido dos Trabalhadores, eu n\u00e3o tenho essa inten\u00e7\u00e3o. Primeiro, porque eu tenho identidade ideol\u00f3gica e segundo, porque eu n\u00e3o cometi nenhuma falha no processo, n\u00e3o cometi nenhuma ilegalidade no processo. Quem tem que sair do partido s\u00e3o as pessoas que n\u00e3o respeitam as normas e o estatuto da entidade. Eu acredito que o partido \u00e9 uma institui\u00e7\u00e3o muito forte, est\u00e1 vivendo os melhores momentos no pa\u00eds. O partido est\u00e1 consolidado, tem feito um governo extraordin\u00e1rio de combate a fome e a mis\u00e9ria, gera\u00e7\u00e3o de emprego e renda, ent\u00e3o, eu n\u00e3o vejo que eu deva sair do partido. Eu vejo que ainda n\u00e3o chegamos ao fim desse processo. Eu estou sem respostas e quero as repostas. Quando eu tiver todo o esclarecimento do partido, com fundamenta\u00e7\u00e3o, uma an\u00e1lise, com um di\u00e1logo, a\u00ed sim eu vou analisar de que forma eu vou permanecer. O mais importante no partido \u00e9 a conviv\u00eancia com os filiados, com todo o diret\u00f3rio executivo, a parte da presid\u00eancia, que \u00e9 fundamental ter uma afinidade e uma harmonia, porque eu tenho um mandato no PT.<\/p>\n<p><strong>Foi divulgado que voc\u00ea estaria convencida a sair do partido. Voc\u00ea chegou a receber convites de outras siglas?<\/strong><\/p>\n<p>Hoje [13 de novembro, dia de sess\u00e3o ordin\u00e1ria na C\u00e2mara Municipal de Taubat\u00e9] eu recebi muito respeito dos vereadores de todos os partidos e muitos convites de todos os partidos. Essa conviv\u00eancia aqui me surpreende a cada dia. Uma vereadora de oposi\u00e7\u00e3o tem recebido muitos convites. Ent\u00e3o, hoje \u00e9 um dia que as pessoas est\u00e3o sensibilizadas com todo o processo, as pessoas est\u00e3o muito a par do que aconteceu, antenados, acompanhado nas redes sociais e jornais, e as pessoas est\u00e3o sensibilizadas com o tipo de desgaste que est\u00e3o fazendo a meu respeito, em alguns blogs, nas redes sociais, algumas pessoas de forma perversa, de forma muito maldosa, vem colocando que eu decretei o fim da minha carreira. \u00c9 s\u00f3 o in\u00edcio, e o pol\u00edtico n\u00e3o pode se intimidar, com o tipo de comportamento e conduta de algumas pessoas, que n\u00e3o veem a trajet\u00f3ria nem a hist\u00f3ria do pol\u00edtico e simplesmente querem difamar e desgastar a imagem. Eu n\u00e3o temo nada do processo. Eu vou lutar por justi\u00e7a, eu quero a verdade. Quero que tudo d\u00ea certo para o partido e que ele tenha muito sucesso aqui em Taubat\u00e9, mas s\u00f3 vai ter muito sucesso, se estiver organizado, com pessoas comprometidas atuando de forma muito s\u00e9ria, principalmente, agindo com boa f\u00e9. Isso \u00e9 uma coisa que eu preservo, e jamais vou sair do partido enquanto eu n\u00e3o ver isso acontecendo dentro do partido, ent\u00e3o ainda n\u00e3o \u00e9 o momento da minha sa\u00edda, tenho um mandato, quero concluir o mandato, n\u00e3o tenho pretens\u00f5es ainda, mas eu preciso analisar todo esse contexto. <strong><\/strong><\/p>\n<p><strong>Voc\u00ea acha que o poder fez o PT perder um pouco da sua origem?<\/strong><\/p>\n<p><strong>\u00a0\u00a0\u00a0\u00a0\u00a0\u00a0\u00a0\u00a0\u00a0\u00a0\u00a0 <\/strong>O poder n\u00e3o muda, ele revela. Se voc\u00ea tem car\u00e1ter, n\u00e3o \u00e9 poder quem vai tirar de voc\u00ea, de valores e princ\u00edpios, ele n\u00e3o tira, jamais. O que \u00e9 preciso \u00e9 uma brutal reforma pol\u00edtica, at\u00e9 nos procedimentos de se entrar na pol\u00edtica, de quais s\u00e3o os seus conceitos, quais s\u00e3o os seus desejos reais, come\u00e7a por a\u00ed.<\/p>\n<p>&nbsp;<\/p>\n","protected":false},"excerpt":{"rendered":"","protected":false},"author":1,"featured_media":7325,"comment_status":"open","ping_status":"open","sticky":false,"template":"","format":"standard","meta":{"footnotes":""},"categories":[7],"tags":[],"class_list":["post-7324","post","type-post","status-publish","format-standard","has-post-thumbnail","hentry","category-reportagem"],"_links":{"self":[{"href":"https:\/\/www.jornalcontato.com.br\/home\/index.php\/wp-json\/wp\/v2\/posts\/7324","targetHints":{"allow":["GET"]}}],"collection":[{"href":"https:\/\/www.jornalcontato.com.br\/home\/index.php\/wp-json\/wp\/v2\/posts"}],"about":[{"href":"https:\/\/www.jornalcontato.com.br\/home\/index.php\/wp-json\/wp\/v2\/types\/post"}],"author":[{"embeddable":true,"href":"https:\/\/www.jornalcontato.com.br\/home\/index.php\/wp-json\/wp\/v2\/users\/1"}],"replies":[{"embeddable":true,"href":"https:\/\/www.jornalcontato.com.br\/home\/index.php\/wp-json\/wp\/v2\/comments?post=7324"}],"version-history":[{"count":4,"href":"https:\/\/www.jornalcontato.com.br\/home\/index.php\/wp-json\/wp\/v2\/posts\/7324\/revisions"}],"predecessor-version":[{"id":7328,"href":"https:\/\/www.jornalcontato.com.br\/home\/index.php\/wp-json\/wp\/v2\/posts\/7324\/revisions\/7328"}],"wp:featuredmedia":[{"embeddable":true,"href":"https:\/\/www.jornalcontato.com.br\/home\/index.php\/wp-json\/wp\/v2\/media\/7325"}],"wp:attachment":[{"href":"https:\/\/www.jornalcontato.com.br\/home\/index.php\/wp-json\/wp\/v2\/media?parent=7324"}],"wp:term":[{"taxonomy":"category","embeddable":true,"href":"https:\/\/www.jornalcontato.com.br\/home\/index.php\/wp-json\/wp\/v2\/categories?post=7324"},{"taxonomy":"post_tag","embeddable":true,"href":"https:\/\/www.jornalcontato.com.br\/home\/index.php\/wp-json\/wp\/v2\/tags?post=7324"}],"curies":[{"name":"wp","href":"https:\/\/api.w.org\/{rel}","templated":true}]}}