{"id":7269,"date":"2013-11-01T09:48:25","date_gmt":"2013-11-01T12:48:25","guid":{"rendered":"http:\/\/jornalcontato.com.br\/home\/?p=7269"},"modified":"2013-11-14T13:44:53","modified_gmt":"2013-11-14T16:44:53","slug":"festival-de-musica-brasileira-em-taubate","status":"publish","type":"post","link":"https:\/\/www.jornalcontato.com.br\/home\/index.php\/festival-de-musica-brasileira-em-taubate\/","title":{"rendered":"Festival de M\u00fasica Brasileira em Taubat\u00e9"},"content":{"rendered":"<p><!--more-->Entre os dias 8 e 10 de novembro, acontece o Festival de M\u00fasica Brasileira, que ser\u00e1 realizado Avenida do Povo. O evento \u00e9 competitivo e a premia\u00e7\u00e3o total ser\u00e1 de R$ 50 mil. O festival recebeu 141 inscri\u00e7\u00f5es diferentes partes do pa\u00eds.<br \/>\nOs crit\u00e9rios de julgamento ser\u00e3o: m\u00fasica (melodia, harmonia e ritmo), letra (tema e conte\u00fado), int\u00e9rprete (postura de palco, express\u00e3o e comunica\u00e7\u00e3o) e arranjo (criatividade e originalidade).O corpo de jurados \u00e9 formado pelos m\u00fasicos Cl\u00e1udia Oliveira, Alexandre Picholari e Nat\u00e1lia de Souza Larangeira.<\/p>\n<p>As entidades sociais Casa da Sopa, Lar Irm\u00e3 Am\u00e1lia e Aparte organizar\u00e3o a pra\u00e7a de alimenta\u00e7\u00e3o e as rendas obtidas ser\u00e3o revertidas para essas entidades. Haver\u00e1 ainda exposi\u00e7\u00f5es liter\u00e1rias, artes pl\u00e1sticas e fotografias.<\/p>\n<p>Confira a programa\u00e7\u00e3o:<\/p>\n<p>Dia 08\/11 (sexta-feira)<\/p>\n<p>19h \u2013 Abertura Oficial &#8211; Apresenta\u00e7\u00e3o do Corpo de Jurados: Cl\u00e1udia Oliveira, Alexandre Picholari e Nat\u00e1lia de Souza Larangeira.<\/p>\n<p>19h15 \u00e0s 23h \u2013 1\u00aa Eliminat\u00f3ria &#8211; In\u00edcio das apresenta\u00e7\u00f5es de 15 m\u00fasicas concorrentes<\/p>\n<p>M\u00fasica: EU E VOC\u00ca<br \/>\nCompositores: ARIELLA PARREIRA\/ EMERSON LEAL<br \/>\nTAUBAT\u00c9\/SP<\/p>\n<p>M\u00fasica: SAMBA DA HORA<br \/>\nCompositores: ELAYNE MOREIRA<br \/>\nUBATUBA\/SP<\/p>\n<p>M\u00fasica: LUGAR ADEQUADO<br \/>\nCompositores: GABRIELA DE MORAES\/DIEGO MENEZES<br \/>\nTAUBAT\u00c9\/SP<\/p>\n<p>M\u00fasica: PARA-RAIO<br \/>\nCompositor: RAPHAEL STEIN<br \/>\nTAUBAT\u00c9\/SP<\/p>\n","protected":false},"excerpt":{"rendered":"","protected":false},"author":1,"featured_media":7270,"comment_status":"open","ping_status":"open","sticky":false,"template":"","format":"standard","meta":{"footnotes":""},"categories":[7],"tags":[],"class_list":["post-7269","post","type-post","status-publish","format-standard","has-post-thumbnail","hentry","category-reportagem"],"_links":{"self":[{"href":"https:\/\/www.jornalcontato.com.br\/home\/index.php\/wp-json\/wp\/v2\/posts\/7269","targetHints":{"allow":["GET"]}}],"collection":[{"href":"https:\/\/www.jornalcontato.com.br\/home\/index.php\/wp-json\/wp\/v2\/posts"}],"about":[{"href":"https:\/\/www.jornalcontato.com.br\/home\/index.php\/wp-json\/wp\/v2\/types\/post"}],"author":[{"embeddable":true,"href":"https:\/\/www.jornalcontato.com.br\/home\/index.php\/wp-json\/wp\/v2\/users\/1"}],"replies":[{"embeddable":true,"href":"https:\/\/www.jornalcontato.com.br\/home\/index.php\/wp-json\/wp\/v2\/comments?post=7269"}],"version-history":[{"count":3,"href":"https:\/\/www.jornalcontato.com.br\/home\/index.php\/wp-json\/wp\/v2\/posts\/7269\/revisions"}],"predecessor-version":[{"id":7272,"href":"https:\/\/www.jornalcontato.com.br\/home\/index.php\/wp-json\/wp\/v2\/posts\/7269\/revisions\/7272"}],"wp:featuredmedia":[{"embeddable":true,"href":"https:\/\/www.jornalcontato.com.br\/home\/index.php\/wp-json\/wp\/v2\/media\/7270"}],"wp:attachment":[{"href":"https:\/\/www.jornalcontato.com.br\/home\/index.php\/wp-json\/wp\/v2\/media?parent=7269"}],"wp:term":[{"taxonomy":"category","embeddable":true,"href":"https:\/\/www.jornalcontato.com.br\/home\/index.php\/wp-json\/wp\/v2\/categories?post=7269"},{"taxonomy":"post_tag","embeddable":true,"href":"https:\/\/www.jornalcontato.com.br\/home\/index.php\/wp-json\/wp\/v2\/tags?post=7269"}],"curies":[{"name":"wp","href":"https:\/\/api.w.org\/{rel}","templated":true}]}}