{"id":7261,"date":"2013-11-05T14:01:15","date_gmt":"2013-11-05T17:01:15","guid":{"rendered":"http:\/\/jornalcontato.com.br\/home\/?p=7261"},"modified":"2013-11-05T14:01:15","modified_gmt":"2013-11-05T17:01:15","slug":"gilsinho-o-novo-auxiliar-tecnico-do-burro-da-central","status":"publish","type":"post","link":"https:\/\/www.jornalcontato.com.br\/home\/index.php\/gilsinho-o-novo-auxiliar-tecnico-do-burro-da-central\/","title":{"rendered":"Gilsinho, o novo auxiliar t\u00e9cnico do Burro da Central"},"content":{"rendered":"<p>Gilsinho, ex-jogador e \u00eddolo da torcida, foi anunciado pela diretoria do Esporte Clube Taubat\u00e9 como o novo auxiliar t\u00e9cnico do treinador Jo\u00e3o Abelha, que assumiu o comando do time no dia 29 de outubro. Eles trabalhar\u00e3o juntos para a temporada 2014, que ser\u00e1 marcada pelos 100 anos do Clube.<\/p>\n<p>\u201cEstou muito feliz de estar no Taubat\u00e9, principalmente em um ano t\u00e3o importante como o do centen\u00e1rio. Me sinto muito bem de trabalhar com o Abelha\u201d, disse Gilsinho.<\/p>\n<p>Antes de assumir como \u00a0auxiliar t\u00e9cnico, Gilsinho recusara o convite para\u00a0fazer parte da diretoria do ECT.<\/p>\n<p>&nbsp;<\/p>\n","protected":false},"excerpt":{"rendered":"<p>Gilsinho, ex-jogador e \u00eddolo da torcida, foi anunciado pela diretoria do Esporte Clube Taubat\u00e9 como o novo auxiliar t\u00e9cnico do treinador Jo\u00e3o Abelha, que assumiu &#8230;<\/p>\n","protected":false},"author":1,"featured_media":7262,"comment_status":"open","ping_status":"open","sticky":false,"template":"","format":"standard","meta":{"footnotes":""},"categories":[7],"tags":[],"class_list":["post-7261","post","type-post","status-publish","format-standard","has-post-thumbnail","hentry","category-reportagem"],"_links":{"self":[{"href":"https:\/\/www.jornalcontato.com.br\/home\/index.php\/wp-json\/wp\/v2\/posts\/7261","targetHints":{"allow":["GET"]}}],"collection":[{"href":"https:\/\/www.jornalcontato.com.br\/home\/index.php\/wp-json\/wp\/v2\/posts"}],"about":[{"href":"https:\/\/www.jornalcontato.com.br\/home\/index.php\/wp-json\/wp\/v2\/types\/post"}],"author":[{"embeddable":true,"href":"https:\/\/www.jornalcontato.com.br\/home\/index.php\/wp-json\/wp\/v2\/users\/1"}],"replies":[{"embeddable":true,"href":"https:\/\/www.jornalcontato.com.br\/home\/index.php\/wp-json\/wp\/v2\/comments?post=7261"}],"version-history":[{"count":2,"href":"https:\/\/www.jornalcontato.com.br\/home\/index.php\/wp-json\/wp\/v2\/posts\/7261\/revisions"}],"predecessor-version":[{"id":7264,"href":"https:\/\/www.jornalcontato.com.br\/home\/index.php\/wp-json\/wp\/v2\/posts\/7261\/revisions\/7264"}],"wp:featuredmedia":[{"embeddable":true,"href":"https:\/\/www.jornalcontato.com.br\/home\/index.php\/wp-json\/wp\/v2\/media\/7262"}],"wp:attachment":[{"href":"https:\/\/www.jornalcontato.com.br\/home\/index.php\/wp-json\/wp\/v2\/media?parent=7261"}],"wp:term":[{"taxonomy":"category","embeddable":true,"href":"https:\/\/www.jornalcontato.com.br\/home\/index.php\/wp-json\/wp\/v2\/categories?post=7261"},{"taxonomy":"post_tag","embeddable":true,"href":"https:\/\/www.jornalcontato.com.br\/home\/index.php\/wp-json\/wp\/v2\/tags?post=7261"}],"curies":[{"name":"wp","href":"https:\/\/api.w.org\/{rel}","templated":true}]}}