{"id":7230,"date":"2013-11-04T13:21:47","date_gmt":"2013-11-04T16:21:47","guid":{"rendered":"http:\/\/jornalcontato.com.br\/home\/?p=7230"},"modified":"2016-04-06T15:17:30","modified_gmt":"2016-04-06T18:17:30","slug":"augusto-arid-retorna-com-jazz-bossa-e-convidados","status":"publish","type":"post","link":"https:\/\/www.jornalcontato.com.br\/home\/index.php\/augusto-arid-retorna-com-jazz-bossa-e-convidados\/","title":{"rendered":"Augusto Arid retorna com jazz, bossa e convidados"},"content":{"rendered":"<p><!--more-->Em abril, ficou com gosto de quero mais o belo espet\u00e1culo protagonizado por Arid e seus convidados em noite de jazz e bossa. Atendendo ao apelo do p\u00fablico que curte esse tipo de m\u00fasica, o TCC realiza na noite de 7 de novembro a segunda noite de Jazz &amp; Bossa Nova. O local \u00e9 o mesmo: sal\u00e3o nobre do TCC. As novidades est\u00e3o por conta das novas forma\u00e7\u00f5es e do repert\u00f3rio repleto de novidades. Afinal, em maio deste ano Augusto se apresentou na Fran\u00e7a, na casa noturna Saint Jean, em Mont Martre, com o guitarrista S\u00eddney Rodrigues. O saxofonista Raul Mascarenhas, com quem Augusto tocou quando ele era marido de Faf\u00e1 do Bel\u00e9m, e vive na Fran\u00e7a h\u00e1 20 anos, fez quest\u00e3o de prestigiar Augusto com quem deu uma canja inesquec\u00edvel.<\/p>\n<p>Servi\u00e7o: \u00c0s 21 horas de 7 de novembro, quinta-feira, no sal\u00e3o nobre do TCC. Mesa: R$ 40,00 para s\u00f3cios e n\u00e3o s\u00f3cios. Por\u00e9m, os n\u00e3o s\u00f3cios pagam mais R$ 5,00 por pessoa, al\u00e9m do valor da mesa.<\/p>\n","protected":false},"excerpt":{"rendered":"","protected":false},"author":1,"featured_media":7234,"comment_status":"open","ping_status":"open","sticky":false,"template":"","format":"standard","meta":{"footnotes":""},"categories":[29,7],"tags":[],"class_list":["post-7230","post","type-post","status-publish","format-standard","has-post-thumbnail","hentry","category-regional","category-reportagem"],"_links":{"self":[{"href":"https:\/\/www.jornalcontato.com.br\/home\/index.php\/wp-json\/wp\/v2\/posts\/7230","targetHints":{"allow":["GET"]}}],"collection":[{"href":"https:\/\/www.jornalcontato.com.br\/home\/index.php\/wp-json\/wp\/v2\/posts"}],"about":[{"href":"https:\/\/www.jornalcontato.com.br\/home\/index.php\/wp-json\/wp\/v2\/types\/post"}],"author":[{"embeddable":true,"href":"https:\/\/www.jornalcontato.com.br\/home\/index.php\/wp-json\/wp\/v2\/users\/1"}],"replies":[{"embeddable":true,"href":"https:\/\/www.jornalcontato.com.br\/home\/index.php\/wp-json\/wp\/v2\/comments?post=7230"}],"version-history":[{"count":5,"href":"https:\/\/www.jornalcontato.com.br\/home\/index.php\/wp-json\/wp\/v2\/posts\/7230\/revisions"}],"predecessor-version":[{"id":11074,"href":"https:\/\/www.jornalcontato.com.br\/home\/index.php\/wp-json\/wp\/v2\/posts\/7230\/revisions\/11074"}],"wp:featuredmedia":[{"embeddable":true,"href":"https:\/\/www.jornalcontato.com.br\/home\/index.php\/wp-json\/wp\/v2\/media\/7234"}],"wp:attachment":[{"href":"https:\/\/www.jornalcontato.com.br\/home\/index.php\/wp-json\/wp\/v2\/media?parent=7230"}],"wp:term":[{"taxonomy":"category","embeddable":true,"href":"https:\/\/www.jornalcontato.com.br\/home\/index.php\/wp-json\/wp\/v2\/categories?post=7230"},{"taxonomy":"post_tag","embeddable":true,"href":"https:\/\/www.jornalcontato.com.br\/home\/index.php\/wp-json\/wp\/v2\/tags?post=7230"}],"curies":[{"name":"wp","href":"https:\/\/api.w.org\/{rel}","templated":true}]}}