{"id":7199,"date":"2013-10-29T15:47:03","date_gmt":"2013-10-29T18:47:03","guid":{"rendered":"http:\/\/jornalcontato.com.br\/home\/?p=7199"},"modified":"2013-11-13T09:44:47","modified_gmt":"2013-11-13T12:44:47","slug":"ex-reitora-prestara-depoimento-e-vereadores-pedem-afastamento-do-setor-de-compras","status":"publish","type":"post","link":"https:\/\/www.jornalcontato.com.br\/home\/index.php\/ex-reitora-prestara-depoimento-e-vereadores-pedem-afastamento-do-setor-de-compras\/","title":{"rendered":"Ex-reitora prestar\u00e1 depoimento e vereadores pedem afastamento do setor de Compras"},"content":{"rendered":"<p><!--more-->Por Marcos Lim\u00e3o<\/p>\n<p>Est\u00e1 agendado para o dia 7 de novembro, \u00e0s 15h, o depoimento da ex-reitora Maria Lucila Junqueira Barbosa. Sua temer\u00e1ria gest\u00e3o (2006\/2010) \u00e9 o principal foco da CPI, haja vista o rombo de aproximadamente R$ 50 milh\u00f5es nas finan\u00e7as da UNITAU no final de mandato. Como condi\u00e7\u00e3o para comparecer \u00e0 CPI, a ex-reitora exigiu que seu relato n\u00e3o fosse acompanhado pela imprensa. Tamb\u00e9m ser\u00e1 colhido o depoimento de Marisa de Moura Marques, pr\u00f3-reitora de Economia e Finan\u00e7as na gest\u00e3o da ex-reitora.<\/p>\n<p>Assim que assumiu o cargo, em 2006, Lucila designou Jo\u00e3o Irineu Marques, marido da ent\u00e3o pr\u00f3-reitora de Economia e Finan\u00e7as, para o cargo Chefe da Procuradoria Jur\u00eddica da UNITAU. Em vista disso, o Minist\u00e9rio P\u00fablico ingressou com a\u00e7\u00e3o judicial e conseguiu a condena\u00e7\u00e3o deles, Lucila e Jo\u00e3o Irineu, por improbidade administrativa, pois o cargo deveria ser ocupado mediante concurso p\u00fablico e o advogado n\u00e3o pertencia ao quadro de funcion\u00e1rios. Jo\u00e3o Irineu Marques foi procurado pela reportagem, mas n\u00e3o quis se manifestar.<\/p>\n<p>Presidente da CPI da UNITAU, vereador Douglas Carbonne (PC do B) pediu o afastamento de todos os funcion\u00e1rios do setor de Compras e a demiss\u00e3o do atual pr\u00f3-reitor de Economia e Finan\u00e7as, Luciano Marcondes. \u201cO setor de Compras est\u00e1 viciado. Temos que estancar a hemorragia antes que o paciente [a UNITAU] morra\u201d, afirmou o parlamentar.<\/p>\n<p>Segundo Carbonne, a CPI conseguiu a comprova\u00e7\u00e3o de que h\u00e1 dois anos a UNITAU faz compras sem licita\u00e7\u00e3o de materiais de papelaria junto a uma empresa que pertenceria ao marido de uma das funcion\u00e1rias do setor de Compras. O pedido de demiss\u00e3o de Luciano Marcondes foi justificado pelo fato dele ser o ordenador de despesa na UNITAU.<\/p>\n<p>Os vereadores tamb\u00e9m questionam a presen\u00e7a da M\u00e1rcia Regina Rosa no setor de Compras, que ingressou na UNITAU por meio de concurso p\u00fablico para o cargo de servente e foi designada para o setor de Compras pela ent\u00e3o reitora Maria Lucila. \u201cO professor Jos\u00e9 Rui [atual reitor] disse que vai analisar [a proposta de demiss\u00f5es] e vai tomar as medidas se tiver provas. Qual o crit\u00e9rio para nomear a M\u00e1rcia para o setor de Compras? Parece que houve nomea\u00e7\u00f5es espec\u00edficas. Queremos descobrir com qual objetivo\u201d, declarou Carbonne.<\/p>\n","protected":false},"excerpt":{"rendered":"","protected":false},"author":1,"featured_media":7200,"comment_status":"open","ping_status":"open","sticky":false,"template":"","format":"standard","meta":{"footnotes":""},"categories":[7],"tags":[],"class_list":["post-7199","post","type-post","status-publish","format-standard","has-post-thumbnail","hentry","category-reportagem"],"_links":{"self":[{"href":"https:\/\/www.jornalcontato.com.br\/home\/index.php\/wp-json\/wp\/v2\/posts\/7199","targetHints":{"allow":["GET"]}}],"collection":[{"href":"https:\/\/www.jornalcontato.com.br\/home\/index.php\/wp-json\/wp\/v2\/posts"}],"about":[{"href":"https:\/\/www.jornalcontato.com.br\/home\/index.php\/wp-json\/wp\/v2\/types\/post"}],"author":[{"embeddable":true,"href":"https:\/\/www.jornalcontato.com.br\/home\/index.php\/wp-json\/wp\/v2\/users\/1"}],"replies":[{"embeddable":true,"href":"https:\/\/www.jornalcontato.com.br\/home\/index.php\/wp-json\/wp\/v2\/comments?post=7199"}],"version-history":[{"count":4,"href":"https:\/\/www.jornalcontato.com.br\/home\/index.php\/wp-json\/wp\/v2\/posts\/7199\/revisions"}],"predecessor-version":[{"id":7203,"href":"https:\/\/www.jornalcontato.com.br\/home\/index.php\/wp-json\/wp\/v2\/posts\/7199\/revisions\/7203"}],"wp:featuredmedia":[{"embeddable":true,"href":"https:\/\/www.jornalcontato.com.br\/home\/index.php\/wp-json\/wp\/v2\/media\/7200"}],"wp:attachment":[{"href":"https:\/\/www.jornalcontato.com.br\/home\/index.php\/wp-json\/wp\/v2\/media?parent=7199"}],"wp:term":[{"taxonomy":"category","embeddable":true,"href":"https:\/\/www.jornalcontato.com.br\/home\/index.php\/wp-json\/wp\/v2\/categories?post=7199"},{"taxonomy":"post_tag","embeddable":true,"href":"https:\/\/www.jornalcontato.com.br\/home\/index.php\/wp-json\/wp\/v2\/tags?post=7199"}],"curies":[{"name":"wp","href":"https:\/\/api.w.org\/{rel}","templated":true}]}}