{"id":7189,"date":"2013-10-25T16:18:42","date_gmt":"2013-10-25T19:18:42","guid":{"rendered":"http:\/\/jornalcontato.com.br\/home\/?p=7189"},"modified":"2013-11-13T09:44:39","modified_gmt":"2013-11-13T12:44:39","slug":"vera-saba-cuidado-com-os-batedores-de-voto-do-pt","status":"publish","type":"post","link":"https:\/\/www.jornalcontato.com.br\/home\/index.php\/vera-saba-cuidado-com-os-batedores-de-voto-do-pt\/","title":{"rendered":"Vera Saba, cuidado com os batedores de voto do PT"},"content":{"rendered":"<p><!--more-->No m\u00eas de novembro haver\u00e1 elei\u00e7\u00f5es em todo o Brasil para o Partido dos Trabalhadores. Qual \u00e9 sua\u00a0conclus\u00e3o depois de ler: \u201cO recurso de uma ata que foi fraudada deve ser feito imediatamente. Pouca coisa pode ser feita depois do resultado\u201d. Quem escreve isso? Trata-se do item 11 da cartilha \u201c13 orienta\u00e7\u00f5es para a fiscaliza\u00e7\u00e3o militante\u201d produzida pela corrente petista Mensagem ao Partido, do governador ga\u00facho Tarso Genro e do ministro da Justi\u00e7a Jos\u00e9 Eduardo Cardoso. Leia <a href=\"http:\/\/digital.estadao.com.br\/download\/pdf\/2013\/10\/25\/A7.pdf\">AQUI<\/a> a reportagem veiculada hoje no Estad\u00e3o.<\/p>\n","protected":false},"excerpt":{"rendered":"","protected":false},"author":1,"featured_media":7190,"comment_status":"open","ping_status":"open","sticky":false,"template":"","format":"standard","meta":{"footnotes":""},"categories":[7],"tags":[],"class_list":["post-7189","post","type-post","status-publish","format-standard","has-post-thumbnail","hentry","category-reportagem"],"_links":{"self":[{"href":"https:\/\/www.jornalcontato.com.br\/home\/index.php\/wp-json\/wp\/v2\/posts\/7189","targetHints":{"allow":["GET"]}}],"collection":[{"href":"https:\/\/www.jornalcontato.com.br\/home\/index.php\/wp-json\/wp\/v2\/posts"}],"about":[{"href":"https:\/\/www.jornalcontato.com.br\/home\/index.php\/wp-json\/wp\/v2\/types\/post"}],"author":[{"embeddable":true,"href":"https:\/\/www.jornalcontato.com.br\/home\/index.php\/wp-json\/wp\/v2\/users\/1"}],"replies":[{"embeddable":true,"href":"https:\/\/www.jornalcontato.com.br\/home\/index.php\/wp-json\/wp\/v2\/comments?post=7189"}],"version-history":[{"count":2,"href":"https:\/\/www.jornalcontato.com.br\/home\/index.php\/wp-json\/wp\/v2\/posts\/7189\/revisions"}],"predecessor-version":[{"id":7309,"href":"https:\/\/www.jornalcontato.com.br\/home\/index.php\/wp-json\/wp\/v2\/posts\/7189\/revisions\/7309"}],"wp:featuredmedia":[{"embeddable":true,"href":"https:\/\/www.jornalcontato.com.br\/home\/index.php\/wp-json\/wp\/v2\/media\/7190"}],"wp:attachment":[{"href":"https:\/\/www.jornalcontato.com.br\/home\/index.php\/wp-json\/wp\/v2\/media?parent=7189"}],"wp:term":[{"taxonomy":"category","embeddable":true,"href":"https:\/\/www.jornalcontato.com.br\/home\/index.php\/wp-json\/wp\/v2\/categories?post=7189"},{"taxonomy":"post_tag","embeddable":true,"href":"https:\/\/www.jornalcontato.com.br\/home\/index.php\/wp-json\/wp\/v2\/tags?post=7189"}],"curies":[{"name":"wp","href":"https:\/\/api.w.org\/{rel}","templated":true}]}}