{"id":7076,"date":"2013-10-09T10:21:20","date_gmt":"2013-10-09T13:21:20","guid":{"rendered":"http:\/\/jornalcontato.com.br\/home\/?p=7076"},"modified":"2016-04-06T15:17:48","modified_gmt":"2016-04-06T18:17:48","slug":"paulo-lacerda-reporter-do-contato-assume-mandato-de-deputado-federal-jovem","status":"publish","type":"post","link":"https:\/\/www.jornalcontato.com.br\/home\/index.php\/paulo-lacerda-reporter-do-contato-assume-mandato-de-deputado-federal-jovem\/","title":{"rendered":"Paulo Lacerda, rep\u00f3rter do CONTATO, assume mandato de deputado federal jovem"},"content":{"rendered":"<p>Aluno da Escola Municipal Prof. Jos\u00e9 Ezequiel de Souza de Taubat\u00e9 e rep\u00f3rter do Jornal CONTATO, Paulo Henrique Lacerda, 16 anos, foi o primeiro deputado federal jovem eleito na hist\u00f3ria de Taubat\u00e9. Ele tomou posse do cargo no dia 24 de setembro e seu mandato tem dura\u00e7\u00e3o de 12 meses.<\/p>\n<p>Paulo Lacerda participou da jornada parlamentar no Congresso Nacional, realizada em Bras\u00edlia entre os dias 22 e 27 de setembro, por meio do programa \u201cParlamento Jovem Federal\u201d, fornecido pela C\u00e2mara dos Deputados com o intuito de proporcionar participa\u00e7\u00e3o ativa de jovens no \u00e2mbito parlamentar. Para poder participar deste programa, Paulo Lacerda elaborou um projeto de lei que disp\u00f5e sobre a instala\u00e7\u00e3o de usinas incineradoras de lixo com fins energ\u00e9ticos.<\/p>\n<p>Tal usina funcionaria da seguinte forma: res\u00edduos s\u00f3lidos que n\u00e3o possam mais ser reciclados ou reutilizados seriam processados nas usinas, de forma ecoeficiente, com o uso da tecnologia do plasma t\u00e9rmico, que n\u00e3o emite nenhum g\u00e1s poluente. A energia liberada no processo de \u201ccombust\u00e3o\u201d das turbinas seria usada para a produ\u00e7\u00e3o de energia el\u00e9trica, restando como produto final apenas 3% do volume inicial de res\u00edduos em forma de cinzas, que tamb\u00e9m pode ser utilizado na pavimenta\u00e7\u00e3o de ruas. Desta forma, o projeto encaixa-se nas diretrizes do Plano Nacional de Res\u00edduos S\u00f3lidos, auxiliando em uma de suas determina\u00e7\u00f5es que prev\u00ea que at\u00e9 2020 todos os munic\u00edpios implantem aterros sanit\u00e1rios em detrimento aos vazadouros.<\/p>\n<p>No total, cerca de 1700 projetos foram enviados. Mas apenas 78 jovens participaram da Jornada Parlamentar. Foram os adolescentes que tiveram seus projetos selecionados pela consultoria jur\u00eddica da C\u00e2mara Federal. O projeto de lei elaborado por Paulo Lacerda, com o aux\u00edlio de Carlos Eduardo Rodrigues, professor de geografia do Ezequiel, foi o \u00fanico a conseguir nota m\u00e1xima.<\/p>\n<p>\u201cFoi um trabalho que envolveu bastante pesquisa. Ele \u00e9 importante porque aproxima o aluno da pol\u00edtica, que \u00e9 fundamental para o exerc\u00edcio da cidadania. Como professor, acredito na relev\u00e2ncia de lev\u00e1-lo a pensar na sociedade, vendo os problemas e apontando solu\u00e7\u00f5es. Isso \u00e9 se colocar como um elemento transformador\u201d, disse Rodrigues.<\/p>\n<p>Ap\u00f3s serem devidamente empossados no Plen\u00e1rio Ulysses Guimar\u00e3es, os deputados federais jovens puderam conhecer todo o tr\u00e2mite daquela Casa Legislativa. Palestras sobre constitucionalidade, an\u00e1lise or\u00e7ament\u00e1ria e educa\u00e7\u00e3o fiscal fizeram parte da rotina dos jovens deputados. Elei\u00e7\u00f5es com voto fechado para a escolha da presid\u00eancia, designa\u00e7\u00f5es para a presid\u00eancia das comiss\u00f5es, escolha de l\u00edderes das comiss\u00f5es, embates ideol\u00f3gicos, tudo isso fez parte da simula\u00e7\u00e3o parlamentar. Depois de intensas articula\u00e7\u00f5es, Paulo Lacerda foi designado para a Presid\u00eancia da Comiss\u00e3o de Agricultura e Meio Ambiente.<\/p>\n<p>Dos 78 projetos que foram \u00e0 Bras\u00edlia, apenas cinco deles foram aprovados na plen\u00e1ria final. Dentre eles, estava o projeto do deputado representante de Taubat\u00e9, que fora aprovado com 77% dos votos. Agora, os projetos aprovados ser\u00e3o encaminhados \u00e0 Comiss\u00e3o de Legisla\u00e7\u00e3o Participativa. Caso algum deputado federal se interesse pelas propostas, eles poder\u00e3o apresenta-las em forma de projeto de lei.<\/p>\n","protected":false},"excerpt":{"rendered":"<p>Aluno da Escola Municipal Prof. Jos\u00e9 Ezequiel de Souza de Taubat\u00e9 e rep\u00f3rter do Jornal CONTATO, Paulo Henrique Lacerda, 16 anos, foi o primeiro deputado &#8230;<\/p>\n","protected":false},"author":1,"featured_media":7077,"comment_status":"open","ping_status":"open","sticky":false,"template":"","format":"standard","meta":{"footnotes":""},"categories":[29,7],"tags":[],"class_list":["post-7076","post","type-post","status-publish","format-standard","has-post-thumbnail","hentry","category-regional","category-reportagem"],"_links":{"self":[{"href":"https:\/\/www.jornalcontato.com.br\/home\/index.php\/wp-json\/wp\/v2\/posts\/7076","targetHints":{"allow":["GET"]}}],"collection":[{"href":"https:\/\/www.jornalcontato.com.br\/home\/index.php\/wp-json\/wp\/v2\/posts"}],"about":[{"href":"https:\/\/www.jornalcontato.com.br\/home\/index.php\/wp-json\/wp\/v2\/types\/post"}],"author":[{"embeddable":true,"href":"https:\/\/www.jornalcontato.com.br\/home\/index.php\/wp-json\/wp\/v2\/users\/1"}],"replies":[{"embeddable":true,"href":"https:\/\/www.jornalcontato.com.br\/home\/index.php\/wp-json\/wp\/v2\/comments?post=7076"}],"version-history":[{"count":4,"href":"https:\/\/www.jornalcontato.com.br\/home\/index.php\/wp-json\/wp\/v2\/posts\/7076\/revisions"}],"predecessor-version":[{"id":11077,"href":"https:\/\/www.jornalcontato.com.br\/home\/index.php\/wp-json\/wp\/v2\/posts\/7076\/revisions\/11077"}],"wp:featuredmedia":[{"embeddable":true,"href":"https:\/\/www.jornalcontato.com.br\/home\/index.php\/wp-json\/wp\/v2\/media\/7077"}],"wp:attachment":[{"href":"https:\/\/www.jornalcontato.com.br\/home\/index.php\/wp-json\/wp\/v2\/media?parent=7076"}],"wp:term":[{"taxonomy":"category","embeddable":true,"href":"https:\/\/www.jornalcontato.com.br\/home\/index.php\/wp-json\/wp\/v2\/categories?post=7076"},{"taxonomy":"post_tag","embeddable":true,"href":"https:\/\/www.jornalcontato.com.br\/home\/index.php\/wp-json\/wp\/v2\/tags?post=7076"}],"curies":[{"name":"wp","href":"https:\/\/api.w.org\/{rel}","templated":true}]}}