{"id":6972,"date":"2013-09-24T14:25:19","date_gmt":"2013-09-24T17:25:19","guid":{"rendered":"http:\/\/jornalcontato.com.br\/home\/?p=6972"},"modified":"2016-04-06T15:18:05","modified_gmt":"2016-04-06T18:18:05","slug":"unitau-sedia-34a-jornada-agronomica-evento-aberto-ao-publico","status":"publish","type":"post","link":"https:\/\/www.jornalcontato.com.br\/home\/index.php\/unitau-sedia-34a-jornada-agronomica-evento-aberto-ao-publico\/","title":{"rendered":"UNITAU sedia 34\u00aa Jornada Agron\u00f4mica. Evento aberto ao p\u00fablico"},"content":{"rendered":"<p><span style=\"font-family: Arial; font-size: medium;\">De 26 a 28 de setembro, o Departamento de Ci\u00eancias Agr\u00e1rias da UNITAU sedia a 34\u00aa Jornada Agron\u00f4mica, cujo tema ser\u00e1 \u201cTend\u00eancias do cultivo protegido e empreendedorismo rural\u201d. O evento visa discutir novas t\u00e9cnicas, tecnologias e tem\u00e1ticas relacionadas \u00e0 produ\u00e7\u00e3o agr\u00edcola, al\u00e9m de aproximar alunos com empresas do ramo e profissionais da \u00e1rea. O<\/span><span style=\"font-family: Arial; font-size: medium;\">\u00a0evento \u00e9 aberto ao p\u00fablico.\u00a0<\/span><span style=\"font-family: Arial; font-size: medium;\">Mais informa\u00e7\u00f5es podem ser obtidas no telefone (12) 3625-4118 ou no site\u00a0<\/span><a style=\"font-family: Arial; font-size: medium;\" href=\"http:\/\/www.agro.unitau.com.br\/\" target=\"_blank\">www.agro.unitau.com.br<\/a><span style=\"font-family: Arial; font-size: medium;\">. O Departamento de Ci\u00eancias Agr\u00e1rias est\u00e1 localizado na Estrada Municipal Dr. Jos\u00e9 Luiz Cembranelli, 5.000, no bairro do Itaim.<\/span><\/p>\n<p>&nbsp;<\/p>\n","protected":false},"excerpt":{"rendered":"<p>De 26 a 28 de setembro, o Departamento de Ci\u00eancias Agr\u00e1rias da UNITAU sedia a 34\u00aa Jornada Agron\u00f4mica, cujo tema ser\u00e1 \u201cTend\u00eancias do cultivo protegido &#8230;<\/p>\n","protected":false},"author":1,"featured_media":6973,"comment_status":"open","ping_status":"open","sticky":false,"template":"","format":"standard","meta":{"footnotes":""},"categories":[29,7],"tags":[],"class_list":["post-6972","post","type-post","status-publish","format-standard","has-post-thumbnail","hentry","category-regional","category-reportagem"],"_links":{"self":[{"href":"https:\/\/www.jornalcontato.com.br\/home\/index.php\/wp-json\/wp\/v2\/posts\/6972","targetHints":{"allow":["GET"]}}],"collection":[{"href":"https:\/\/www.jornalcontato.com.br\/home\/index.php\/wp-json\/wp\/v2\/posts"}],"about":[{"href":"https:\/\/www.jornalcontato.com.br\/home\/index.php\/wp-json\/wp\/v2\/types\/post"}],"author":[{"embeddable":true,"href":"https:\/\/www.jornalcontato.com.br\/home\/index.php\/wp-json\/wp\/v2\/users\/1"}],"replies":[{"embeddable":true,"href":"https:\/\/www.jornalcontato.com.br\/home\/index.php\/wp-json\/wp\/v2\/comments?post=6972"}],"version-history":[{"count":4,"href":"https:\/\/www.jornalcontato.com.br\/home\/index.php\/wp-json\/wp\/v2\/posts\/6972\/revisions"}],"predecessor-version":[{"id":11079,"href":"https:\/\/www.jornalcontato.com.br\/home\/index.php\/wp-json\/wp\/v2\/posts\/6972\/revisions\/11079"}],"wp:featuredmedia":[{"embeddable":true,"href":"https:\/\/www.jornalcontato.com.br\/home\/index.php\/wp-json\/wp\/v2\/media\/6973"}],"wp:attachment":[{"href":"https:\/\/www.jornalcontato.com.br\/home\/index.php\/wp-json\/wp\/v2\/media?parent=6972"}],"wp:term":[{"taxonomy":"category","embeddable":true,"href":"https:\/\/www.jornalcontato.com.br\/home\/index.php\/wp-json\/wp\/v2\/categories?post=6972"},{"taxonomy":"post_tag","embeddable":true,"href":"https:\/\/www.jornalcontato.com.br\/home\/index.php\/wp-json\/wp\/v2\/tags?post=6972"}],"curies":[{"name":"wp","href":"https:\/\/api.w.org\/{rel}","templated":true}]}}