{"id":6966,"date":"2013-09-19T23:39:21","date_gmt":"2013-09-20T02:39:21","guid":{"rendered":"http:\/\/jornalcontato.com.br\/home\/?p=6966"},"modified":"2013-10-01T10:46:46","modified_gmt":"2013-10-01T13:46:46","slug":"edicao-613-do-jornal-contato","status":"publish","type":"post","link":"https:\/\/www.jornalcontato.com.br\/home\/index.php\/edicao-613-do-jornal-contato\/","title":{"rendered":"Edi\u00e7\u00e3o 613 do Jornal CONTATO"},"content":{"rendered":"<p><!--more--><!--more-->Confira os temperos de Tia Anast\u00e1cia da edi\u00e7\u00e3o 613<\/p>\n<p>MAIS TEMPESTADES \u00c0 VISTA? 1<\/p>\n<p>Um pindense com tr\u00e2nsito livre em muitas esferas do poder confidenciou ao sobrinho preferido de Tia Anast\u00e1cia que novas den\u00fancias estariam sendo urdidas para torpedear os Ortiz \u2013 pai e filho \u2013 na Justi\u00e7a. \u201cQuem ser\u00e1 o autor dessa vez?\u201d, pensa em voz alta Tia Anast\u00e1cia.<\/p>\n<p>MAIS TEMPESTADES \u00c0 VISTA? 2<\/p>\n<p>Uma volta pelos caf\u00e9s e botecos da terra de Lobato foi suficiente para captar dois nomes: o ex-deputado Ary Kara e o engenheiro Chico Oiring. Houve at\u00e9 quem balbuciou de forma quase inintelig\u00edvel o nome de Djalma Santos, o algoz. Isso mesmo, aquele lobista que denunciou os Ortiz depois que, segundo ele pr\u00f3prio, foi escanteado na partilha do botim do cartel.<\/p>\n<p>MAIS TEMPESTADES \u00c0 VISTA? 3<\/p>\n<p>Ary Kara nega de p\u00e9s juntos qualquer v\u00ednculo. \u201cEstou afastado da pol\u00edtica. Passei todo o m\u00eas de julho, por exemplo, em Mato Grosso. Pol\u00edtica s\u00f3 na campanha de 2014.\u201d E Aryzinho? \u201cN\u00e3o ser\u00e1 candidato a nada\u201d, respondeu o cacique do PMDB na regi\u00e3o.<\/p>\n<p>MAIS TEMPESTADES \u00c0 VISTA? 4<\/p>\n<p>E o Chico Oiring? \u201c\u00c9 meu amigo. Minha casa est\u00e1 sempre de portas abertas para os amigos. Chico esteve em casa recentemente, mas n\u00e3o tocamos nesse assunto\u201d. E o Djalma Santos? \u201cFaz mais de dois anos que n\u00e3o o vejo. Mas \u00e9 uma pessoa legal\u201d, encerra Ary Kara.<\/p>\n<p>MAIS TEMPESTADES \u00c0 VISTA? 5<\/p>\n<p>Chico Oiring nega que tenha novas den\u00fancias contra os Ortiz. \u201cPode ter havido uma confus\u00e3o. Estou sabendo extraoficialmente que um dos processos que a ju\u00edza declarou haver litispend\u00eancia (assunto j\u00e1 abordado em outro processo) para extingui-lo (sem entrar no m\u00e9rito) teria retornado a Taubat\u00e9 para que Justi\u00e7a ou\u00e7a as testemunhas. Eu sou uma das seis (testemunhas).\u201d Tias Anast\u00e1cia cofia suas madeixas e filosofa: \u201cEsse Oiring ainda vai dar muito trabalho aos Ortiz\u201d.<\/p>\n<p>Cpi da Unitau 1<\/p>\n<p>S\u00f3 dois vereadores \u2013 Joffre Neto (PSB) e Jo\u00e3o Marcos Vidal (PSB) \u2013 n\u00e3o quiseram assinar o requerimento para a cria\u00e7\u00e3o da CPI da UNITAU, que pretende tamb\u00e9m investigar o IPMT, a FUST e a FUNCABES. O pedido foi apresentado pelo vereador Alexandre Villela (PMDB). O requerimento ser\u00e1 lido na sess\u00e3o ordin\u00e1ria de quarta-feira, dia 25.<\/p>\n<p>Cpi da Unitau 2<\/p>\n<p>\u201cN\u00e3o \u00e9 para falar mal da UNITAU. \u00c9 para dar uma luz no fim do t\u00fanel. Hoje n\u00f3s temos um patrim\u00f4nio que \u00e9 de Taubat\u00e9 e precisamos ver como est\u00e3o as suas finan\u00e7as para preserv\u00e1-lo\u201d, disse o peemedebista.<\/p>\n<p>Cpi da Unitau 3<\/p>\n<p>Mostrou-se in\u00f3cua a estrat\u00e9gia do reitor Jos\u00e9 Rui Camargo para evitar a CPI, que pipocava desde a semana passada, tendo sido not\u00edcia de capa do Jornal CONTATO. Mas a carta do reitor endere\u00e7ada aos vereadores s\u00f3 chegou na quarta-feira, dia 18.<\/p>\n<p>Cpi da Unitau 4<\/p>\n<p>Professor Jos\u00e9 Rui afirma em sua carta: \u201centendemos que o fortalecimento das rela\u00e7\u00f5es entre as duas institui\u00e7\u00f5es colabora para manter a estabilidade da UNITAU, evitando o sentimento de desconforto na comunidade acad\u00eamica e projetando uma boa imagem da institui\u00e7\u00e3o junto \u00e0 opini\u00e3o p\u00fablica regional, especialmente num momento em que a Universidade se prepara para receber novos alunos\u201d. Argumento fraco e tardio.<\/p>\n<p>Cpi da Unitau 5<\/p>\n<p>A extens\u00e3o da apura\u00e7\u00e3o parlamentar ainda \u00e9 incerta. \u00c9 sabido que a CPI deixou muita gente preocupada. At\u00e9 a ent\u00e3o sumida ex-reitora Maria Lucila Junqueira Barbosa reapareceu. Enviou uma mensagem SMS ao atual reitor Jos\u00e9 Rui Camargo manifestando sua contrariedade. \u201cA CPI precisa investigar a contrata\u00e7\u00e3o de advogado paulistano pela Unitau para acusar meu sobrinho. E ainda perdeu feio!\u201d, conta Tia Anast\u00e1cia.<\/p>\n<p>Cpi da Unitau 6<\/p>\n<p>Douglas Carbonne (PC do B) disse que, para come\u00e7ar os trabalhos, a CPI deve convocar o professor Jos\u00e9 Carlos Floren\u00e7ano, que era pr\u00f3-reitor de Finan\u00e7as da gest\u00e3o da ent\u00e3o reitora Maria Lucila. \u201cProfessor Floren\u00e7ano pediu demiss\u00e3o do Conselho Universit\u00e1rio porque n\u00e3o concordava com a postura dela (ex-reitora)\u201d, justificou o vereador. Pensativa, Tia Anast\u00e1cia comenta: \u201cEsse comunista n\u00e3o pode ficar de fora dessa CPI\u201d.<\/p>\n<p>Merenda Escolar<\/p>\n<p>Na noite de quarta-feira,18, foi servido camar\u00e3o na merenda escolar dos estudantes da Escola Municipal Prof. Jos\u00e9 Ezequiel de Souza. \u201cNingu\u00e9m passou mal?\u201d, pergunta Tia Anast\u00e1cia encafifada.<\/p>\n<p>Transporte Coletivo<\/p>\n<p>Presidente da Comiss\u00e3o Especial de Estudos do Transporte Escolar, Joffre Neto (PSB) voltou a veicular graves den\u00fancias contra a ABC Transportes. Do alto da tribuna, disse que a empresa mudou a vers\u00e3o de quantos passageiros transporta na terra de Lobato. Em abril, tinha dito que eram cerca de 900 mil. Em setembro, afirmou que na realidade s\u00e3o 1,2 milh\u00e3o. Na vis\u00e3o do parlamentar, isso viabilizaria a redu\u00e7\u00e3o da tarifa.<\/p>\n<p>Expans\u00e3o sul<\/p>\n<p>Continua sem explica\u00e7\u00e3o o fato de o Pal\u00e1cio Bom Conselho ter retirado o projeto de lei complementar 29\/2013 que dispunha sobre a amplia\u00e7\u00e3o da \u00e1rea da expans\u00e3o sul em Taubat\u00e9. Audi\u00eancias p\u00fablicas j\u00e1 tinham sido feitas com base nesse projeto. Depois disso, chegou \u00e0 C\u00e2mara Municipal uma nova vers\u00e3o da expans\u00e3o sul que carece de detalhes pormenorizados.<\/p>\n<p>Sa\u00fade<\/p>\n<p>Os vereadores tucanos Bilili e Dig\u00e3o pretendem, na pr\u00f3xima semana, entregar ao governa-dor Geraldo Alckmin (PSDB) um abaixo-assinado com cerca de 20 mil assinaturas de moradores de Taubat\u00e9 e cidades vizinhas. Objetivo: transferir o Pronto Socorro Municipal para dentro do Hospital Universit\u00e1rio.<\/p>\n<p>Perigo<\/p>\n<p>Depois das obras de recapeamento, a Avenida Marrocos virou pista de corrida para os motoristas imprudentes. \u201cSer\u00e1 que a joseense Lola est\u00e1 esperando acontecer uma trag\u00e9dia pra tomar provid\u00eancias?\u201d, pergunta Tia Anast\u00e1cia.<\/p>\n<p><a href=\"http:\/\/jornalcontato.com.br\/home\/wp-content\/uploads\/2013\/09\/6131.jpg\"><img loading=\"lazy\" decoding=\"async\" class=\"aligncenter size-thumbnail wp-image-6968\" title=\"613\" src=\"http:\/\/jornalcontato.com.br\/home\/wp-content\/uploads\/2013\/09\/6131-150x150.jpg\" alt=\"\" width=\"150\" height=\"150\" \/><\/a><\/p>\n<p>&nbsp;<\/p>\n","protected":false},"excerpt":{"rendered":"","protected":false},"author":1,"featured_media":6967,"comment_status":"open","ping_status":"open","sticky":false,"template":"","format":"standard","meta":{"footnotes":""},"categories":[7],"tags":[],"class_list":["post-6966","post","type-post","status-publish","format-standard","has-post-thumbnail","hentry","category-reportagem"],"_links":{"self":[{"href":"https:\/\/www.jornalcontato.com.br\/home\/index.php\/wp-json\/wp\/v2\/posts\/6966","targetHints":{"allow":["GET"]}}],"collection":[{"href":"https:\/\/www.jornalcontato.com.br\/home\/index.php\/wp-json\/wp\/v2\/posts"}],"about":[{"href":"https:\/\/www.jornalcontato.com.br\/home\/index.php\/wp-json\/wp\/v2\/types\/post"}],"author":[{"embeddable":true,"href":"https:\/\/www.jornalcontato.com.br\/home\/index.php\/wp-json\/wp\/v2\/users\/1"}],"replies":[{"embeddable":true,"href":"https:\/\/www.jornalcontato.com.br\/home\/index.php\/wp-json\/wp\/v2\/comments?post=6966"}],"version-history":[{"count":3,"href":"https:\/\/www.jornalcontato.com.br\/home\/index.php\/wp-json\/wp\/v2\/posts\/6966\/revisions"}],"predecessor-version":[{"id":6970,"href":"https:\/\/www.jornalcontato.com.br\/home\/index.php\/wp-json\/wp\/v2\/posts\/6966\/revisions\/6970"}],"wp:featuredmedia":[{"embeddable":true,"href":"https:\/\/www.jornalcontato.com.br\/home\/index.php\/wp-json\/wp\/v2\/media\/6967"}],"wp:attachment":[{"href":"https:\/\/www.jornalcontato.com.br\/home\/index.php\/wp-json\/wp\/v2\/media?parent=6966"}],"wp:term":[{"taxonomy":"category","embeddable":true,"href":"https:\/\/www.jornalcontato.com.br\/home\/index.php\/wp-json\/wp\/v2\/categories?post=6966"},{"taxonomy":"post_tag","embeddable":true,"href":"https:\/\/www.jornalcontato.com.br\/home\/index.php\/wp-json\/wp\/v2\/tags?post=6966"}],"curies":[{"name":"wp","href":"https:\/\/api.w.org\/{rel}","templated":true}]}}