{"id":689,"date":"2012-06-22T16:23:04","date_gmt":"2012-06-22T19:23:04","guid":{"rendered":"http:\/\/jornalcontato.com.br\/home\/?p=689"},"modified":"2012-08-17T16:26:00","modified_gmt":"2012-08-17T19:26:00","slug":"eleicoes-2012","status":"publish","type":"post","link":"https:\/\/www.jornalcontato.com.br\/home\/index.php\/eleicoes-2012\/","title":{"rendered":"Elei\u00e7\u00f5es 2012"},"content":{"rendered":"<p><a href=\"http:\/\/jornalcontato.com.br\/home\/wp-content\/uploads\/2012\/08\/DSC_2504.jpg\"><img loading=\"lazy\" decoding=\"async\" class=\"size-medium wp-image-692 aligncenter\" title=\"DSC_2504\" src=\"http:\/\/jornalcontato.com.br\/home\/wp-content\/uploads\/2012\/08\/DSC_2504-300x200.jpg\" alt=\"\" width=\"300\" height=\"200\" srcset=\"https:\/\/jornalcontato.com.br\/home\/wp-content\/uploads\/2012\/08\/DSC_2504-300x200.jpg 300w, https:\/\/jornalcontato.com.br\/home\/wp-content\/uploads\/2012\/08\/DSC_2504-1024x682.jpg 1024w, https:\/\/jornalcontato.com.br\/home\/wp-content\/uploads\/2012\/08\/DSC_2504.jpg 1600w\" sizes=\"auto, (max-width: 300px) 100vw, 300px\" \/><\/a><\/p>\n<p>O PMDB convocou uma reuni\u00e3o p\u00fablica, realizada na tarde desta sexta-feira, dia 22, para anunciar quem ser\u00e1 o candidato a vice-prefeito na chapa encabe\u00e7ada pelo sindicalista Isaac do Carmo (PT). Foi apresentado o peemedebista Rubens Fernandes, o Rubinho, mais conhecido por atuar no segmento das ind\u00fastrias.<\/p>\n<div><\/div>\n<div>Ary Kara Jos\u00e9, coordenador regional do PMDB, refor\u00e7ou que a alian\u00e7a entre PMDB e PT est\u00e1 presente tamb\u00e9m em Jacare\u00ed, S\u00e3o Jos\u00e9 dos Campos, Trememb\u00e9, Ubatuba e S\u00e3o Sebasti\u00e3o. E que segue orienta\u00e7\u00e3o da coliga\u00e7\u00e3o nacional formada por esses dois partidos. &#8220;O PMDB \u00e9 um partido que divide com o PT a hegemonia pol\u00edtica da na\u00e7\u00e3o&#8221;.<\/div>\n<div><\/div>\n<div>Sobre Isaac do Carmo, Ary Kara declarou que \u00e9 &#8220;um jovem sem rejei\u00e7\u00e3o nenhuma [no eleitorado] e com penetra\u00e7\u00e3o no meio dos trabalhadores&#8221;. E n\u00e3o perdeu a oportunidade para criticar os advers\u00e1rios: &#8220;A diferen\u00e7a [em rela\u00e7\u00e3o aos outros candidatos] \u00e9 que eles s\u00f3 mant\u00e9m pol\u00edticos, muitos deles profissionais, E a nossa coliga\u00e7\u00e3o trouxe duas pessoas da sociedade&#8221;.<\/div>\n<div><\/div>\n<div>O presidente do PMDB de Taubat\u00e9, vereador Ary Kara Filho, disse que a chapa &#8220;n\u00e3o \u00e9 aquela mesmice de sempre em Taubat\u00e9. \u00c9 o novo dos dois lados&#8221;.<\/div>\n<div><\/div>\n<div>Isaac do Carmo, pr\u00e9-candidato petista, afirmou que Taubat\u00e9 &#8220;\u00e9 prioridade para o nosso partido&#8221;.\u00a0\u00a0E que ser desconhecido do eleitorado \u00e9 um &#8220;grande trunfo&#8221; para conquistar votos.<\/div>\n<div><\/div>\n<div>J\u00e1 Rubens Fernandes revelou que se\u00a0filiou ao PMDB a pedido de Paulo Skaf, presidente da FIESP e pr\u00e9-candidato a governador pelo PMDB em 2014. CONTATO perguntou a Rubinho o que ele agregaria para a chapa do PT. E ouviu como resposta que a alian\u00e7a &#8220;representa os trabalhadores unidos com a classe empresarial&#8221;.<\/div>\n<div><\/div>\n<div>O discurso de petistas e peemedebistas est\u00e3o alinhados: ambos n\u00e3o cansam de falar de verbas e programas federais que podem se trazidos para a terra de Lobato se Isaac do Carmo sair vitorioso do pleito. O \u00fanico ponto fora da curva ficou por conta de Edson Alves, que foi o bra\u00e7o direito da ex-reitora da UNITAU Maria Luscila Junqueira Barbosa, respons\u00e1vel por uma gest\u00e3o temer\u00e1ria que quase levou a Universidade \u00e0 fal\u00eancia. Ele disse: &#8220;Eu n\u00e3o tenho d\u00favida que a turma do Lula vai ganhar essa elei\u00e7\u00e3o, para o bem de Taubat\u00e9&#8221;. Ali\u00e1s, est\u00e1 confirmada a presen\u00e7a do ex-presidente Lula na campanha eleitoral do PT na terra de Lobato.<\/div>\n<div><\/div>\n<div style=\"text-align: center;\"><a href=\"http:\/\/jornalcontato.com.br\/home\/wp-content\/uploads\/2012\/08\/DSC_2490.jpg\"><img loading=\"lazy\" decoding=\"async\" class=\"alignnone size-medium wp-image-693\" title=\"DSC_2490\" src=\"http:\/\/jornalcontato.com.br\/home\/wp-content\/uploads\/2012\/08\/DSC_2490-300x200.jpg\" alt=\"\" width=\"300\" height=\"200\" srcset=\"https:\/\/jornalcontato.com.br\/home\/wp-content\/uploads\/2012\/08\/DSC_2490-300x200.jpg 300w, https:\/\/jornalcontato.com.br\/home\/wp-content\/uploads\/2012\/08\/DSC_2490-1024x682.jpg 1024w, https:\/\/jornalcontato.com.br\/home\/wp-content\/uploads\/2012\/08\/DSC_2490.jpg 1600w\" sizes=\"auto, (max-width: 300px) 100vw, 300px\" \/><\/a><\/div>\n<div style=\"text-align: center;\"><\/div>\n<div style=\"text-align: center;\"><a href=\"http:\/\/jornalcontato.com.br\/home\/wp-content\/uploads\/2012\/08\/DSC_2494.jpg\"><img loading=\"lazy\" decoding=\"async\" class=\"alignnone size-medium wp-image-695\" title=\"DSC_2494\" src=\"http:\/\/jornalcontato.com.br\/home\/wp-content\/uploads\/2012\/08\/DSC_2494-300x200.jpg\" alt=\"\" width=\"300\" height=\"200\" srcset=\"https:\/\/jornalcontato.com.br\/home\/wp-content\/uploads\/2012\/08\/DSC_2494-300x200.jpg 300w, https:\/\/jornalcontato.com.br\/home\/wp-content\/uploads\/2012\/08\/DSC_2494-1024x682.jpg 1024w, https:\/\/jornalcontato.com.br\/home\/wp-content\/uploads\/2012\/08\/DSC_2494.jpg 1600w\" sizes=\"auto, (max-width: 300px) 100vw, 300px\" \/><\/a><\/div>\n","protected":false},"excerpt":{"rendered":"<p>O PMDB convocou uma reuni\u00e3o p\u00fablica, realizada na tarde desta sexta-feira, dia 22, para anunciar quem ser\u00e1 o candidato a vice-prefeito na chapa encabe\u00e7ada pelo &#8230;<\/p>\n","protected":false},"author":1,"featured_media":692,"comment_status":"open","ping_status":"open","sticky":false,"template":"","format":"standard","meta":{"footnotes":""},"categories":[7],"tags":[],"class_list":["post-689","post","type-post","status-publish","format-standard","has-post-thumbnail","hentry","category-reportagem"],"_links":{"self":[{"href":"https:\/\/www.jornalcontato.com.br\/home\/index.php\/wp-json\/wp\/v2\/posts\/689","targetHints":{"allow":["GET"]}}],"collection":[{"href":"https:\/\/www.jornalcontato.com.br\/home\/index.php\/wp-json\/wp\/v2\/posts"}],"about":[{"href":"https:\/\/www.jornalcontato.com.br\/home\/index.php\/wp-json\/wp\/v2\/types\/post"}],"author":[{"embeddable":true,"href":"https:\/\/www.jornalcontato.com.br\/home\/index.php\/wp-json\/wp\/v2\/users\/1"}],"replies":[{"embeddable":true,"href":"https:\/\/www.jornalcontato.com.br\/home\/index.php\/wp-json\/wp\/v2\/comments?post=689"}],"version-history":[{"count":1,"href":"https:\/\/www.jornalcontato.com.br\/home\/index.php\/wp-json\/wp\/v2\/posts\/689\/revisions"}],"predecessor-version":[{"id":697,"href":"https:\/\/www.jornalcontato.com.br\/home\/index.php\/wp-json\/wp\/v2\/posts\/689\/revisions\/697"}],"wp:featuredmedia":[{"embeddable":true,"href":"https:\/\/www.jornalcontato.com.br\/home\/index.php\/wp-json\/wp\/v2\/media\/692"}],"wp:attachment":[{"href":"https:\/\/www.jornalcontato.com.br\/home\/index.php\/wp-json\/wp\/v2\/media?parent=689"}],"wp:term":[{"taxonomy":"category","embeddable":true,"href":"https:\/\/www.jornalcontato.com.br\/home\/index.php\/wp-json\/wp\/v2\/categories?post=689"},{"taxonomy":"post_tag","embeddable":true,"href":"https:\/\/www.jornalcontato.com.br\/home\/index.php\/wp-json\/wp\/v2\/tags?post=689"}],"curies":[{"name":"wp","href":"https:\/\/api.w.org\/{rel}","templated":true}]}}