{"id":6870,"date":"2013-09-09T16:47:49","date_gmt":"2013-09-09T19:47:49","guid":{"rendered":"http:\/\/jornalcontato.com.br\/home\/?p=6870"},"modified":"2016-04-06T15:18:22","modified_gmt":"2016-04-06T18:18:22","slug":"ciesp-taubate-lanca-gibi-do-empreendedor-durante-congresso-em-santos","status":"publish","type":"post","link":"https:\/\/www.jornalcontato.com.br\/home\/index.php\/ciesp-taubate-lanca-gibi-do-empreendedor-durante-congresso-em-santos\/","title":{"rendered":"Ciesp Taubat\u00e9 lan\u00e7a gibi do empreendedor durante Congresso em Santos"},"content":{"rendered":"<p>Membros do N\u00facleo de Jovens Empreendedores (NJE) do Centro das Ind\u00fastrias do Estado de S\u00e3o Paulo (CIESP) Regional de Taubat\u00e9 lan\u00e7aram, na sexta-feira, dia 6, o \u201cProjeto do Pequeno Empreendedor\u201d durante o 10\u00b0 Congresso Estadual de Empreendedorismo, realizado no munic\u00edpio de Santos.<\/p>\n<p>O projeto pretende apresentar o empreendedorismo \u00e0s crian\u00e7as que se encontram na faixa et\u00e1ria entre 6 a 10 anos atrav\u00e9s de um gibi educativo. O livreto traz hist\u00f3rias que tratam de temas como atitude empreendedora, cidadania, sustentabilidade e educa\u00e7\u00e3o financeira. O objetivo \u00e9 fazer com que as crian\u00e7as identifiquem tra\u00e7os de seu perfil empreendedor e sejam incentivadas a aprimorar essas atitudes. A revista em quadrinhos fala ainda sobre trabalho coletivo, consumo consciente e valoriza\u00e7\u00e3o do sonho como ponto de partida atingir metas almejadas.<\/p>\n<p>O processo de desenvolvimento do gibi foi feito entre o NJE Taubat\u00e9, a Maia Comunica\u00e7\u00e3o, a Editora Rede Internacional de Comunica\u00e7\u00e3o Apost\u00f3lica, a institui\u00e7\u00e3o Solar Social e a construtora Ladeira Miranda. O projeto conta com apoio da Associa\u00e7\u00e3o Comercial e Industrial de Taubat\u00e9 (ACIT).<\/p>\n<p>\u201cQueremos incentivar o empreendedorismo desde cedo e influenciar positivamente o futuro dessas crian\u00e7as, tanto na vida pessoal quanto na profissional\u201d, disse a empres\u00e1ria, Francine Maia, idealizadora do projeto e coordenadora do NJE Taubat\u00e9.<\/p>\n<div id=\"attachment_6871\" style=\"width: 709px\" class=\"wp-caption aligncenter\"><a href=\"http:\/\/jornalcontato.com.br\/home\/wp-content\/uploads\/2013\/09\/capa.jpg\"><img loading=\"lazy\" decoding=\"async\" aria-describedby=\"caption-attachment-6871\" class=\" wp-image-6871\" title=\"cartilha pilares.indd\" src=\"http:\/\/jornalcontato.com.br\/home\/wp-content\/uploads\/2013\/09\/capa.jpg\" alt=\"\" width=\"709\" height=\"967\" srcset=\"https:\/\/jornalcontato.com.br\/home\/wp-content\/uploads\/2013\/09\/capa.jpg 1181w, https:\/\/jornalcontato.com.br\/home\/wp-content\/uploads\/2013\/09\/capa-219x300.jpg 219w, https:\/\/jornalcontato.com.br\/home\/wp-content\/uploads\/2013\/09\/capa-750x1024.jpg 750w\" sizes=\"auto, (max-width: 709px) 100vw, 709px\" \/><\/a><p id=\"caption-attachment-6871\" class=\"wp-caption-text\">Capa do gibi elaborado pelo NJE do CIESP Taubat\u00e9<\/p><\/div>\n","protected":false},"excerpt":{"rendered":"<p>Membros do N\u00facleo de Jovens Empreendedores (NJE) do Centro das Ind\u00fastrias do Estado de S\u00e3o Paulo (CIESP) Regional de Taubat\u00e9 lan\u00e7aram, na sexta-feira, dia 6, &#8230;<\/p>\n","protected":false},"author":1,"featured_media":6872,"comment_status":"open","ping_status":"open","sticky":false,"template":"","format":"standard","meta":{"footnotes":""},"categories":[29,7],"tags":[],"class_list":["post-6870","post","type-post","status-publish","format-standard","has-post-thumbnail","hentry","category-regional","category-reportagem"],"_links":{"self":[{"href":"https:\/\/www.jornalcontato.com.br\/home\/index.php\/wp-json\/wp\/v2\/posts\/6870","targetHints":{"allow":["GET"]}}],"collection":[{"href":"https:\/\/www.jornalcontato.com.br\/home\/index.php\/wp-json\/wp\/v2\/posts"}],"about":[{"href":"https:\/\/www.jornalcontato.com.br\/home\/index.php\/wp-json\/wp\/v2\/types\/post"}],"author":[{"embeddable":true,"href":"https:\/\/www.jornalcontato.com.br\/home\/index.php\/wp-json\/wp\/v2\/users\/1"}],"replies":[{"embeddable":true,"href":"https:\/\/www.jornalcontato.com.br\/home\/index.php\/wp-json\/wp\/v2\/comments?post=6870"}],"version-history":[{"count":4,"href":"https:\/\/www.jornalcontato.com.br\/home\/index.php\/wp-json\/wp\/v2\/posts\/6870\/revisions"}],"predecessor-version":[{"id":11081,"href":"https:\/\/www.jornalcontato.com.br\/home\/index.php\/wp-json\/wp\/v2\/posts\/6870\/revisions\/11081"}],"wp:featuredmedia":[{"embeddable":true,"href":"https:\/\/www.jornalcontato.com.br\/home\/index.php\/wp-json\/wp\/v2\/media\/6872"}],"wp:attachment":[{"href":"https:\/\/www.jornalcontato.com.br\/home\/index.php\/wp-json\/wp\/v2\/media?parent=6870"}],"wp:term":[{"taxonomy":"category","embeddable":true,"href":"https:\/\/www.jornalcontato.com.br\/home\/index.php\/wp-json\/wp\/v2\/categories?post=6870"},{"taxonomy":"post_tag","embeddable":true,"href":"https:\/\/www.jornalcontato.com.br\/home\/index.php\/wp-json\/wp\/v2\/tags?post=6870"}],"curies":[{"name":"wp","href":"https:\/\/api.w.org\/{rel}","templated":true}]}}