{"id":6797,"date":"2013-08-27T16:55:52","date_gmt":"2013-08-27T19:55:52","guid":{"rendered":"http:\/\/jornalcontato.com.br\/home\/?p=6797"},"modified":"2013-09-10T16:10:45","modified_gmt":"2013-09-10T19:10:45","slug":"policia-civil-prepara-nova-operacao-blecaute-para-a-proxima-quinta-feira-dia-29","status":"publish","type":"post","link":"https:\/\/www.jornalcontato.com.br\/home\/index.php\/policia-civil-prepara-nova-operacao-blecaute-para-a-proxima-quinta-feira-dia-29\/","title":{"rendered":"Pol\u00edcia Civil prepara nova Opera\u00e7\u00e3o Blecaute para a pr\u00f3xima quinta-feira, dia 29"},"content":{"rendered":"<p><!--more-->Trinta dias ap\u00f3s a primeira paralisa\u00e7\u00e3o, a Pol\u00edcia Civil de S\u00e3o Paulo prepara mais uma manifesta\u00e7\u00e3o, chamada Opera\u00e7\u00e3o Blecaute, que consiste na suspens\u00e3o tempor\u00e1ria das atividades. A paralisa\u00e7\u00e3o est\u00e1 programada para a pr\u00f3xima quinta-feira, dia 29, das 10h \u00e0s 16h. Se confirmada, ser\u00e1 a quinta Opera\u00e7\u00e3o Blecaute na Pol\u00edcia Civil. Os atos anteriores realizados nos dias 29 de julho, 8 de agosto, 13 de agosto e 22 de agosto.<\/p>\n<p>Segundo a Associa\u00e7\u00e3o dos Delegados de Pol\u00edcia do Estado de S\u00e3o Paulo e o Sindicato dos Delegados de Pol\u00edcia do Estado de S\u00e3o Paulo, as paralisa\u00e7\u00f5es tempor\u00e1rias visam alertar a popula\u00e7\u00e3o sobre o sucateamento da pol\u00edcia. \u201cA falta de investimento resulta diretamente nos baixos \u00edndices de esclarecimentos, investiga\u00e7\u00f5es improdutivas e nas altas taxas de impunidade, alimentando a progress\u00e3o criminosa\u201d, dizem os dirigentes sindicais.<\/p>\n<p>Os l\u00edderes do movimento dizem que hoje o d\u00e9ficit \u00e9 de 8 mil policiais e que a cada dez dias um Delgado de Pol\u00edcia deixa suas fun\u00e7\u00f5es, migrando para outro estado ou outra carreira jur\u00eddica em busca de melhores condi\u00e7\u00f5es de trabalho. S\u00e3o Paulo, o Estado mais rico da Federa\u00e7\u00e3o, ocupa a 26\u00aa posi\u00e7\u00e3o no ranking salarial entre os 27 entes federados.<\/p>\n<p>S\u00e3o reivindica\u00e7\u00f5es antigas da categoria. A foto que ilustra esta not\u00edcia foi registrada em 16 de outubro de 2008, quando policiais civis de Taubat\u00e9 estavam prestar a embarcar num \u00f4nibus para participar de protestos em S\u00e3o Paulo.<\/p>\n","protected":false},"excerpt":{"rendered":"","protected":false},"author":1,"featured_media":6798,"comment_status":"open","ping_status":"open","sticky":false,"template":"","format":"standard","meta":{"footnotes":""},"categories":[7],"tags":[],"class_list":["post-6797","post","type-post","status-publish","format-standard","has-post-thumbnail","hentry","category-reportagem"],"_links":{"self":[{"href":"https:\/\/www.jornalcontato.com.br\/home\/index.php\/wp-json\/wp\/v2\/posts\/6797","targetHints":{"allow":["GET"]}}],"collection":[{"href":"https:\/\/www.jornalcontato.com.br\/home\/index.php\/wp-json\/wp\/v2\/posts"}],"about":[{"href":"https:\/\/www.jornalcontato.com.br\/home\/index.php\/wp-json\/wp\/v2\/types\/post"}],"author":[{"embeddable":true,"href":"https:\/\/www.jornalcontato.com.br\/home\/index.php\/wp-json\/wp\/v2\/users\/1"}],"replies":[{"embeddable":true,"href":"https:\/\/www.jornalcontato.com.br\/home\/index.php\/wp-json\/wp\/v2\/comments?post=6797"}],"version-history":[{"count":3,"href":"https:\/\/www.jornalcontato.com.br\/home\/index.php\/wp-json\/wp\/v2\/posts\/6797\/revisions"}],"predecessor-version":[{"id":6800,"href":"https:\/\/www.jornalcontato.com.br\/home\/index.php\/wp-json\/wp\/v2\/posts\/6797\/revisions\/6800"}],"wp:featuredmedia":[{"embeddable":true,"href":"https:\/\/www.jornalcontato.com.br\/home\/index.php\/wp-json\/wp\/v2\/media\/6798"}],"wp:attachment":[{"href":"https:\/\/www.jornalcontato.com.br\/home\/index.php\/wp-json\/wp\/v2\/media?parent=6797"}],"wp:term":[{"taxonomy":"category","embeddable":true,"href":"https:\/\/www.jornalcontato.com.br\/home\/index.php\/wp-json\/wp\/v2\/categories?post=6797"},{"taxonomy":"post_tag","embeddable":true,"href":"https:\/\/www.jornalcontato.com.br\/home\/index.php\/wp-json\/wp\/v2\/tags?post=6797"}],"curies":[{"name":"wp","href":"https:\/\/api.w.org\/{rel}","templated":true}]}}