{"id":6792,"date":"2013-08-26T17:23:40","date_gmt":"2013-08-26T20:23:40","guid":{"rendered":"http:\/\/jornalcontato.com.br\/home\/?p=6792"},"modified":"2013-08-26T17:23:54","modified_gmt":"2013-08-26T20:23:54","slug":"inscricoes-para-o-programa-projovem-urbano-acabam-dia-309","status":"publish","type":"post","link":"https:\/\/www.jornalcontato.com.br\/home\/index.php\/inscricoes-para-o-programa-projovem-urbano-acabam-dia-309\/","title":{"rendered":"Inscri\u00e7\u00f5es para o Programa Projovem Urbano acabam dia 30\/9"},"content":{"rendered":"<p>Foto divulga\u00e7\u00e3o<\/p>\n<p>Segue at\u00e9 o dia 30 de setembro para os interessados realizarem inscri\u00e7\u00e3o no Programa Nacional de Inclus\u00e3o de Jovens, mais conhecido como &#8220;ProJovem Urbano&#8221;, realizado pelo Minist\u00e9rio da Educa\u00e7\u00e3o e desenvolvido pela Secretaria de Educa\u00e7\u00e3o da Prefeitura de Taubat\u00e9.<\/p>\n<p>O programa oferece para jovens j\u00e1 alfabetizados, de 18 a 29 anos, a oportunidade de concluir os estudos a partir do Ensino Fundamental. O Projovem permite que, al\u00e9m de terminar os estudos e receber quali\ufb01ca\u00e7\u00e3o pro\ufb01ssional em Administra\u00e7\u00e3o, o jovem receba bolsa auxilio de R$ 100 mensais, em um prazo de 18 meses.<\/p>\n<p>Ao integrar Ensino Fundamental, quali\ufb01ca\u00e7\u00e3o pro\ufb01ssional e participa\u00e7\u00e3o cidad\u00e3, o programa oferece oportunidades para que os jovens possam ter uma nova possibilidade de coloca\u00e7\u00e3o social e pro\ufb01ssional. Os interessados devem comparecer \u00e0 secretaria da EMEF Dr. Quirino, munidos de RG (original e c\u00f3pia), CPF, hist\u00f3rico escolar (quem n\u00e3o possui pode fazer um teste de reda\u00e7\u00e3o, para atestar o n\u00edvel de alfabetiza\u00e7\u00e3o) e comprovante de resid\u00eancia. A escola fica localizada \u00e0 Rua Renato Braga, 1290 \u2013 Estiva.<\/p>\n","protected":false},"excerpt":{"rendered":"<p>Foto divulga\u00e7\u00e3o Segue at\u00e9 o dia 30 de setembro para os interessados realizarem inscri\u00e7\u00e3o no Programa Nacional de Inclus\u00e3o de Jovens, mais conhecido como &#8220;ProJovem &#8230;<\/p>\n","protected":false},"author":1,"featured_media":6793,"comment_status":"open","ping_status":"open","sticky":false,"template":"","format":"standard","meta":{"footnotes":""},"categories":[7],"tags":[],"class_list":["post-6792","post","type-post","status-publish","format-standard","has-post-thumbnail","hentry","category-reportagem"],"_links":{"self":[{"href":"https:\/\/www.jornalcontato.com.br\/home\/index.php\/wp-json\/wp\/v2\/posts\/6792","targetHints":{"allow":["GET"]}}],"collection":[{"href":"https:\/\/www.jornalcontato.com.br\/home\/index.php\/wp-json\/wp\/v2\/posts"}],"about":[{"href":"https:\/\/www.jornalcontato.com.br\/home\/index.php\/wp-json\/wp\/v2\/types\/post"}],"author":[{"embeddable":true,"href":"https:\/\/www.jornalcontato.com.br\/home\/index.php\/wp-json\/wp\/v2\/users\/1"}],"replies":[{"embeddable":true,"href":"https:\/\/www.jornalcontato.com.br\/home\/index.php\/wp-json\/wp\/v2\/comments?post=6792"}],"version-history":[{"count":2,"href":"https:\/\/www.jornalcontato.com.br\/home\/index.php\/wp-json\/wp\/v2\/posts\/6792\/revisions"}],"predecessor-version":[{"id":6795,"href":"https:\/\/www.jornalcontato.com.br\/home\/index.php\/wp-json\/wp\/v2\/posts\/6792\/revisions\/6795"}],"wp:featuredmedia":[{"embeddable":true,"href":"https:\/\/www.jornalcontato.com.br\/home\/index.php\/wp-json\/wp\/v2\/media\/6793"}],"wp:attachment":[{"href":"https:\/\/www.jornalcontato.com.br\/home\/index.php\/wp-json\/wp\/v2\/media?parent=6792"}],"wp:term":[{"taxonomy":"category","embeddable":true,"href":"https:\/\/www.jornalcontato.com.br\/home\/index.php\/wp-json\/wp\/v2\/categories?post=6792"},{"taxonomy":"post_tag","embeddable":true,"href":"https:\/\/www.jornalcontato.com.br\/home\/index.php\/wp-json\/wp\/v2\/tags?post=6792"}],"curies":[{"name":"wp","href":"https:\/\/api.w.org\/{rel}","templated":true}]}}