{"id":6786,"date":"2013-08-26T17:16:38","date_gmt":"2013-08-26T20:16:38","guid":{"rendered":"http:\/\/jornalcontato.com.br\/home\/?p=6786"},"modified":"2016-04-06T15:18:48","modified_gmt":"2016-04-06T18:18:48","slug":"a-forca-da-industria-estudo-mostra-atividade-industrial-no-brasil","status":"publish","type":"post","link":"https:\/\/www.jornalcontato.com.br\/home\/index.php\/a-forca-da-industria-estudo-mostra-atividade-industrial-no-brasil\/","title":{"rendered":"A for\u00e7a da ind\u00fastria: estudo mostra atividade industrial no Brasil"},"content":{"rendered":"<p style=\"text-align: left;\" align=\"center\">O Departamento de Pesquisas e Estudos Econ\u00f4micos da FIESP\/CIESP compilou dados sobre a ind\u00fastria brasileira com vistas a elaborar o \u201cPanorama da Ind\u00fastria de Transforma\u00e7\u00e3o Brasileira\u201d. O estudo mostra, por exemplo, a participa\u00e7\u00e3o da ind\u00fastria no Produto Interno Bruto (PIB) e na gera\u00e7\u00e3o de empregos formais do pa\u00eds.<\/p>\n<p style=\"text-align: left;\">Para construir o documento, o Depecon utilizou dados do Instituto Brasileiro de Geografia Estat\u00edstica (IBGE), do Minist\u00e9rio do Trabalho e Emprego, al\u00e9m de informa\u00e7\u00f5es da pr\u00f3pria Fiesp\/Ciesp, a partir de dados compilados em 39 diretorias regionais do Centro das Ind\u00fastrias do Estado de S\u00e3o Paulo \u2013 Ciesp, dentre elas a Regional Taubat\u00e9. Clique <a href=\"http:\/\/www.fiesp.com.br\/?post_type=indices&amp;p=92140&amp;preview=true\">AQUI<\/a> para ler o estudo.<\/p>\n","protected":false},"excerpt":{"rendered":"<p>O Departamento de Pesquisas e Estudos Econ\u00f4micos da FIESP\/CIESP compilou dados sobre a ind\u00fastria brasileira com vistas a elaborar o \u201cPanorama da Ind\u00fastria de Transforma\u00e7\u00e3o &#8230;<\/p>\n","protected":false},"author":1,"featured_media":6788,"comment_status":"open","ping_status":"open","sticky":false,"template":"","format":"standard","meta":{"footnotes":""},"categories":[1,7],"tags":[],"class_list":["post-6786","post","type-post","status-publish","format-standard","has-post-thumbnail","hentry","category-nacional","category-reportagem"],"_links":{"self":[{"href":"https:\/\/www.jornalcontato.com.br\/home\/index.php\/wp-json\/wp\/v2\/posts\/6786","targetHints":{"allow":["GET"]}}],"collection":[{"href":"https:\/\/www.jornalcontato.com.br\/home\/index.php\/wp-json\/wp\/v2\/posts"}],"about":[{"href":"https:\/\/www.jornalcontato.com.br\/home\/index.php\/wp-json\/wp\/v2\/types\/post"}],"author":[{"embeddable":true,"href":"https:\/\/www.jornalcontato.com.br\/home\/index.php\/wp-json\/wp\/v2\/users\/1"}],"replies":[{"embeddable":true,"href":"https:\/\/www.jornalcontato.com.br\/home\/index.php\/wp-json\/wp\/v2\/comments?post=6786"}],"version-history":[{"count":5,"href":"https:\/\/www.jornalcontato.com.br\/home\/index.php\/wp-json\/wp\/v2\/posts\/6786\/revisions"}],"predecessor-version":[{"id":11084,"href":"https:\/\/www.jornalcontato.com.br\/home\/index.php\/wp-json\/wp\/v2\/posts\/6786\/revisions\/11084"}],"wp:featuredmedia":[{"embeddable":true,"href":"https:\/\/www.jornalcontato.com.br\/home\/index.php\/wp-json\/wp\/v2\/media\/6788"}],"wp:attachment":[{"href":"https:\/\/www.jornalcontato.com.br\/home\/index.php\/wp-json\/wp\/v2\/media?parent=6786"}],"wp:term":[{"taxonomy":"category","embeddable":true,"href":"https:\/\/www.jornalcontato.com.br\/home\/index.php\/wp-json\/wp\/v2\/categories?post=6786"},{"taxonomy":"post_tag","embeddable":true,"href":"https:\/\/www.jornalcontato.com.br\/home\/index.php\/wp-json\/wp\/v2\/tags?post=6786"}],"curies":[{"name":"wp","href":"https:\/\/api.w.org\/{rel}","templated":true}]}}